{"id":934,"date":"2019-04-09T11:27:13","date_gmt":"2019-04-09T09:27:13","guid":{"rendered":"https:\/\/orvepard.org\/veinspardinyes\/?p=934"},"modified":"2019-04-09T11:29:54","modified_gmt":"2019-04-09T09:29:54","slug":"convocatoria-assemblea-general-ordinaria-dorvepard","status":"publish","type":"post","link":"https:\/\/orvepard.org\/veinspardinyes\/convocatoria-assemblea-general-ordinaria-dorvepard\/","title":{"rendered":"Convocat\u00f2ria Assemblea General Ordin\u00e0ria d&#8217;ORVEPARD"},"content":{"rendered":"\n<p>L&#8217;Organitzaci\u00f3 de Ve\u00efns i Ve\u00efnes de la Barriada de Pardinyes (ORVEPARD) convoca a tots els seus s\u00f2cis\/es per a la celebraci\u00f3 de la propera Assemblea General Ordinaria, que tindr\u00e0 lloc el proper 27 d&#8217;ABRIL DE 2019 al CENTRE CIVIC situal a LLEIDA, carrer SANT PERE CLAVER, n\u00fam. 1, a les 16:30 hores en primera convocat\u00f2ria i a les 17:00 hores en segona convocat\u00f2ria, amb el seg\u00fcent ordre del dia.<\/p>\n\n\n\n<ol class=\"wp-block-list\"><li>Lectura i aprovaci\u00f3, si procedeix, de l&#8217;acta anterior.<\/li><li>Mem\u00f2ria d&#8217;activitats i estat de comptes del per\u00edode 2018.<\/li><li>Pla d&#8217;actuacions i pressupost per per\u00edode 2019.<\/li><li>Renovaci\u00f3 de membres de la Junta Directiva de conformitat amb l&#8217;article 15 de l&#8217;Estatut.<\/li><li>Precs i preguntes<\/li><\/ol>\n\n\n\n<p><\/p>\n","protected":false},"excerpt":{"rendered":"<p>L&#8217;Organitzaci\u00f3 de Ve\u00efns i Ve\u00efnes de la Barriada de Pardinyes (ORVEPARD) convoca a tots els seus s\u00f2cis\/es per a la celebraci\u00f3 de la propera Assemblea General Ordinaria, que tindr\u00e0 lloc el proper 27 d&#8217;ABRIL DE 2019 al CENTRE CIVIC situal a LLEIDA, carrer SANT PERE CLAVER, n\u00fam. 1, a les 16:30 hores en primera convocat\u00f2ria [&hellip;]<\/p>\n","protected":false},"author":1,"featured_media":0,"comment_status":"open","ping_status":"open","sticky":false,"template":"","format":"standard","meta":{"jetpack_post_was_ever_published":false,"_jetpack_newsletter_access":"","_jetpack_dont_email_post_to_subs":false,"_jetpack_newsletter_tier_id":0,"_jetpack_memberships_contains_paywalled_content":false,"_jetpack_memberships_contains_paid_content":false,"footnotes":"","jetpack_publicize_message":"","jetpack_publicize_feature_enabled":true,"jetpack_social_post_already_shared":true,"jetpack_social_options":{"image_generator_settings":{"template":"highway","default_image_id":0,"font":"","enabled":false},"version":2}},"categories":[1],"tags":[],"class_list":["post-934","post","type-post","status-publish","format-standard","hentry","category-general"],"yoast_head":"<!-- This site is optimized with the Yoast SEO plugin v27.3 - https:\/\/yoast.com\/product\/yoast-seo-wordpress\/ -->\n<title>Convocat\u00f2ria Assemblea General Ordin\u00e0ria d&#039;ORVEPARD - Orvepard<\/title>\n<meta name=\"robots\" content=\"index, follow, max-snippet:-1, max-image-preview:large, max-video-preview:-1\" \/>\n<link rel=\"canonical\" href=\"https:\/\/orvepard.org\/veinspardinyes\/convocatoria-assemblea-general-ordinaria-dorvepard\/\" \/>\n<meta property=\"og:locale\" content=\"ca_ES\" \/>\n<meta property=\"og:type\" content=\"article\" \/>\n<meta property=\"og:title\" content=\"Convocat\u00f2ria Assemblea General Ordin\u00e0ria d&#039;ORVEPARD - Orvepard\" \/>\n<meta property=\"og:description\" content=\"L&#8217;Organitzaci\u00f3 de Ve\u00efns i Ve\u00efnes de la Barriada de Pardinyes (ORVEPARD) convoca a tots els seus s\u00f2cis\/es per a la celebraci\u00f3 de la propera Assemblea General Ordinaria, que tindr\u00e0 lloc el proper 27 d&#8217;ABRIL DE 2019 al CENTRE CIVIC situal a LLEIDA, carrer SANT PERE CLAVER, n\u00fam. 1, a les 16:30 hores en primera convocat\u00f2ria [&hellip;]\" \/>\n<meta property=\"og:url\" content=\"https:\/\/orvepard.org\/veinspardinyes\/convocatoria-assemblea-general-ordinaria-dorvepard\/\" \/>\n<meta property=\"og:site_name\" content=\"Orvepard\" \/>\n<meta property=\"article:publisher\" content=\"https:\/\/es-es.facebook.com\/groups\/orvepard\/\" \/>\n<meta property=\"article:published_time\" content=\"2019-04-09T09:27:13+00:00\" \/>\n<meta property=\"article:modified_time\" content=\"2019-04-09T09:29:54+00:00\" \/>\n<meta property=\"og:image\" content=\"https:\/\/i0.wp.com\/orvepard.org\/veinspardinyes\/wp-content\/uploads\/2017\/12\/cropped-cropped-logweborvepardnadal-1.png?fit=621%2C137&ssl=1\" \/>\n\t<meta property=\"og:image:width\" content=\"621\" \/>\n\t<meta property=\"og:image:height\" content=\"137\" \/>\n\t<meta property=\"og:image:type\" content=\"image\/png\" \/>\n<meta name=\"author\" content=\"administrador\" \/>\n<meta name=\"twitter:card\" content=\"summary_large_image\" \/>\n<meta name=\"twitter:creator\" content=\"@veinspardinyes\" \/>\n<meta name=\"twitter:site\" content=\"@veinspardinyes\" \/>\n<meta name=\"twitter:label1\" content=\"Escrit per\" \/>\n\t<meta name=\"twitter:data1\" content=\"administrador\" \/>\n\t<meta name=\"twitter:label2\" content=\"Temps estimat de lectura\" \/>\n\t<meta name=\"twitter:data2\" content=\"1 minut\" \/>\n<script type=\"application\/ld+json\" class=\"yoast-schema-graph\">{\"@context\":\"https:\\\/\\\/schema.org\",\"@graph\":[{\"@type\":\"Article\",\"@id\":\"https:\\\/\\\/orvepard.org\\\/veinspardinyes\\\/convocatoria-assemblea-general-ordinaria-dorvepard\\\/#article\",\"isPartOf\":{\"@id\":\"https:\\\/\\\/orvepard.org\\\/veinspardinyes\\\/convocatoria-assemblea-general-ordinaria-dorvepard\\\/\"},\"author\":{\"name\":\"administrador\",\"@id\":\"https:\\\/\\\/orvepard.org\\\/veinspardinyes\\\/#\\\/schema\\\/person\\\/3618644b46fc6e65b607a0eec1291369\"},\"headline\":\"Convocat\u00f2ria Assemblea General Ordin\u00e0ria d&#8217;ORVEPARD\",\"datePublished\":\"2019-04-09T09:27:13+00:00\",\"dateModified\":\"2019-04-09T09:29:54+00:00\",\"mainEntityOfPage\":{\"@id\":\"https:\\\/\\\/orvepard.org\\\/veinspardinyes\\\/convocatoria-assemblea-general-ordinaria-dorvepard\\\/\"},\"wordCount\":128,\"commentCount\":0,\"publisher\":{\"@id\":\"https:\\\/\\\/orvepard.org\\\/veinspardinyes\\\/#organization\"},\"articleSection\":[\"General\"],\"inLanguage\":\"ca\",\"potentialAction\":[{\"@type\":\"CommentAction\",\"name\":\"Comment\",\"target\":[\"https:\\\/\\\/orvepard.org\\\/veinspardinyes\\\/convocatoria-assemblea-general-ordinaria-dorvepard\\\/#respond\"]}]},{\"@type\":\"WebPage\",\"@id\":\"https:\\\/\\\/orvepard.org\\\/veinspardinyes\\\/convocatoria-assemblea-general-ordinaria-dorvepard\\\/\",\"url\":\"https:\\\/\\\/orvepard.org\\\/veinspardinyes\\\/convocatoria-assemblea-general-ordinaria-dorvepard\\\/\",\"name\":\"Convocat\u00f2ria Assemblea General Ordin\u00e0ria d'ORVEPARD - Orvepard\",\"isPartOf\":{\"@id\":\"https:\\\/\\\/orvepard.org\\\/veinspardinyes\\\/#website\"},\"datePublished\":\"2019-04-09T09:27:13+00:00\",\"dateModified\":\"2019-04-09T09:29:54+00:00\",\"breadcrumb\":{\"@id\":\"https:\\\/\\\/orvepard.org\\\/veinspardinyes\\\/convocatoria-assemblea-general-ordinaria-dorvepard\\\/#breadcrumb\"},\"inLanguage\":\"ca\",\"potentialAction\":[{\"@type\":\"ReadAction\",\"target\":[\"https:\\\/\\\/orvepard.org\\\/veinspardinyes\\\/convocatoria-assemblea-general-ordinaria-dorvepard\\\/\"]}]},{\"@type\":\"BreadcrumbList\",\"@id\":\"https:\\\/\\\/orvepard.org\\\/veinspardinyes\\\/convocatoria-assemblea-general-ordinaria-dorvepard\\\/#breadcrumb\",\"itemListElement\":[{\"@type\":\"ListItem\",\"position\":1,\"name\":\"Inici\",\"item\":\"https:\\\/\\\/orvepard.org\\\/veinspardinyes\\\/\"},{\"@type\":\"ListItem\",\"position\":2,\"name\":\"Convocat\u00f2ria Assemblea General Ordin\u00e0ria d&#8217;ORVEPARD\"}]},{\"@type\":\"WebSite\",\"@id\":\"https:\\\/\\\/orvepard.org\\\/veinspardinyes\\\/#website\",\"url\":\"https:\\\/\\\/orvepard.org\\\/veinspardinyes\\\/\",\"name\":\"Orvepard\",\"description\":\"Organitzaci\u00f3 de Ve\u00efns de Pardinyes\",\"publisher\":{\"@id\":\"https:\\\/\\\/orvepard.org\\\/veinspardinyes\\\/#organization\"},\"potentialAction\":[{\"@type\":\"SearchAction\",\"target\":{\"@type\":\"EntryPoint\",\"urlTemplate\":\"https:\\\/\\\/orvepard.org\\\/veinspardinyes\\\/?s={search_term_string}\"},\"query-input\":{\"@type\":\"PropertyValueSpecification\",\"valueRequired\":true,\"valueName\":\"search_term_string\"}}],\"inLanguage\":\"ca\"},{\"@type\":\"Organization\",\"@id\":\"https:\\\/\\\/orvepard.org\\\/veinspardinyes\\\/#organization\",\"name\":\"Orvepard, Organitzaci\u00f3 de Ve\u00efns de Pardinyes\",\"url\":\"https:\\\/\\\/orvepard.org\\\/veinspardinyes\\\/\",\"logo\":{\"@type\":\"ImageObject\",\"inLanguage\":\"ca\",\"@id\":\"https:\\\/\\\/orvepard.org\\\/veinspardinyes\\\/#\\\/schema\\\/logo\\\/image\\\/\",\"url\":\"https:\\\/\\\/i0.wp.com\\\/orvepard.org\\\/veinspardinyes\\\/wp-content\\\/uploads\\\/2017\\\/12\\\/cropped-cropped-cropped-logweborvepardnadal-e1513180524112.png?fit=150%2C113&ssl=1\",\"contentUrl\":\"https:\\\/\\\/i0.wp.com\\\/orvepard.org\\\/veinspardinyes\\\/wp-content\\\/uploads\\\/2017\\\/12\\\/cropped-cropped-cropped-logweborvepardnadal-e1513180524112.png?fit=150%2C113&ssl=1\",\"width\":150,\"height\":113,\"caption\":\"Orvepard, Organitzaci\u00f3 de Ve\u00efns de Pardinyes\"},\"image\":{\"@id\":\"https:\\\/\\\/orvepard.org\\\/veinspardinyes\\\/#\\\/schema\\\/logo\\\/image\\\/\"},\"sameAs\":[\"https:\\\/\\\/es-es.facebook.com\\\/groups\\\/orvepard\\\/\",\"https:\\\/\\\/x.com\\\/veinspardinyes\",\"https:\\\/\\\/www.instagram.com\\\/veinspardinyes\\\/\",\"https:\\\/\\\/app.ebando.es\\\/channel\\\/pardinyes\"]},{\"@type\":\"Person\",\"@id\":\"https:\\\/\\\/orvepard.org\\\/veinspardinyes\\\/#\\\/schema\\\/person\\\/3618644b46fc6e65b607a0eec1291369\",\"name\":\"administrador\",\"image\":{\"@type\":\"ImageObject\",\"inLanguage\":\"ca\",\"@id\":\"https:\\\/\\\/secure.gravatar.com\\\/avatar\\\/2fd7197822e0866420a0db7f19d28db516e5e67d14036b3ae96fe8b14685bd8f?s=96&d=mm&r=g\",\"url\":\"https:\\\/\\\/secure.gravatar.com\\\/avatar\\\/2fd7197822e0866420a0db7f19d28db516e5e67d14036b3ae96fe8b14685bd8f?s=96&d=mm&r=g\",\"contentUrl\":\"https:\\\/\\\/secure.gravatar.com\\\/avatar\\\/2fd7197822e0866420a0db7f19d28db516e5e67d14036b3ae96fe8b14685bd8f?s=96&d=mm&r=g\",\"caption\":\"administrador\"},\"url\":\"https:\\\/\\\/orvepard.org\\\/veinspardinyes\\\/author\\\/administrador\\\/\"}]}<\/script>\n<!-- \/ Yoast SEO plugin. -->","yoast_head_json":{"title":"Convocat\u00f2ria Assemblea General Ordin\u00e0ria d'ORVEPARD - Orvepard","robots":{"index":"index","follow":"follow","max-snippet":"max-snippet:-1","max-image-preview":"max-image-preview:large","max-video-preview":"max-video-preview:-1"},"canonical":"https:\/\/orvepard.org\/veinspardinyes\/convocatoria-assemblea-general-ordinaria-dorvepard\/","og_locale":"ca_ES","og_type":"article","og_title":"Convocat\u00f2ria Assemblea General Ordin\u00e0ria d'ORVEPARD - Orvepard","og_description":"L&#8217;Organitzaci\u00f3 de Ve\u00efns i Ve\u00efnes de la Barriada de Pardinyes (ORVEPARD) convoca a tots els seus s\u00f2cis\/es per a la celebraci\u00f3 de la propera Assemblea General Ordinaria, que tindr\u00e0 lloc el proper 27 d&#8217;ABRIL DE 2019 al CENTRE CIVIC situal a LLEIDA, carrer SANT PERE CLAVER, n\u00fam. 1, a les 16:30 hores en primera convocat\u00f2ria [&hellip;]","og_url":"https:\/\/orvepard.org\/veinspardinyes\/convocatoria-assemblea-general-ordinaria-dorvepard\/","og_site_name":"Orvepard","article_publisher":"https:\/\/es-es.facebook.com\/groups\/orvepard\/","article_published_time":"2019-04-09T09:27:13+00:00","article_modified_time":"2019-04-09T09:29:54+00:00","og_image":[{"width":621,"height":137,"url":"https:\/\/i0.wp.com\/orvepard.org\/veinspardinyes\/wp-content\/uploads\/2017\/12\/cropped-cropped-logweborvepardnadal-1.png?fit=621%2C137&ssl=1","type":"image\/png"}],"author":"administrador","twitter_card":"summary_large_image","twitter_creator":"@veinspardinyes","twitter_site":"@veinspardinyes","twitter_misc":{"Escrit per":"administrador","Temps estimat de lectura":"1 minut"},"schema":{"@context":"https:\/\/schema.org","@graph":[{"@type":"Article","@id":"https:\/\/orvepard.org\/veinspardinyes\/convocatoria-assemblea-general-ordinaria-dorvepard\/#article","isPartOf":{"@id":"https:\/\/orvepard.org\/veinspardinyes\/convocatoria-assemblea-general-ordinaria-dorvepard\/"},"author":{"name":"administrador","@id":"https:\/\/orvepard.org\/veinspardinyes\/#\/schema\/person\/3618644b46fc6e65b607a0eec1291369"},"headline":"Convocat\u00f2ria Assemblea General Ordin\u00e0ria d&#8217;ORVEPARD","datePublished":"2019-04-09T09:27:13+00:00","dateModified":"2019-04-09T09:29:54+00:00","mainEntityOfPage":{"@id":"https:\/\/orvepard.org\/veinspardinyes\/convocatoria-assemblea-general-ordinaria-dorvepard\/"},"wordCount":128,"commentCount":0,"publisher":{"@id":"https:\/\/orvepard.org\/veinspardinyes\/#organization"},"articleSection":["General"],"inLanguage":"ca","potentialAction":[{"@type":"CommentAction","name":"Comment","target":["https:\/\/orvepard.org\/veinspardinyes\/convocatoria-assemblea-general-ordinaria-dorvepard\/#respond"]}]},{"@type":"WebPage","@id":"https:\/\/orvepard.org\/veinspardinyes\/convocatoria-assemblea-general-ordinaria-dorvepard\/","url":"https:\/\/orvepard.org\/veinspardinyes\/convocatoria-assemblea-general-ordinaria-dorvepard\/","name":"Convocat\u00f2ria Assemblea General Ordin\u00e0ria d'ORVEPARD - Orvepard","isPartOf":{"@id":"https:\/\/orvepard.org\/veinspardinyes\/#website"},"datePublished":"2019-04-09T09:27:13+00:00","dateModified":"2019-04-09T09:29:54+00:00","breadcrumb":{"@id":"https:\/\/orvepard.org\/veinspardinyes\/convocatoria-assemblea-general-ordinaria-dorvepard\/#breadcrumb"},"inLanguage":"ca","potentialAction":[{"@type":"ReadAction","target":["https:\/\/orvepard.org\/veinspardinyes\/convocatoria-assemblea-general-ordinaria-dorvepard\/"]}]},{"@type":"BreadcrumbList","@id":"https:\/\/orvepard.org\/veinspardinyes\/convocatoria-assemblea-general-ordinaria-dorvepard\/#breadcrumb","itemListElement":[{"@type":"ListItem","position":1,"name":"Inici","item":"https:\/\/orvepard.org\/veinspardinyes\/"},{"@type":"ListItem","position":2,"name":"Convocat\u00f2ria Assemblea General Ordin\u00e0ria d&#8217;ORVEPARD"}]},{"@type":"WebSite","@id":"https:\/\/orvepard.org\/veinspardinyes\/#website","url":"https:\/\/orvepard.org\/veinspardinyes\/","name":"Orvepard","description":"Organitzaci\u00f3 de Ve\u00efns de Pardinyes","publisher":{"@id":"https:\/\/orvepard.org\/veinspardinyes\/#organization"},"potentialAction":[{"@type":"SearchAction","target":{"@type":"EntryPoint","urlTemplate":"https:\/\/orvepard.org\/veinspardinyes\/?s={search_term_string}"},"query-input":{"@type":"PropertyValueSpecification","valueRequired":true,"valueName":"search_term_string"}}],"inLanguage":"ca"},{"@type":"Organization","@id":"https:\/\/orvepard.org\/veinspardinyes\/#organization","name":"Orvepard, Organitzaci\u00f3 de Ve\u00efns de Pardinyes","url":"https:\/\/orvepard.org\/veinspardinyes\/","logo":{"@type":"ImageObject","inLanguage":"ca","@id":"https:\/\/orvepard.org\/veinspardinyes\/#\/schema\/logo\/image\/","url":"https:\/\/i0.wp.com\/orvepard.org\/veinspardinyes\/wp-content\/uploads\/2017\/12\/cropped-cropped-cropped-logweborvepardnadal-e1513180524112.png?fit=150%2C113&ssl=1","contentUrl":"https:\/\/i0.wp.com\/orvepard.org\/veinspardinyes\/wp-content\/uploads\/2017\/12\/cropped-cropped-cropped-logweborvepardnadal-e1513180524112.png?fit=150%2C113&ssl=1","width":150,"height":113,"caption":"Orvepard, Organitzaci\u00f3 de Ve\u00efns de Pardinyes"},"image":{"@id":"https:\/\/orvepard.org\/veinspardinyes\/#\/schema\/logo\/image\/"},"sameAs":["https:\/\/es-es.facebook.com\/groups\/orvepard\/","https:\/\/x.com\/veinspardinyes","https:\/\/www.instagram.com\/veinspardinyes\/","https:\/\/app.ebando.es\/channel\/pardinyes"]},{"@type":"Person","@id":"https:\/\/orvepard.org\/veinspardinyes\/#\/schema\/person\/3618644b46fc6e65b607a0eec1291369","name":"administrador","image":{"@type":"ImageObject","inLanguage":"ca","@id":"https:\/\/secure.gravatar.com\/avatar\/2fd7197822e0866420a0db7f19d28db516e5e67d14036b3ae96fe8b14685bd8f?s=96&d=mm&r=g","url":"https:\/\/secure.gravatar.com\/avatar\/2fd7197822e0866420a0db7f19d28db516e5e67d14036b3ae96fe8b14685bd8f?s=96&d=mm&r=g","contentUrl":"https:\/\/secure.gravatar.com\/avatar\/2fd7197822e0866420a0db7f19d28db516e5e67d14036b3ae96fe8b14685bd8f?s=96&d=mm&r=g","caption":"administrador"},"url":"https:\/\/orvepard.org\/veinspardinyes\/author\/administrador\/"}]}},"jetpack_publicize_connections":[],"jetpack_featured_media_url":"","jetpack_sharing_enabled":true,"jetpack_shortlink":"https:\/\/wp.me\/p9tnJI-f4","jetpack_likes_enabled":true,"rttpg_featured_image_url":null,"rttpg_author":{"display_name":"administrador","author_link":"https:\/\/orvepard.org\/veinspardinyes\/author\/administrador\/"},"rttpg_comment":0,"rttpg_category":"<a href=\"https:\/\/orvepard.org\/veinspardinyes\/category\/general\/\" rel=\"category tag\">General<\/a>","rttpg_excerpt":"L&#8217;Organitzaci\u00f3 de Ve\u00efns i Ve\u00efnes de la Barriada de Pardinyes (ORVEPARD) convoca a tots els seus s\u00f2cis\/es per a la celebraci\u00f3 de la propera Assemblea General Ordinaria, que tindr\u00e0 lloc el proper 27 d&#8217;ABRIL DE 2019 al CENTRE CIVIC situal a LLEIDA, carrer SANT PERE CLAVER, n\u00fam. 1, a les 16:30 hores en primera convocat\u00f2ria&hellip;","_links":{"self":[{"href":"https:\/\/orvepard.org\/veinspardinyes\/wp-json\/wp\/v2\/posts\/934","targetHints":{"allow":["GET"]}}],"collection":[{"href":"https:\/\/orvepard.org\/veinspardinyes\/wp-json\/wp\/v2\/posts"}],"about":[{"href":"https:\/\/orvepard.org\/veinspardinyes\/wp-json\/wp\/v2\/types\/post"}],"author":[{"embeddable":true,"href":"https:\/\/orvepard.org\/veinspardinyes\/wp-json\/wp\/v2\/users\/1"}],"replies":[{"embeddable":true,"href":"https:\/\/orvepard.org\/veinspardinyes\/wp-json\/wp\/v2\/comments?post=934"}],"version-history":[{"count":3,"href":"https:\/\/orvepard.org\/veinspardinyes\/wp-json\/wp\/v2\/posts\/934\/revisions"}],"predecessor-version":[{"id":937,"href":"https:\/\/orvepard.org\/veinspardinyes\/wp-json\/wp\/v2\/posts\/934\/revisions\/937"}],"wp:attachment":[{"href":"https:\/\/orvepard.org\/veinspardinyes\/wp-json\/wp\/v2\/media?parent=934"}],"wp:term":[{"taxonomy":"category","embeddable":true,"href":"https:\/\/orvepard.org\/veinspardinyes\/wp-json\/wp\/v2\/categories?post=934"},{"taxonomy":"post_tag","embeddable":true,"href":"https:\/\/orvepard.org\/veinspardinyes\/wp-json\/wp\/v2\/tags?post=934"}],"curies":[{"name":"wp","href":"https:\/\/api.w.org\/{rel}","templated":true}]}}