{"id":733,"date":"2018-11-14T09:09:44","date_gmt":"2018-11-14T08:09:44","guid":{"rendered":"https:\/\/orvepard.org\/veinspardinyes\/?p=733"},"modified":"2018-11-14T09:09:45","modified_gmt":"2018-11-14T08:09:45","slug":"prop-dun-miler-dassistents-al-concert-del-35e-aniversari-de-la-coral-llum-de-veus","status":"publish","type":"post","link":"https:\/\/orvepard.org\/veinspardinyes\/prop-dun-miler-dassistents-al-concert-del-35e-aniversari-de-la-coral-llum-de-veus\/","title":{"rendered":"Prop d\u2019un miler d\u2019assistents al concert del 35\u00e8 Aniversari de la coral Llum de Veus"},"content":{"rendered":"<p>V<strong>a participar l\u2019agrupaci\u00f3 musical Veus.Kat, es va retre homenatge als fundadors i als directors i la recaptaci\u00f3 es destina integrament a l\u2019Associaci\u00f3 Contra el C\u00e0ncer<\/strong><\/p>\n<p>El concert per celebrar el 35\u00e8 Aniversari de la coral Llum de Veus de Pardinyes va enregistrar prop d\u2019un miler d\u2019assistents durant l\u2019acte que va tenir lloc al teatre la Llotja de Lleida, diumenge 11 de novembre de 2018, amb la participaci\u00f3 de l\u2019agrupaci\u00f3 musical de g\u00f3spel, jazz i m\u00fasica moderna, Veus.Kat, qui sota la direcci\u00f3 de Pere Guix\u00e9 van realitzar una magnifica interpretaci\u00f3 del m\u00e9s destacat del seu repertori.<br \/>\nLa coral Llum de Veus tamb\u00e9 va interpretar l\u2019himne de Pardinyes, Quan tot s\u2019enlaira (Txarango); Let it be (John Lennon i Paul McCartney); Tu encens el llum (Rosa Verg\u00e9s, cantaire i solista de la coral Llum de Veus); Cal que neixin flors a cada instant (Llu\u00eds Llach); Mamma Mia (del grup Abba); Himne dels pirates (Xavier Bru i Albert Guinovart); Llen\u00e7a\u2019t (Jes\u00fas Rovira) dels Lax \u2018n\u2019 busto, i Que tinguem sort (Llu\u00eds Llach).<br \/>\nA lL\u2019acte van assistir els regidors de l\u2019Ajuntament de Lleida, Rafael Peris, Montse Parra, \u00c0ngels Ribes i Mari Carmen Culler\u00e9. Tamb\u00e9 el president de la Organitzaci\u00f3 de ve\u00efns de Pardinyes, Rafa Fern\u00e1ndez; el president de l\u2019Associaci\u00f3 Espanyola Contra el C\u00e0ncer a Lleida (AECC), Eduard Serrano i la delegada de la Federaci\u00f3 Catalana d\u2019Entitats Corals, Gemma Naranjo.<br \/>\nDurant l\u2019esdeveniment es va dut a terme un reconeixement als fundador de la coral Llum de veus, Frederic Baena i Ramona Salla. Tamb\u00e9 es va lliurar un record als cantaires que estan des de l\u2019inici de la formaci\u00f3 coral \u00d3scar Abad, Pilar Jord\u00e1n i Ramona Salla i als 3 directors que han estat dirigint la coral, Pau Carrera, Imma Miarnau i Agust\u00ed Ardanuy.<br \/>\nLa Vetllada va finalitzar amb el cant conjunt, per part de les dues formacions musicals, de l\u2019himne de l\u2019AECC \u201cDonant la cara per tu\u201d, estrena en catal\u00e0.<\/p>\n<div class=\"tiled-gallery type-rectangular tiled-gallery-unresized\" data-original-width=\"640\" data-carousel-extra='{&quot;blog_id&quot;:1,&quot;permalink&quot;:&quot;https:\\\/\\\/orvepard.org\\\/veinspardinyes\\\/prop-dun-miler-dassistents-al-concert-del-35e-aniversari-de-la-coral-llum-de-veus\\\/&quot;,&quot;likes_blog_id&quot;:139989782}' itemscope itemtype=\"http:\/\/schema.org\/ImageGallery\" > <div class=\"gallery-row\" style=\"width: 640px; height: 251px;\" data-original-width=\"640\" data-original-height=\"251\" > <div class=\"gallery-group images-1\" style=\"width: 451px; height: 251px;\" data-original-width=\"451\" data-original-height=\"251\" > <div class=\"tiled-gallery-item tiled-gallery-item-large\" itemprop=\"associatedMedia\" itemscope itemtype=\"http:\/\/schema.org\/ImageObject\"> <a href=\"https:\/\/orvepard.org\/veinspardinyes\/prop-dun-miler-dassistents-al-concert-del-35e-aniversari-de-la-coral-llum-de-veus\/img_20181111_cant-conjunt\/\" border=\"0\" itemprop=\"url\"> <meta itemprop=\"width\" content=\"447\"> <meta itemprop=\"height\" content=\"247\"> <img decoding=\"async\" class=\"\" data-attachment-id=\"738\" data-orig-file=\"https:\/\/orvepard.org\/veinspardinyes\/wp-content\/uploads\/2018\/11\/IMG_20181111_cant-conjunt.jpg\" data-orig-size=\"844,467\" data-comments-opened=\"1\" data-image-meta=\"{&quot;aperture&quot;:&quot;0&quot;,&quot;credit&quot;:&quot;&quot;,&quot;camera&quot;:&quot;&quot;,&quot;caption&quot;:&quot;&quot;,&quot;created_timestamp&quot;:&quot;0&quot;,&quot;copyright&quot;:&quot;&quot;,&quot;focal_length&quot;:&quot;0&quot;,&quot;iso&quot;:&quot;0&quot;,&quot;shutter_speed&quot;:&quot;0&quot;,&quot;title&quot;:&quot;&quot;,&quot;orientation&quot;:&quot;0&quot;}\" data-image-title=\"IMG_20181111_cant conjunt\" data-image-description=\"\" data-medium-file=\"https:\/\/i0.wp.com\/orvepard.org\/veinspardinyes\/wp-content\/uploads\/2018\/11\/IMG_20181111_cant-conjunt.jpg?fit=300%2C166&#038;ssl=1\" data-large-file=\"https:\/\/i0.wp.com\/orvepard.org\/veinspardinyes\/wp-content\/uploads\/2018\/11\/IMG_20181111_cant-conjunt.jpg?fit=640%2C354&#038;ssl=1\" src=\"https:\/\/i0.wp.com\/orvepard.org\/veinspardinyes\/wp-content\/uploads\/2018\/11\/IMG_20181111_cant-conjunt.jpg?w=447&#038;h=247&#038;ssl=1\" srcset=\"https:\/\/i0.wp.com\/orvepard.org\/veinspardinyes\/wp-content\/uploads\/2018\/11\/IMG_20181111_cant-conjunt.jpg?w=844&amp;ssl=1 844w, https:\/\/i0.wp.com\/orvepard.org\/veinspardinyes\/wp-content\/uploads\/2018\/11\/IMG_20181111_cant-conjunt.jpg?resize=300%2C166&amp;ssl=1 300w, https:\/\/i0.wp.com\/orvepard.org\/veinspardinyes\/wp-content\/uploads\/2018\/11\/IMG_20181111_cant-conjunt.jpg?resize=768%2C425&amp;ssl=1 768w\" width=\"447\" height=\"247\" loading=\"lazy\" data-original-width=\"447\" data-original-height=\"247\" itemprop=\"http:\/\/schema.org\/image\" title=\"IMG_20181111_cant conjunt\" alt=\"IMG_20181111_cant conjunt\" style=\"width: 447px; height: 247px;\" \/> <\/a> <\/div> <\/div> <!-- close group --> <div class=\"gallery-group images-1\" style=\"width: 189px; height: 251px;\" data-original-width=\"189\" data-original-height=\"251\" > <div class=\"tiled-gallery-item tiled-gallery-item-small\" itemprop=\"associatedMedia\" itemscope itemtype=\"http:\/\/schema.org\/ImageObject\"> <a href=\"https:\/\/orvepard.org\/veinspardinyes\/prop-dun-miler-dassistents-al-concert-del-35e-aniversari-de-la-coral-llum-de-veus\/img_20181111_paraules-dagraiment-de-la-ramoneta\/\" border=\"0\" itemprop=\"url\"> <meta itemprop=\"width\" content=\"185\"> <meta itemprop=\"height\" content=\"247\"> <img decoding=\"async\" class=\"\" data-attachment-id=\"737\" data-orig-file=\"https:\/\/orvepard.org\/veinspardinyes\/wp-content\/uploads\/2018\/11\/IMG_20181111_Paraules-dagra\u00efment-de-la-Ramoneta.jpg\" data-orig-size=\"1200,1600\" data-comments-opened=\"1\" data-image-meta=\"{&quot;aperture&quot;:&quot;0&quot;,&quot;credit&quot;:&quot;&quot;,&quot;camera&quot;:&quot;&quot;,&quot;caption&quot;:&quot;&quot;,&quot;created_timestamp&quot;:&quot;0&quot;,&quot;copyright&quot;:&quot;&quot;,&quot;focal_length&quot;:&quot;0&quot;,&quot;iso&quot;:&quot;0&quot;,&quot;shutter_speed&quot;:&quot;0&quot;,&quot;title&quot;:&quot;&quot;,&quot;orientation&quot;:&quot;0&quot;}\" data-image-title=\"IMG_20181111_Paraules d&amp;#8217;agra\u00efment de la Ramoneta\" data-image-description=\"\" data-medium-file=\"https:\/\/i0.wp.com\/orvepard.org\/veinspardinyes\/wp-content\/uploads\/2018\/11\/IMG_20181111_Paraules-dagra%C3%AFment-de-la-Ramoneta.jpg?fit=225%2C300&#038;ssl=1\" data-large-file=\"https:\/\/i0.wp.com\/orvepard.org\/veinspardinyes\/wp-content\/uploads\/2018\/11\/IMG_20181111_Paraules-dagra%C3%AFment-de-la-Ramoneta.jpg?fit=600%2C800&#038;ssl=1\" src=\"https:\/\/i0.wp.com\/orvepard.org\/veinspardinyes\/wp-content\/uploads\/2018\/11\/IMG_20181111_Paraules-dagra%C3%AFment-de-la-Ramoneta.jpg?w=185&#038;h=247&#038;ssl=1\" width=\"185\" height=\"247\" loading=\"lazy\" data-original-width=\"185\" data-original-height=\"247\" itemprop=\"http:\/\/schema.org\/image\" title=\"IMG_20181111_Paraules d&#039;agra\u00efment de la Ramoneta\" alt=\"IMG_20181111_Paraules d&#039;agra\u00efment de la Ramoneta\" style=\"width: 185px; height: 247px;\" \/> <\/a> <\/div> <\/div> <!-- close group --> <\/div> <!-- close row --> <div class=\"gallery-row\" style=\"width: 640px; height: 321px;\" data-original-width=\"640\" data-original-height=\"321\" > <div class=\"gallery-group images-1\" style=\"width: 427px; height: 321px;\" data-original-width=\"427\" data-original-height=\"321\" > <div class=\"tiled-gallery-item tiled-gallery-item-large\" itemprop=\"associatedMedia\" itemscope itemtype=\"http:\/\/schema.org\/ImageObject\"> <a href=\"https:\/\/orvepard.org\/veinspardinyes\/prop-dun-miler-dassistents-al-concert-del-35e-aniversari-de-la-coral-llum-de-veus\/img_20181111_actuacio-coral\/\" border=\"0\" itemprop=\"url\"> <meta itemprop=\"width\" content=\"423\"> <meta itemprop=\"height\" content=\"317\"> <img decoding=\"async\" class=\"\" data-attachment-id=\"736\" data-orig-file=\"https:\/\/orvepard.org\/veinspardinyes\/wp-content\/uploads\/2018\/11\/IMG_20181111_actuaci\u00f3-coral.jpg\" data-orig-size=\"1600,1200\" data-comments-opened=\"1\" data-image-meta=\"{&quot;aperture&quot;:&quot;0&quot;,&quot;credit&quot;:&quot;&quot;,&quot;camera&quot;:&quot;&quot;,&quot;caption&quot;:&quot;&quot;,&quot;created_timestamp&quot;:&quot;0&quot;,&quot;copyright&quot;:&quot;&quot;,&quot;focal_length&quot;:&quot;0&quot;,&quot;iso&quot;:&quot;0&quot;,&quot;shutter_speed&quot;:&quot;0&quot;,&quot;title&quot;:&quot;&quot;,&quot;orientation&quot;:&quot;0&quot;}\" data-image-title=\"IMG_20181111_actuaci\u00f3 coral\" data-image-description=\"\" data-medium-file=\"https:\/\/i0.wp.com\/orvepard.org\/veinspardinyes\/wp-content\/uploads\/2018\/11\/IMG_20181111_actuaci%C3%B3-coral.jpg?fit=300%2C225&#038;ssl=1\" data-large-file=\"https:\/\/i0.wp.com\/orvepard.org\/veinspardinyes\/wp-content\/uploads\/2018\/11\/IMG_20181111_actuaci%C3%B3-coral.jpg?fit=640%2C480&#038;ssl=1\" src=\"https:\/\/i0.wp.com\/orvepard.org\/veinspardinyes\/wp-content\/uploads\/2018\/11\/IMG_20181111_actuaci%C3%B3-coral.jpg?w=423&#038;h=317&#038;ssl=1\" width=\"423\" height=\"317\" loading=\"lazy\" data-original-width=\"423\" data-original-height=\"317\" itemprop=\"http:\/\/schema.org\/image\" title=\"IMG_20181111_actuaci\u00f3 coral\" alt=\"IMG_20181111_actuaci\u00f3 coral\" style=\"width: 423px; height: 317px;\" \/> <\/a> <\/div> <\/div> <!-- close group --> <div class=\"gallery-group images-2\" style=\"width: 213px; height: 321px;\" data-original-width=\"213\" data-original-height=\"321\" > <div class=\"tiled-gallery-item tiled-gallery-item-small\" itemprop=\"associatedMedia\" itemscope itemtype=\"http:\/\/schema.org\/ImageObject\"> <a href=\"https:\/\/orvepard.org\/veinspardinyes\/prop-dun-miler-dassistents-al-concert-del-35e-aniversari-de-la-coral-llum-de-veus\/img_20181111_veus-cat\/\" border=\"0\" itemprop=\"url\"> <meta itemprop=\"width\" content=\"209\"> <meta itemprop=\"height\" content=\"157\"> <img decoding=\"async\" class=\"\" data-attachment-id=\"735\" data-orig-file=\"https:\/\/orvepard.org\/veinspardinyes\/wp-content\/uploads\/2018\/11\/IMG_20181111_Veus.cat_.jpg\" data-orig-size=\"1600,1200\" data-comments-opened=\"1\" data-image-meta=\"{&quot;aperture&quot;:&quot;0&quot;,&quot;credit&quot;:&quot;&quot;,&quot;camera&quot;:&quot;&quot;,&quot;caption&quot;:&quot;&quot;,&quot;created_timestamp&quot;:&quot;0&quot;,&quot;copyright&quot;:&quot;&quot;,&quot;focal_length&quot;:&quot;0&quot;,&quot;iso&quot;:&quot;0&quot;,&quot;shutter_speed&quot;:&quot;0&quot;,&quot;title&quot;:&quot;&quot;,&quot;orientation&quot;:&quot;0&quot;}\" data-image-title=\"IMG_20181111_Veus.cat\" data-image-description=\"\" data-medium-file=\"https:\/\/i0.wp.com\/orvepard.org\/veinspardinyes\/wp-content\/uploads\/2018\/11\/IMG_20181111_Veus.cat_.jpg?fit=300%2C225&#038;ssl=1\" data-large-file=\"https:\/\/i0.wp.com\/orvepard.org\/veinspardinyes\/wp-content\/uploads\/2018\/11\/IMG_20181111_Veus.cat_.jpg?fit=640%2C480&#038;ssl=1\" src=\"https:\/\/i0.wp.com\/orvepard.org\/veinspardinyes\/wp-content\/uploads\/2018\/11\/IMG_20181111_Veus.cat_.jpg?w=209&#038;h=157&#038;ssl=1\" srcset=\"https:\/\/i0.wp.com\/orvepard.org\/veinspardinyes\/wp-content\/uploads\/2018\/11\/IMG_20181111_Veus.cat_.jpg?w=1600&amp;ssl=1 1600w, https:\/\/i0.wp.com\/orvepard.org\/veinspardinyes\/wp-content\/uploads\/2018\/11\/IMG_20181111_Veus.cat_.jpg?resize=300%2C225&amp;ssl=1 300w, https:\/\/i0.wp.com\/orvepard.org\/veinspardinyes\/wp-content\/uploads\/2018\/11\/IMG_20181111_Veus.cat_.jpg?resize=768%2C576&amp;ssl=1 768w, https:\/\/i0.wp.com\/orvepard.org\/veinspardinyes\/wp-content\/uploads\/2018\/11\/IMG_20181111_Veus.cat_.jpg?resize=1024%2C768&amp;ssl=1 1024w, https:\/\/i0.wp.com\/orvepard.org\/veinspardinyes\/wp-content\/uploads\/2018\/11\/IMG_20181111_Veus.cat_.jpg?w=1280&amp;ssl=1 1280w\" width=\"209\" height=\"157\" loading=\"lazy\" data-original-width=\"209\" data-original-height=\"157\" itemprop=\"http:\/\/schema.org\/image\" title=\"IMG_20181111_Veus.cat\" alt=\"IMG_20181111_Veus.cat\" style=\"width: 209px; height: 157px;\" \/> <\/a> <\/div> <div class=\"tiled-gallery-item tiled-gallery-item-small\" itemprop=\"associatedMedia\" itemscope itemtype=\"http:\/\/schema.org\/ImageObject\"> <a href=\"https:\/\/orvepard.org\/veinspardinyes\/prop-dun-miler-dassistents-al-concert-del-35e-aniversari-de-la-coral-llum-de-veus\/10_anglesona_peno-ramona-salla-sanjuan\/\" border=\"0\" itemprop=\"url\"> <meta itemprop=\"width\" content=\"209\"> <meta itemprop=\"height\" content=\"156\"> <img decoding=\"async\" class=\"\" data-attachment-id=\"734\" data-orig-file=\"https:\/\/orvepard.org\/veinspardinyes\/wp-content\/uploads\/2018\/11\/10_anglesona_peno-Ramona-Salla-Sanjuan.jpg\" data-orig-size=\"1600,1200\" data-comments-opened=\"1\" data-image-meta=\"{&quot;aperture&quot;:&quot;0&quot;,&quot;credit&quot;:&quot;&quot;,&quot;camera&quot;:&quot;&quot;,&quot;caption&quot;:&quot;&quot;,&quot;created_timestamp&quot;:&quot;0&quot;,&quot;copyright&quot;:&quot;&quot;,&quot;focal_length&quot;:&quot;0&quot;,&quot;iso&quot;:&quot;0&quot;,&quot;shutter_speed&quot;:&quot;0&quot;,&quot;title&quot;:&quot;&quot;,&quot;orientation&quot;:&quot;0&quot;}\" data-image-title=\"10_anglesona_peno-Ramona Salla Sanjuan\" data-image-description=\"\" data-medium-file=\"https:\/\/i0.wp.com\/orvepard.org\/veinspardinyes\/wp-content\/uploads\/2018\/11\/10_anglesona_peno-Ramona-Salla-Sanjuan.jpg?fit=300%2C225&#038;ssl=1\" data-large-file=\"https:\/\/i0.wp.com\/orvepard.org\/veinspardinyes\/wp-content\/uploads\/2018\/11\/10_anglesona_peno-Ramona-Salla-Sanjuan.jpg?fit=640%2C480&#038;ssl=1\" src=\"https:\/\/i0.wp.com\/orvepard.org\/veinspardinyes\/wp-content\/uploads\/2018\/11\/10_anglesona_peno-Ramona-Salla-Sanjuan.jpg?w=209&#038;h=156&#038;ssl=1\" srcset=\"https:\/\/i0.wp.com\/orvepard.org\/veinspardinyes\/wp-content\/uploads\/2018\/11\/10_anglesona_peno-Ramona-Salla-Sanjuan.jpg?w=1600&amp;ssl=1 1600w, https:\/\/i0.wp.com\/orvepard.org\/veinspardinyes\/wp-content\/uploads\/2018\/11\/10_anglesona_peno-Ramona-Salla-Sanjuan.jpg?resize=300%2C225&amp;ssl=1 300w, https:\/\/i0.wp.com\/orvepard.org\/veinspardinyes\/wp-content\/uploads\/2018\/11\/10_anglesona_peno-Ramona-Salla-Sanjuan.jpg?resize=768%2C576&amp;ssl=1 768w, https:\/\/i0.wp.com\/orvepard.org\/veinspardinyes\/wp-content\/uploads\/2018\/11\/10_anglesona_peno-Ramona-Salla-Sanjuan.jpg?resize=1024%2C768&amp;ssl=1 1024w, https:\/\/i0.wp.com\/orvepard.org\/veinspardinyes\/wp-content\/uploads\/2018\/11\/10_anglesona_peno-Ramona-Salla-Sanjuan.jpg?w=1280&amp;ssl=1 1280w\" width=\"209\" height=\"156\" loading=\"lazy\" data-original-width=\"209\" data-original-height=\"156\" itemprop=\"http:\/\/schema.org\/image\" title=\"10_anglesona_peno-Ramona Salla Sanjuan\" alt=\"10_anglesona_peno-Ramona Salla Sanjuan\" style=\"width: 209px; height: 156px;\" \/> <\/a> <\/div> <\/div> <!-- close group --> <\/div> <!-- close row --> <\/div>\n<p>Text: Paco Castillo<br \/>\nFotos: Anna Carrera<\/p>\n<p><a href=\"https:\/\/i0.wp.com\/orvepard.org\/veinspardinyes\/wp-content\/uploads\/2018\/11\/IMG_20181111_Veus.cat_.jpg?ssl=1\"><img data-recalc-dims=\"1\" loading=\"lazy\" decoding=\"async\" data-attachment-id=\"735\" data-permalink=\"https:\/\/orvepard.org\/veinspardinyes\/prop-dun-miler-dassistents-al-concert-del-35e-aniversari-de-la-coral-llum-de-veus\/img_20181111_veus-cat\/\" data-orig-file=\"https:\/\/i0.wp.com\/orvepard.org\/veinspardinyes\/wp-content\/uploads\/2018\/11\/IMG_20181111_Veus.cat_.jpg?fit=1600%2C1200&amp;ssl=1\" data-orig-size=\"1600,1200\" data-comments-opened=\"1\" data-image-meta=\"{&quot;aperture&quot;:&quot;0&quot;,&quot;credit&quot;:&quot;&quot;,&quot;camera&quot;:&quot;&quot;,&quot;caption&quot;:&quot;&quot;,&quot;created_timestamp&quot;:&quot;0&quot;,&quot;copyright&quot;:&quot;&quot;,&quot;focal_length&quot;:&quot;0&quot;,&quot;iso&quot;:&quot;0&quot;,&quot;shutter_speed&quot;:&quot;0&quot;,&quot;title&quot;:&quot;&quot;,&quot;orientation&quot;:&quot;0&quot;}\" data-image-title=\"IMG_20181111_Veus.cat\" data-image-description=\"\" data-image-caption=\"\" data-large-file=\"https:\/\/i0.wp.com\/orvepard.org\/veinspardinyes\/wp-content\/uploads\/2018\/11\/IMG_20181111_Veus.cat_.jpg?fit=640%2C480&amp;ssl=1\" class=\"aligncenter size-full wp-image-735\" src=\"https:\/\/i0.wp.com\/orvepard.org\/veinspardinyes\/wp-content\/uploads\/2018\/11\/IMG_20181111_Veus.cat_.jpg?resize=640%2C480&#038;ssl=1\" alt=\"\" width=\"640\" height=\"480\" srcset=\"https:\/\/i0.wp.com\/orvepard.org\/veinspardinyes\/wp-content\/uploads\/2018\/11\/IMG_20181111_Veus.cat_.jpg?w=1600&amp;ssl=1 1600w, https:\/\/i0.wp.com\/orvepard.org\/veinspardinyes\/wp-content\/uploads\/2018\/11\/IMG_20181111_Veus.cat_.jpg?resize=300%2C225&amp;ssl=1 300w, https:\/\/i0.wp.com\/orvepard.org\/veinspardinyes\/wp-content\/uploads\/2018\/11\/IMG_20181111_Veus.cat_.jpg?resize=768%2C576&amp;ssl=1 768w, https:\/\/i0.wp.com\/orvepard.org\/veinspardinyes\/wp-content\/uploads\/2018\/11\/IMG_20181111_Veus.cat_.jpg?resize=1024%2C768&amp;ssl=1 1024w, https:\/\/i0.wp.com\/orvepard.org\/veinspardinyes\/wp-content\/uploads\/2018\/11\/IMG_20181111_Veus.cat_.jpg?w=1280&amp;ssl=1 1280w\" sizes=\"auto, (max-width: 640px) 100vw, 640px\" \/><\/a><\/p>\n","protected":false},"excerpt":{"rendered":"<p>Va participar l\u2019agrupaci\u00f3 musical Veus.Kat, es va retre homenatge als fundadors i als directors i la recaptaci\u00f3 es destina integrament a l\u2019Associaci\u00f3 Contra el C\u00e0ncer El concert per celebrar el 35\u00e8 Aniversari de la coral Llum de Veus de Pardinyes va enregistrar prop d\u2019un miler d\u2019assistents durant l\u2019acte que va tenir lloc al teatre la [&hellip;]<\/p>\n","protected":false},"author":1,"featured_media":0,"comment_status":"open","ping_status":"open","sticky":false,"template":"","format":"standard","meta":{"jetpack_post_was_ever_published":false,"_jetpack_newsletter_access":"","_jetpack_dont_email_post_to_subs":false,"_jetpack_newsletter_tier_id":0,"_jetpack_memberships_contains_paywalled_content":false,"_jetpack_memberships_contains_paid_content":false,"footnotes":"","jetpack_publicize_message":"","jetpack_publicize_feature_enabled":true,"jetpack_social_post_already_shared":true,"jetpack_social_options":{"image_generator_settings":{"template":"highway","default_image_id":0,"font":"","enabled":false},"version":2}},"categories":[3,15],"tags":[],"class_list":["post-733","post","type-post","status-publish","format-standard","hentry","category-cultura","category-festes-i-celebracions"],"yoast_head":"<!-- This site is optimized with the Yoast SEO plugin v27.3 - https:\/\/yoast.com\/product\/yoast-seo-wordpress\/ -->\n<title>Prop d\u2019un miler d\u2019assistents al concert del 35\u00e8 Aniversari de la coral Llum de Veus - Orvepard<\/title>\n<meta name=\"robots\" content=\"index, follow, max-snippet:-1, max-image-preview:large, max-video-preview:-1\" \/>\n<link rel=\"canonical\" href=\"https:\/\/orvepard.org\/veinspardinyes\/prop-dun-miler-dassistents-al-concert-del-35e-aniversari-de-la-coral-llum-de-veus\/\" \/>\n<meta property=\"og:locale\" content=\"ca_ES\" \/>\n<meta property=\"og:type\" content=\"article\" \/>\n<meta property=\"og:title\" content=\"Prop d\u2019un miler d\u2019assistents al concert del 35\u00e8 Aniversari de la coral Llum de Veus - Orvepard\" \/>\n<meta property=\"og:description\" content=\"Va participar l\u2019agrupaci\u00f3 musical Veus.Kat, es va retre homenatge als fundadors i als directors i la recaptaci\u00f3 es destina integrament a l\u2019Associaci\u00f3 Contra el C\u00e0ncer El concert per celebrar el 35\u00e8 Aniversari de la coral Llum de Veus de Pardinyes va enregistrar prop d\u2019un miler d\u2019assistents durant l\u2019acte que va tenir lloc al teatre la [&hellip;]\" \/>\n<meta property=\"og:url\" content=\"https:\/\/orvepard.org\/veinspardinyes\/prop-dun-miler-dassistents-al-concert-del-35e-aniversari-de-la-coral-llum-de-veus\/\" \/>\n<meta property=\"og:site_name\" content=\"Orvepard\" \/>\n<meta property=\"article:publisher\" content=\"https:\/\/es-es.facebook.com\/groups\/orvepard\/\" \/>\n<meta property=\"article:published_time\" content=\"2018-11-14T08:09:44+00:00\" \/>\n<meta property=\"article:modified_time\" content=\"2018-11-14T08:09:45+00:00\" \/>\n<meta property=\"og:image\" content=\"https:\/\/i0.wp.com\/orvepard.org\/veinspardinyes\/wp-content\/uploads\/2018\/11\/IMG_20181111_cant-conjunt.jpg?w=447&#038;h=247&#038;ssl=1\" \/>\n<meta name=\"author\" content=\"administrador\" \/>\n<meta name=\"twitter:card\" content=\"summary_large_image\" \/>\n<meta name=\"twitter:creator\" content=\"@veinspardinyes\" \/>\n<meta name=\"twitter:site\" content=\"@veinspardinyes\" \/>\n<meta name=\"twitter:label1\" content=\"Escrit per\" \/>\n\t<meta name=\"twitter:data1\" content=\"administrador\" \/>\n\t<meta name=\"twitter:label2\" content=\"Temps estimat de lectura\" \/>\n\t<meta name=\"twitter:data2\" content=\"2 minuts\" \/>\n<script type=\"application\/ld+json\" class=\"yoast-schema-graph\">{\"@context\":\"https:\\\/\\\/schema.org\",\"@graph\":[{\"@type\":\"Article\",\"@id\":\"https:\\\/\\\/orvepard.org\\\/veinspardinyes\\\/prop-dun-miler-dassistents-al-concert-del-35e-aniversari-de-la-coral-llum-de-veus\\\/#article\",\"isPartOf\":{\"@id\":\"https:\\\/\\\/orvepard.org\\\/veinspardinyes\\\/prop-dun-miler-dassistents-al-concert-del-35e-aniversari-de-la-coral-llum-de-veus\\\/\"},\"author\":{\"name\":\"administrador\",\"@id\":\"https:\\\/\\\/orvepard.org\\\/veinspardinyes\\\/#\\\/schema\\\/person\\\/3618644b46fc6e65b607a0eec1291369\"},\"headline\":\"Prop d\u2019un miler d\u2019assistents al concert del 35\u00e8 Aniversari de la coral Llum de Veus\",\"datePublished\":\"2018-11-14T08:09:44+00:00\",\"dateModified\":\"2018-11-14T08:09:45+00:00\",\"mainEntityOfPage\":{\"@id\":\"https:\\\/\\\/orvepard.org\\\/veinspardinyes\\\/prop-dun-miler-dassistents-al-concert-del-35e-aniversari-de-la-coral-llum-de-veus\\\/\"},\"wordCount\":368,\"commentCount\":0,\"publisher\":{\"@id\":\"https:\\\/\\\/orvepard.org\\\/veinspardinyes\\\/#organization\"},\"image\":{\"@id\":\"https:\\\/\\\/orvepard.org\\\/veinspardinyes\\\/prop-dun-miler-dassistents-al-concert-del-35e-aniversari-de-la-coral-llum-de-veus\\\/#primaryimage\"},\"thumbnailUrl\":\"https:\\\/\\\/orvepard.org\\\/veinspardinyes\\\/wp-content\\\/uploads\\\/2018\\\/11\\\/IMG_20181111_Veus.cat_.jpg\",\"articleSection\":[\"Cultura\",\"Festes i celebracions\"],\"inLanguage\":\"ca\",\"potentialAction\":[{\"@type\":\"CommentAction\",\"name\":\"Comment\",\"target\":[\"https:\\\/\\\/orvepard.org\\\/veinspardinyes\\\/prop-dun-miler-dassistents-al-concert-del-35e-aniversari-de-la-coral-llum-de-veus\\\/#respond\"]}]},{\"@type\":\"WebPage\",\"@id\":\"https:\\\/\\\/orvepard.org\\\/veinspardinyes\\\/prop-dun-miler-dassistents-al-concert-del-35e-aniversari-de-la-coral-llum-de-veus\\\/\",\"url\":\"https:\\\/\\\/orvepard.org\\\/veinspardinyes\\\/prop-dun-miler-dassistents-al-concert-del-35e-aniversari-de-la-coral-llum-de-veus\\\/\",\"name\":\"Prop d\u2019un miler d\u2019assistents al concert del 35\u00e8 Aniversari de la coral Llum de Veus - Orvepard\",\"isPartOf\":{\"@id\":\"https:\\\/\\\/orvepard.org\\\/veinspardinyes\\\/#website\"},\"primaryImageOfPage\":{\"@id\":\"https:\\\/\\\/orvepard.org\\\/veinspardinyes\\\/prop-dun-miler-dassistents-al-concert-del-35e-aniversari-de-la-coral-llum-de-veus\\\/#primaryimage\"},\"image\":{\"@id\":\"https:\\\/\\\/orvepard.org\\\/veinspardinyes\\\/prop-dun-miler-dassistents-al-concert-del-35e-aniversari-de-la-coral-llum-de-veus\\\/#primaryimage\"},\"thumbnailUrl\":\"https:\\\/\\\/orvepard.org\\\/veinspardinyes\\\/wp-content\\\/uploads\\\/2018\\\/11\\\/IMG_20181111_Veus.cat_.jpg\",\"datePublished\":\"2018-11-14T08:09:44+00:00\",\"dateModified\":\"2018-11-14T08:09:45+00:00\",\"breadcrumb\":{\"@id\":\"https:\\\/\\\/orvepard.org\\\/veinspardinyes\\\/prop-dun-miler-dassistents-al-concert-del-35e-aniversari-de-la-coral-llum-de-veus\\\/#breadcrumb\"},\"inLanguage\":\"ca\",\"potentialAction\":[{\"@type\":\"ReadAction\",\"target\":[\"https:\\\/\\\/orvepard.org\\\/veinspardinyes\\\/prop-dun-miler-dassistents-al-concert-del-35e-aniversari-de-la-coral-llum-de-veus\\\/\"]}]},{\"@type\":\"ImageObject\",\"inLanguage\":\"ca\",\"@id\":\"https:\\\/\\\/orvepard.org\\\/veinspardinyes\\\/prop-dun-miler-dassistents-al-concert-del-35e-aniversari-de-la-coral-llum-de-veus\\\/#primaryimage\",\"url\":\"https:\\\/\\\/i0.wp.com\\\/orvepard.org\\\/veinspardinyes\\\/wp-content\\\/uploads\\\/2018\\\/11\\\/IMG_20181111_Veus.cat_.jpg?fit=1600%2C1200&ssl=1\",\"contentUrl\":\"https:\\\/\\\/i0.wp.com\\\/orvepard.org\\\/veinspardinyes\\\/wp-content\\\/uploads\\\/2018\\\/11\\\/IMG_20181111_Veus.cat_.jpg?fit=1600%2C1200&ssl=1\",\"width\":1600,\"height\":1200},{\"@type\":\"BreadcrumbList\",\"@id\":\"https:\\\/\\\/orvepard.org\\\/veinspardinyes\\\/prop-dun-miler-dassistents-al-concert-del-35e-aniversari-de-la-coral-llum-de-veus\\\/#breadcrumb\",\"itemListElement\":[{\"@type\":\"ListItem\",\"position\":1,\"name\":\"Inici\",\"item\":\"https:\\\/\\\/orvepard.org\\\/veinspardinyes\\\/\"},{\"@type\":\"ListItem\",\"position\":2,\"name\":\"Prop d\u2019un miler d\u2019assistents al concert del 35\u00e8 Aniversari de la coral Llum de Veus\"}]},{\"@type\":\"WebSite\",\"@id\":\"https:\\\/\\\/orvepard.org\\\/veinspardinyes\\\/#website\",\"url\":\"https:\\\/\\\/orvepard.org\\\/veinspardinyes\\\/\",\"name\":\"Orvepard\",\"description\":\"Organitzaci\u00f3 de Ve\u00efns de Pardinyes\",\"publisher\":{\"@id\":\"https:\\\/\\\/orvepard.org\\\/veinspardinyes\\\/#organization\"},\"potentialAction\":[{\"@type\":\"SearchAction\",\"target\":{\"@type\":\"EntryPoint\",\"urlTemplate\":\"https:\\\/\\\/orvepard.org\\\/veinspardinyes\\\/?s={search_term_string}\"},\"query-input\":{\"@type\":\"PropertyValueSpecification\",\"valueRequired\":true,\"valueName\":\"search_term_string\"}}],\"inLanguage\":\"ca\"},{\"@type\":\"Organization\",\"@id\":\"https:\\\/\\\/orvepard.org\\\/veinspardinyes\\\/#organization\",\"name\":\"Orvepard, Organitzaci\u00f3 de Ve\u00efns de Pardinyes\",\"url\":\"https:\\\/\\\/orvepard.org\\\/veinspardinyes\\\/\",\"logo\":{\"@type\":\"ImageObject\",\"inLanguage\":\"ca\",\"@id\":\"https:\\\/\\\/orvepard.org\\\/veinspardinyes\\\/#\\\/schema\\\/logo\\\/image\\\/\",\"url\":\"https:\\\/\\\/i0.wp.com\\\/orvepard.org\\\/veinspardinyes\\\/wp-content\\\/uploads\\\/2017\\\/12\\\/cropped-cropped-cropped-logweborvepardnadal-e1513180524112.png?fit=150%2C113&ssl=1\",\"contentUrl\":\"https:\\\/\\\/i0.wp.com\\\/orvepard.org\\\/veinspardinyes\\\/wp-content\\\/uploads\\\/2017\\\/12\\\/cropped-cropped-cropped-logweborvepardnadal-e1513180524112.png?fit=150%2C113&ssl=1\",\"width\":150,\"height\":113,\"caption\":\"Orvepard, Organitzaci\u00f3 de Ve\u00efns de Pardinyes\"},\"image\":{\"@id\":\"https:\\\/\\\/orvepard.org\\\/veinspardinyes\\\/#\\\/schema\\\/logo\\\/image\\\/\"},\"sameAs\":[\"https:\\\/\\\/es-es.facebook.com\\\/groups\\\/orvepard\\\/\",\"https:\\\/\\\/x.com\\\/veinspardinyes\",\"https:\\\/\\\/www.instagram.com\\\/veinspardinyes\\\/\",\"https:\\\/\\\/app.ebando.es\\\/channel\\\/pardinyes\"]},{\"@type\":\"Person\",\"@id\":\"https:\\\/\\\/orvepard.org\\\/veinspardinyes\\\/#\\\/schema\\\/person\\\/3618644b46fc6e65b607a0eec1291369\",\"name\":\"administrador\",\"image\":{\"@type\":\"ImageObject\",\"inLanguage\":\"ca\",\"@id\":\"https:\\\/\\\/secure.gravatar.com\\\/avatar\\\/2fd7197822e0866420a0db7f19d28db516e5e67d14036b3ae96fe8b14685bd8f?s=96&d=mm&r=g\",\"url\":\"https:\\\/\\\/secure.gravatar.com\\\/avatar\\\/2fd7197822e0866420a0db7f19d28db516e5e67d14036b3ae96fe8b14685bd8f?s=96&d=mm&r=g\",\"contentUrl\":\"https:\\\/\\\/secure.gravatar.com\\\/avatar\\\/2fd7197822e0866420a0db7f19d28db516e5e67d14036b3ae96fe8b14685bd8f?s=96&d=mm&r=g\",\"caption\":\"administrador\"},\"url\":\"https:\\\/\\\/orvepard.org\\\/veinspardinyes\\\/author\\\/administrador\\\/\"}]}<\/script>\n<!-- \/ Yoast SEO plugin. -->","yoast_head_json":{"title":"Prop d\u2019un miler d\u2019assistents al concert del 35\u00e8 Aniversari de la coral Llum de Veus - Orvepard","robots":{"index":"index","follow":"follow","max-snippet":"max-snippet:-1","max-image-preview":"max-image-preview:large","max-video-preview":"max-video-preview:-1"},"canonical":"https:\/\/orvepard.org\/veinspardinyes\/prop-dun-miler-dassistents-al-concert-del-35e-aniversari-de-la-coral-llum-de-veus\/","og_locale":"ca_ES","og_type":"article","og_title":"Prop d\u2019un miler d\u2019assistents al concert del 35\u00e8 Aniversari de la coral Llum de Veus - Orvepard","og_description":"Va participar l\u2019agrupaci\u00f3 musical Veus.Kat, es va retre homenatge als fundadors i als directors i la recaptaci\u00f3 es destina integrament a l\u2019Associaci\u00f3 Contra el C\u00e0ncer El concert per celebrar el 35\u00e8 Aniversari de la coral Llum de Veus de Pardinyes va enregistrar prop d\u2019un miler d\u2019assistents durant l\u2019acte que va tenir lloc al teatre la [&hellip;]","og_url":"https:\/\/orvepard.org\/veinspardinyes\/prop-dun-miler-dassistents-al-concert-del-35e-aniversari-de-la-coral-llum-de-veus\/","og_site_name":"Orvepard","article_publisher":"https:\/\/es-es.facebook.com\/groups\/orvepard\/","article_published_time":"2018-11-14T08:09:44+00:00","article_modified_time":"2018-11-14T08:09:45+00:00","og_image":[{"url":"https:\/\/i0.wp.com\/orvepard.org\/veinspardinyes\/wp-content\/uploads\/2018\/11\/IMG_20181111_cant-conjunt.jpg?w=447&#038;h=247&#038;ssl=1","type":"","width":"","height":""}],"author":"administrador","twitter_card":"summary_large_image","twitter_creator":"@veinspardinyes","twitter_site":"@veinspardinyes","twitter_misc":{"Escrit per":"administrador","Temps estimat de lectura":"2 minuts"},"schema":{"@context":"https:\/\/schema.org","@graph":[{"@type":"Article","@id":"https:\/\/orvepard.org\/veinspardinyes\/prop-dun-miler-dassistents-al-concert-del-35e-aniversari-de-la-coral-llum-de-veus\/#article","isPartOf":{"@id":"https:\/\/orvepard.org\/veinspardinyes\/prop-dun-miler-dassistents-al-concert-del-35e-aniversari-de-la-coral-llum-de-veus\/"},"author":{"name":"administrador","@id":"https:\/\/orvepard.org\/veinspardinyes\/#\/schema\/person\/3618644b46fc6e65b607a0eec1291369"},"headline":"Prop d\u2019un miler d\u2019assistents al concert del 35\u00e8 Aniversari de la coral Llum de Veus","datePublished":"2018-11-14T08:09:44+00:00","dateModified":"2018-11-14T08:09:45+00:00","mainEntityOfPage":{"@id":"https:\/\/orvepard.org\/veinspardinyes\/prop-dun-miler-dassistents-al-concert-del-35e-aniversari-de-la-coral-llum-de-veus\/"},"wordCount":368,"commentCount":0,"publisher":{"@id":"https:\/\/orvepard.org\/veinspardinyes\/#organization"},"image":{"@id":"https:\/\/orvepard.org\/veinspardinyes\/prop-dun-miler-dassistents-al-concert-del-35e-aniversari-de-la-coral-llum-de-veus\/#primaryimage"},"thumbnailUrl":"https:\/\/orvepard.org\/veinspardinyes\/wp-content\/uploads\/2018\/11\/IMG_20181111_Veus.cat_.jpg","articleSection":["Cultura","Festes i celebracions"],"inLanguage":"ca","potentialAction":[{"@type":"CommentAction","name":"Comment","target":["https:\/\/orvepard.org\/veinspardinyes\/prop-dun-miler-dassistents-al-concert-del-35e-aniversari-de-la-coral-llum-de-veus\/#respond"]}]},{"@type":"WebPage","@id":"https:\/\/orvepard.org\/veinspardinyes\/prop-dun-miler-dassistents-al-concert-del-35e-aniversari-de-la-coral-llum-de-veus\/","url":"https:\/\/orvepard.org\/veinspardinyes\/prop-dun-miler-dassistents-al-concert-del-35e-aniversari-de-la-coral-llum-de-veus\/","name":"Prop d\u2019un miler d\u2019assistents al concert del 35\u00e8 Aniversari de la coral Llum de Veus - Orvepard","isPartOf":{"@id":"https:\/\/orvepard.org\/veinspardinyes\/#website"},"primaryImageOfPage":{"@id":"https:\/\/orvepard.org\/veinspardinyes\/prop-dun-miler-dassistents-al-concert-del-35e-aniversari-de-la-coral-llum-de-veus\/#primaryimage"},"image":{"@id":"https:\/\/orvepard.org\/veinspardinyes\/prop-dun-miler-dassistents-al-concert-del-35e-aniversari-de-la-coral-llum-de-veus\/#primaryimage"},"thumbnailUrl":"https:\/\/orvepard.org\/veinspardinyes\/wp-content\/uploads\/2018\/11\/IMG_20181111_Veus.cat_.jpg","datePublished":"2018-11-14T08:09:44+00:00","dateModified":"2018-11-14T08:09:45+00:00","breadcrumb":{"@id":"https:\/\/orvepard.org\/veinspardinyes\/prop-dun-miler-dassistents-al-concert-del-35e-aniversari-de-la-coral-llum-de-veus\/#breadcrumb"},"inLanguage":"ca","potentialAction":[{"@type":"ReadAction","target":["https:\/\/orvepard.org\/veinspardinyes\/prop-dun-miler-dassistents-al-concert-del-35e-aniversari-de-la-coral-llum-de-veus\/"]}]},{"@type":"ImageObject","inLanguage":"ca","@id":"https:\/\/orvepard.org\/veinspardinyes\/prop-dun-miler-dassistents-al-concert-del-35e-aniversari-de-la-coral-llum-de-veus\/#primaryimage","url":"https:\/\/i0.wp.com\/orvepard.org\/veinspardinyes\/wp-content\/uploads\/2018\/11\/IMG_20181111_Veus.cat_.jpg?fit=1600%2C1200&ssl=1","contentUrl":"https:\/\/i0.wp.com\/orvepard.org\/veinspardinyes\/wp-content\/uploads\/2018\/11\/IMG_20181111_Veus.cat_.jpg?fit=1600%2C1200&ssl=1","width":1600,"height":1200},{"@type":"BreadcrumbList","@id":"https:\/\/orvepard.org\/veinspardinyes\/prop-dun-miler-dassistents-al-concert-del-35e-aniversari-de-la-coral-llum-de-veus\/#breadcrumb","itemListElement":[{"@type":"ListItem","position":1,"name":"Inici","item":"https:\/\/orvepard.org\/veinspardinyes\/"},{"@type":"ListItem","position":2,"name":"Prop d\u2019un miler d\u2019assistents al concert del 35\u00e8 Aniversari de la coral Llum de Veus"}]},{"@type":"WebSite","@id":"https:\/\/orvepard.org\/veinspardinyes\/#website","url":"https:\/\/orvepard.org\/veinspardinyes\/","name":"Orvepard","description":"Organitzaci\u00f3 de Ve\u00efns de Pardinyes","publisher":{"@id":"https:\/\/orvepard.org\/veinspardinyes\/#organization"},"potentialAction":[{"@type":"SearchAction","target":{"@type":"EntryPoint","urlTemplate":"https:\/\/orvepard.org\/veinspardinyes\/?s={search_term_string}"},"query-input":{"@type":"PropertyValueSpecification","valueRequired":true,"valueName":"search_term_string"}}],"inLanguage":"ca"},{"@type":"Organization","@id":"https:\/\/orvepard.org\/veinspardinyes\/#organization","name":"Orvepard, Organitzaci\u00f3 de Ve\u00efns de Pardinyes","url":"https:\/\/orvepard.org\/veinspardinyes\/","logo":{"@type":"ImageObject","inLanguage":"ca","@id":"https:\/\/orvepard.org\/veinspardinyes\/#\/schema\/logo\/image\/","url":"https:\/\/i0.wp.com\/orvepard.org\/veinspardinyes\/wp-content\/uploads\/2017\/12\/cropped-cropped-cropped-logweborvepardnadal-e1513180524112.png?fit=150%2C113&ssl=1","contentUrl":"https:\/\/i0.wp.com\/orvepard.org\/veinspardinyes\/wp-content\/uploads\/2017\/12\/cropped-cropped-cropped-logweborvepardnadal-e1513180524112.png?fit=150%2C113&ssl=1","width":150,"height":113,"caption":"Orvepard, Organitzaci\u00f3 de Ve\u00efns de Pardinyes"},"image":{"@id":"https:\/\/orvepard.org\/veinspardinyes\/#\/schema\/logo\/image\/"},"sameAs":["https:\/\/es-es.facebook.com\/groups\/orvepard\/","https:\/\/x.com\/veinspardinyes","https:\/\/www.instagram.com\/veinspardinyes\/","https:\/\/app.ebando.es\/channel\/pardinyes"]},{"@type":"Person","@id":"https:\/\/orvepard.org\/veinspardinyes\/#\/schema\/person\/3618644b46fc6e65b607a0eec1291369","name":"administrador","image":{"@type":"ImageObject","inLanguage":"ca","@id":"https:\/\/secure.gravatar.com\/avatar\/2fd7197822e0866420a0db7f19d28db516e5e67d14036b3ae96fe8b14685bd8f?s=96&d=mm&r=g","url":"https:\/\/secure.gravatar.com\/avatar\/2fd7197822e0866420a0db7f19d28db516e5e67d14036b3ae96fe8b14685bd8f?s=96&d=mm&r=g","contentUrl":"https:\/\/secure.gravatar.com\/avatar\/2fd7197822e0866420a0db7f19d28db516e5e67d14036b3ae96fe8b14685bd8f?s=96&d=mm&r=g","caption":"administrador"},"url":"https:\/\/orvepard.org\/veinspardinyes\/author\/administrador\/"}]}},"jetpack_publicize_connections":[],"jetpack_featured_media_url":"","jetpack_sharing_enabled":true,"jetpack_shortlink":"https:\/\/wp.me\/p9tnJI-bP","jetpack_likes_enabled":true,"rttpg_featured_image_url":null,"rttpg_author":{"display_name":"administrador","author_link":"https:\/\/orvepard.org\/veinspardinyes\/author\/administrador\/"},"rttpg_comment":0,"rttpg_category":"<a href=\"https:\/\/orvepard.org\/veinspardinyes\/category\/cultura\/\" rel=\"category tag\">Cultura<\/a> <a href=\"https:\/\/orvepard.org\/veinspardinyes\/category\/festes-i-celebracions\/\" rel=\"category tag\">Festes i celebracions<\/a>","rttpg_excerpt":"Va participar l\u2019agrupaci\u00f3 musical Veus.Kat, es va retre homenatge als fundadors i als directors i la recaptaci\u00f3 es destina integrament a l\u2019Associaci\u00f3 Contra el C\u00e0ncer El concert per celebrar el 35\u00e8 Aniversari de la coral Llum de Veus de Pardinyes va enregistrar prop d\u2019un miler d\u2019assistents durant l\u2019acte que va tenir lloc al teatre la&hellip;","_links":{"self":[{"href":"https:\/\/orvepard.org\/veinspardinyes\/wp-json\/wp\/v2\/posts\/733","targetHints":{"allow":["GET"]}}],"collection":[{"href":"https:\/\/orvepard.org\/veinspardinyes\/wp-json\/wp\/v2\/posts"}],"about":[{"href":"https:\/\/orvepard.org\/veinspardinyes\/wp-json\/wp\/v2\/types\/post"}],"author":[{"embeddable":true,"href":"https:\/\/orvepard.org\/veinspardinyes\/wp-json\/wp\/v2\/users\/1"}],"replies":[{"embeddable":true,"href":"https:\/\/orvepard.org\/veinspardinyes\/wp-json\/wp\/v2\/comments?post=733"}],"version-history":[{"count":1,"href":"https:\/\/orvepard.org\/veinspardinyes\/wp-json\/wp\/v2\/posts\/733\/revisions"}],"predecessor-version":[{"id":739,"href":"https:\/\/orvepard.org\/veinspardinyes\/wp-json\/wp\/v2\/posts\/733\/revisions\/739"}],"wp:attachment":[{"href":"https:\/\/orvepard.org\/veinspardinyes\/wp-json\/wp\/v2\/media?parent=733"}],"wp:term":[{"taxonomy":"category","embeddable":true,"href":"https:\/\/orvepard.org\/veinspardinyes\/wp-json\/wp\/v2\/categories?post=733"},{"taxonomy":"post_tag","embeddable":true,"href":"https:\/\/orvepard.org\/veinspardinyes\/wp-json\/wp\/v2\/tags?post=733"}],"curies":[{"name":"wp","href":"https:\/\/api.w.org\/{rel}","templated":true}]}}