{"id":3212,"date":"2025-07-28T21:15:12","date_gmt":"2025-07-28T19:15:12","guid":{"rendered":"https:\/\/orvepard.org\/veinspardinyes\/?p=3212"},"modified":"2025-07-28T21:20:37","modified_gmt":"2025-07-28T19:20:37","slug":"arts-grup-cultural-exposa-al-monestir-de-les-avellanes-i-a-orvepard","status":"publish","type":"post","link":"https:\/\/orvepard.org\/veinspardinyes\/arts-grup-cultural-exposa-al-monestir-de-les-avellanes-i-a-orvepard\/","title":{"rendered":"Art\u2019s, grup cultural, exposa al monestir de les Avellanes i a Orvepard"},"content":{"rendered":"<p><strong>\u2022 Dues mostres col\u00b7lectives obertes fins el 3 i el 17 d\u2019agost<\/strong><\/p>\n<p>A<img data-recalc-dims=\"1\" loading=\"lazy\" decoding=\"async\" data-attachment-id=\"3216\" data-permalink=\"https:\/\/orvepard.org\/veinspardinyes\/arts-grup-cultural-exposa-al-monestir-de-les-avellanes-i-a-orvepard\/img-20250717-els-autors-de-les-obres\/\" data-orig-file=\"https:\/\/i0.wp.com\/orvepard.org\/veinspardinyes\/wp-content\/uploads\/2025\/07\/IMG-20250717-Els-autors-de-les-obres.jpg?fit=2040%2C1536&amp;ssl=1\" data-orig-size=\"2040,1536\" data-comments-opened=\"1\" data-image-meta=\"{&quot;aperture&quot;:&quot;0&quot;,&quot;credit&quot;:&quot;&quot;,&quot;camera&quot;:&quot;&quot;,&quot;caption&quot;:&quot;&quot;,&quot;created_timestamp&quot;:&quot;0&quot;,&quot;copyright&quot;:&quot;&quot;,&quot;focal_length&quot;:&quot;0&quot;,&quot;iso&quot;:&quot;0&quot;,&quot;shutter_speed&quot;:&quot;0&quot;,&quot;title&quot;:&quot;&quot;,&quot;orientation&quot;:&quot;0&quot;}\" data-image-title=\"IMG-20250717-Els autors de les obres\" data-image-description=\"\" data-image-caption=\"\" data-large-file=\"https:\/\/i0.wp.com\/orvepard.org\/veinspardinyes\/wp-content\/uploads\/2025\/07\/IMG-20250717-Els-autors-de-les-obres.jpg?fit=640%2C482&amp;ssl=1\" class=\"alignleft size-thumbnail wp-image-3216\" src=\"https:\/\/i0.wp.com\/orvepard.org\/veinspardinyes\/wp-content\/uploads\/2025\/07\/IMG-20250717-Els-autors-de-les-obres.jpg?resize=150%2C150&#038;ssl=1\" alt=\"\" width=\"150\" height=\"150\" srcset=\"https:\/\/i0.wp.com\/orvepard.org\/veinspardinyes\/wp-content\/uploads\/2025\/07\/IMG-20250717-Els-autors-de-les-obres.jpg?resize=150%2C150&amp;ssl=1 150w, https:\/\/i0.wp.com\/orvepard.org\/veinspardinyes\/wp-content\/uploads\/2025\/07\/IMG-20250717-Els-autors-de-les-obres.jpg?zoom=2&amp;resize=150%2C150&amp;ssl=1 300w, https:\/\/i0.wp.com\/orvepard.org\/veinspardinyes\/wp-content\/uploads\/2025\/07\/IMG-20250717-Els-autors-de-les-obres.jpg?zoom=3&amp;resize=150%2C150&amp;ssl=1 450w\" sizes=\"auto, (max-width: 150px) 100vw, 150px\" \/>rt\u2019s grup cultural de Lleida est\u00e0 exposant dues mostres col\u00b7lectives, una al monestir de les Avellanes, fins el 17 d\u2019agost i una altra a Orvepard de Pardinyes, fins el 3 d\u2019agost.<br \/>Al monestir de les Avellanes es poden veure obres dels fot\u00f2grafs Enric Rodr\u00edguez i Ramon Llad\u00f3s; pintures de Josep Pasqual i Lluc Blaya, escultures de Amadeu Bonet i Ram\u00f3n Ru\u00edz; cer\u00e0mica de Jordi Rosell i una s\u00e8rie gr\u00e0fica de poemes de Jordi Prenafeta.<br \/>Al Taller 5 del primer pis de la Organitzaci\u00f3 de Ve\u00efns de Pardinyes (Orvepard) es pot visitar l\u2019exposici\u00f3, oberta fins el 3 d\u2019agost, amb obres de Jordi Rosell, cer\u00e0mica; Joan Ram\u00f3n Torn\u00e9, collage; Joan Bosch, dibuix; Ramon Llad\u00f3s i Enric Rodr\u00edguez, fotografia; Amadeu Bonet i Ramon Ru\u00edz, escultura; Lluc Blaya, Rafa Borl\u00e4nsa, Josep Pascual i Josep Maria Batlle, pintura i Jordi Prenafeta, poesia visual.<\/p>\n<div class=\"tiled-gallery type-rectangular tiled-gallery-unresized\" data-original-width=\"640\" data-carousel-extra='{&quot;blog_id&quot;:1,&quot;permalink&quot;:&quot;https:\\\/\\\/orvepard.org\\\/veinspardinyes\\\/arts-grup-cultural-exposa-al-monestir-de-les-avellanes-i-a-orvepard\\\/&quot;,&quot;likes_blog_id&quot;:139989782}' itemscope itemtype=\"http:\/\/schema.org\/ImageGallery\" > <div class=\"gallery-row\" style=\"width: 640px; height: 109px;\" data-original-width=\"640\" data-original-height=\"109\" > <div class=\"gallery-group images-1\" style=\"width: 188px; height: 109px;\" data-original-width=\"188\" data-original-height=\"109\" > <div class=\"tiled-gallery-item tiled-gallery-item-small\" itemprop=\"associatedMedia\" itemscope itemtype=\"http:\/\/schema.org\/ImageObject\"> <a href=\"https:\/\/orvepard.org\/veinspardinyes\/arts-grup-cultural-exposa-al-monestir-de-les-avellanes-i-a-orvepard\/img-20250725-parlaments\/\" border=\"0\" itemprop=\"url\"> <meta itemprop=\"width\" content=\"184\"> <meta itemprop=\"height\" content=\"105\"> <img decoding=\"async\" class=\"\" data-attachment-id=\"3213\" data-orig-file=\"https:\/\/orvepard.org\/veinspardinyes\/wp-content\/uploads\/2025\/07\/IMG-20250725-parlaments.jpg\" data-orig-size=\"1773,1012\" data-comments-opened=\"1\" data-image-meta=\"{&quot;aperture&quot;:&quot;0&quot;,&quot;credit&quot;:&quot;&quot;,&quot;camera&quot;:&quot;&quot;,&quot;caption&quot;:&quot;&quot;,&quot;created_timestamp&quot;:&quot;0&quot;,&quot;copyright&quot;:&quot;&quot;,&quot;focal_length&quot;:&quot;0&quot;,&quot;iso&quot;:&quot;0&quot;,&quot;shutter_speed&quot;:&quot;0&quot;,&quot;title&quot;:&quot;&quot;,&quot;orientation&quot;:&quot;0&quot;}\" data-image-title=\"IMG-20250725-parlaments\" data-image-description=\"\" data-medium-file=\"https:\/\/i0.wp.com\/orvepard.org\/veinspardinyes\/wp-content\/uploads\/2025\/07\/IMG-20250725-parlaments.jpg?fit=300%2C171&#038;ssl=1\" data-large-file=\"https:\/\/i0.wp.com\/orvepard.org\/veinspardinyes\/wp-content\/uploads\/2025\/07\/IMG-20250725-parlaments.jpg?fit=640%2C365&#038;ssl=1\" src=\"https:\/\/i0.wp.com\/orvepard.org\/veinspardinyes\/wp-content\/uploads\/2025\/07\/IMG-20250725-parlaments.jpg?w=184&#038;h=105&#038;ssl=1\" srcset=\"https:\/\/i0.wp.com\/orvepard.org\/veinspardinyes\/wp-content\/uploads\/2025\/07\/IMG-20250725-parlaments.jpg?w=1773&amp;ssl=1 1773w, https:\/\/i0.wp.com\/orvepard.org\/veinspardinyes\/wp-content\/uploads\/2025\/07\/IMG-20250725-parlaments.jpg?resize=300%2C171&amp;ssl=1 300w, https:\/\/i0.wp.com\/orvepard.org\/veinspardinyes\/wp-content\/uploads\/2025\/07\/IMG-20250725-parlaments.jpg?resize=1024%2C584&amp;ssl=1 1024w, https:\/\/i0.wp.com\/orvepard.org\/veinspardinyes\/wp-content\/uploads\/2025\/07\/IMG-20250725-parlaments.jpg?resize=768%2C438&amp;ssl=1 768w, https:\/\/i0.wp.com\/orvepard.org\/veinspardinyes\/wp-content\/uploads\/2025\/07\/IMG-20250725-parlaments.jpg?resize=1536%2C877&amp;ssl=1 1536w, https:\/\/i0.wp.com\/orvepard.org\/veinspardinyes\/wp-content\/uploads\/2025\/07\/IMG-20250725-parlaments.jpg?w=1280&amp;ssl=1 1280w\" width=\"184\" height=\"105\" loading=\"lazy\" data-original-width=\"184\" data-original-height=\"105\" itemprop=\"http:\/\/schema.org\/image\" title=\"IMG-20250725-parlaments\" alt=\"IMG-20250725-parlaments\" style=\"width: 184px; height: 105px;\" \/> <\/a> <\/div> <\/div> <!-- close group --> <div class=\"gallery-group images-1\" style=\"width: 173px; height: 109px;\" data-original-width=\"173\" data-original-height=\"109\" > <div class=\"tiled-gallery-item tiled-gallery-item-small\" itemprop=\"associatedMedia\" itemscope itemtype=\"http:\/\/schema.org\/ImageObject\"> <a href=\"https:\/\/orvepard.org\/veinspardinyes\/arts-grup-cultural-exposa-al-monestir-de-les-avellanes-i-a-orvepard\/img-20250725-collectiva-a-orvepard-foto-enric-rodriguez-g\/\" border=\"0\" itemprop=\"url\"> <meta itemprop=\"width\" content=\"169\"> <meta itemprop=\"height\" content=\"105\"> <img decoding=\"async\" class=\"\" data-attachment-id=\"3214\" data-orig-file=\"https:\/\/orvepard.org\/veinspardinyes\/wp-content\/uploads\/2025\/07\/IMG-20250725-Collectiva-a-Orvepard-foto-Enric-Rodriguez-g.jpg\" data-orig-size=\"2000,1239\" data-comments-opened=\"1\" data-image-meta=\"{&quot;aperture&quot;:&quot;0&quot;,&quot;credit&quot;:&quot;&quot;,&quot;camera&quot;:&quot;&quot;,&quot;caption&quot;:&quot;&quot;,&quot;created_timestamp&quot;:&quot;0&quot;,&quot;copyright&quot;:&quot;&quot;,&quot;focal_length&quot;:&quot;0&quot;,&quot;iso&quot;:&quot;0&quot;,&quot;shutter_speed&quot;:&quot;0&quot;,&quot;title&quot;:&quot;&quot;,&quot;orientation&quot;:&quot;0&quot;}\" data-image-title=\"IMG-20250725- Col\u00b7lectiva a Orvepard -foto Enric Rodr\u00edguez-g\" data-image-description=\"\" data-medium-file=\"https:\/\/i0.wp.com\/orvepard.org\/veinspardinyes\/wp-content\/uploads\/2025\/07\/IMG-20250725-Collectiva-a-Orvepard-foto-Enric-Rodriguez-g.jpg?fit=300%2C186&#038;ssl=1\" data-large-file=\"https:\/\/i0.wp.com\/orvepard.org\/veinspardinyes\/wp-content\/uploads\/2025\/07\/IMG-20250725-Collectiva-a-Orvepard-foto-Enric-Rodriguez-g.jpg?fit=640%2C396&#038;ssl=1\" src=\"https:\/\/i0.wp.com\/orvepard.org\/veinspardinyes\/wp-content\/uploads\/2025\/07\/IMG-20250725-Collectiva-a-Orvepard-foto-Enric-Rodriguez-g.jpg?w=169&#038;h=105&#038;ssl=1\" srcset=\"https:\/\/i0.wp.com\/orvepard.org\/veinspardinyes\/wp-content\/uploads\/2025\/07\/IMG-20250725-Collectiva-a-Orvepard-foto-Enric-Rodriguez-g.jpg?w=2000&amp;ssl=1 2000w, https:\/\/i0.wp.com\/orvepard.org\/veinspardinyes\/wp-content\/uploads\/2025\/07\/IMG-20250725-Collectiva-a-Orvepard-foto-Enric-Rodriguez-g.jpg?resize=300%2C186&amp;ssl=1 300w, https:\/\/i0.wp.com\/orvepard.org\/veinspardinyes\/wp-content\/uploads\/2025\/07\/IMG-20250725-Collectiva-a-Orvepard-foto-Enric-Rodriguez-g.jpg?resize=1024%2C634&amp;ssl=1 1024w, https:\/\/i0.wp.com\/orvepard.org\/veinspardinyes\/wp-content\/uploads\/2025\/07\/IMG-20250725-Collectiva-a-Orvepard-foto-Enric-Rodriguez-g.jpg?resize=768%2C476&amp;ssl=1 768w, https:\/\/i0.wp.com\/orvepard.org\/veinspardinyes\/wp-content\/uploads\/2025\/07\/IMG-20250725-Collectiva-a-Orvepard-foto-Enric-Rodriguez-g.jpg?resize=1536%2C952&amp;ssl=1 1536w, https:\/\/i0.wp.com\/orvepard.org\/veinspardinyes\/wp-content\/uploads\/2025\/07\/IMG-20250725-Collectiva-a-Orvepard-foto-Enric-Rodriguez-g.jpg?resize=464%2C290&amp;ssl=1 464w, https:\/\/i0.wp.com\/orvepard.org\/veinspardinyes\/wp-content\/uploads\/2025\/07\/IMG-20250725-Collectiva-a-Orvepard-foto-Enric-Rodriguez-g.jpg?w=1280&amp;ssl=1 1280w, https:\/\/i0.wp.com\/orvepard.org\/veinspardinyes\/wp-content\/uploads\/2025\/07\/IMG-20250725-Collectiva-a-Orvepard-foto-Enric-Rodriguez-g.jpg?w=1920&amp;ssl=1 1920w\" width=\"169\" height=\"105\" loading=\"lazy\" data-original-width=\"169\" data-original-height=\"105\" itemprop=\"http:\/\/schema.org\/image\" title=\"IMG-20250725- Col\u00b7lectiva a Orvepard -foto Enric Rodr\u00edguez-g\" alt=\"IMG-20250725- Col\u00b7lectiva a Orvepard -foto Enric Rodr\u00edguez-g\" style=\"width: 169px; height: 105px;\" \/> <\/a> <\/div> <\/div> <!-- close group --> <div class=\"gallery-group images-1\" style=\"width: 136px; height: 109px;\" data-original-width=\"136\" data-original-height=\"109\" > <div class=\"tiled-gallery-item tiled-gallery-item-small\" itemprop=\"associatedMedia\" itemscope itemtype=\"http:\/\/schema.org\/ImageObject\"> <a href=\"https:\/\/orvepard.org\/veinspardinyes\/arts-grup-cultural-exposa-al-monestir-de-les-avellanes-i-a-orvepard\/img-20250717-fotografia\/\" border=\"0\" itemprop=\"url\"> <meta itemprop=\"width\" content=\"132\"> <meta itemprop=\"height\" content=\"105\"> <img decoding=\"async\" class=\"\" data-attachment-id=\"3215\" data-orig-file=\"https:\/\/orvepard.org\/veinspardinyes\/wp-content\/uploads\/2025\/07\/IMG-20250717-fotografia.jpg\" data-orig-size=\"920,731\" data-comments-opened=\"1\" data-image-meta=\"{&quot;aperture&quot;:&quot;0&quot;,&quot;credit&quot;:&quot;&quot;,&quot;camera&quot;:&quot;&quot;,&quot;caption&quot;:&quot;&quot;,&quot;created_timestamp&quot;:&quot;0&quot;,&quot;copyright&quot;:&quot;&quot;,&quot;focal_length&quot;:&quot;0&quot;,&quot;iso&quot;:&quot;0&quot;,&quot;shutter_speed&quot;:&quot;0&quot;,&quot;title&quot;:&quot;&quot;,&quot;orientation&quot;:&quot;0&quot;}\" data-image-title=\"IMG-20250717-fotografia\" data-image-description=\"\" data-medium-file=\"https:\/\/i0.wp.com\/orvepard.org\/veinspardinyes\/wp-content\/uploads\/2025\/07\/IMG-20250717-fotografia.jpg?fit=300%2C238&#038;ssl=1\" data-large-file=\"https:\/\/i0.wp.com\/orvepard.org\/veinspardinyes\/wp-content\/uploads\/2025\/07\/IMG-20250717-fotografia.jpg?fit=640%2C509&#038;ssl=1\" src=\"https:\/\/i0.wp.com\/orvepard.org\/veinspardinyes\/wp-content\/uploads\/2025\/07\/IMG-20250717-fotografia.jpg?w=132&#038;h=105&#038;ssl=1\" srcset=\"https:\/\/i0.wp.com\/orvepard.org\/veinspardinyes\/wp-content\/uploads\/2025\/07\/IMG-20250717-fotografia.jpg?w=920&amp;ssl=1 920w, https:\/\/i0.wp.com\/orvepard.org\/veinspardinyes\/wp-content\/uploads\/2025\/07\/IMG-20250717-fotografia.jpg?resize=300%2C238&amp;ssl=1 300w, https:\/\/i0.wp.com\/orvepard.org\/veinspardinyes\/wp-content\/uploads\/2025\/07\/IMG-20250717-fotografia.jpg?resize=768%2C610&amp;ssl=1 768w\" width=\"132\" height=\"105\" loading=\"lazy\" data-original-width=\"132\" data-original-height=\"105\" itemprop=\"http:\/\/schema.org\/image\" title=\"IMG-20250717-fotografia\" alt=\"IMG-20250717-fotografia\" style=\"width: 132px; height: 105px;\" \/> <\/a> <\/div> <\/div> <!-- close group --> <div class=\"gallery-group images-1\" style=\"width: 143px; height: 109px;\" data-original-width=\"143\" data-original-height=\"109\" > <div class=\"tiled-gallery-item tiled-gallery-item-small\" itemprop=\"associatedMedia\" itemscope itemtype=\"http:\/\/schema.org\/ImageObject\"> <a href=\"https:\/\/orvepard.org\/veinspardinyes\/arts-grup-cultural-exposa-al-monestir-de-les-avellanes-i-a-orvepard\/img-20250717-els-autors-de-les-obres\/\" border=\"0\" itemprop=\"url\"> <meta itemprop=\"width\" content=\"139\"> <meta itemprop=\"height\" content=\"105\"> <img decoding=\"async\" class=\"\" data-attachment-id=\"3216\" data-orig-file=\"https:\/\/orvepard.org\/veinspardinyes\/wp-content\/uploads\/2025\/07\/IMG-20250717-Els-autors-de-les-obres.jpg\" data-orig-size=\"2040,1536\" data-comments-opened=\"1\" data-image-meta=\"{&quot;aperture&quot;:&quot;0&quot;,&quot;credit&quot;:&quot;&quot;,&quot;camera&quot;:&quot;&quot;,&quot;caption&quot;:&quot;&quot;,&quot;created_timestamp&quot;:&quot;0&quot;,&quot;copyright&quot;:&quot;&quot;,&quot;focal_length&quot;:&quot;0&quot;,&quot;iso&quot;:&quot;0&quot;,&quot;shutter_speed&quot;:&quot;0&quot;,&quot;title&quot;:&quot;&quot;,&quot;orientation&quot;:&quot;0&quot;}\" data-image-title=\"IMG-20250717-Els autors de les obres\" data-image-description=\"\" data-medium-file=\"https:\/\/i0.wp.com\/orvepard.org\/veinspardinyes\/wp-content\/uploads\/2025\/07\/IMG-20250717-Els-autors-de-les-obres.jpg?fit=300%2C226&#038;ssl=1\" data-large-file=\"https:\/\/i0.wp.com\/orvepard.org\/veinspardinyes\/wp-content\/uploads\/2025\/07\/IMG-20250717-Els-autors-de-les-obres.jpg?fit=640%2C482&#038;ssl=1\" src=\"https:\/\/i0.wp.com\/orvepard.org\/veinspardinyes\/wp-content\/uploads\/2025\/07\/IMG-20250717-Els-autors-de-les-obres.jpg?w=139&#038;h=105&#038;ssl=1\" srcset=\"https:\/\/i0.wp.com\/orvepard.org\/veinspardinyes\/wp-content\/uploads\/2025\/07\/IMG-20250717-Els-autors-de-les-obres.jpg?w=2040&amp;ssl=1 2040w, https:\/\/i0.wp.com\/orvepard.org\/veinspardinyes\/wp-content\/uploads\/2025\/07\/IMG-20250717-Els-autors-de-les-obres.jpg?resize=300%2C226&amp;ssl=1 300w, https:\/\/i0.wp.com\/orvepard.org\/veinspardinyes\/wp-content\/uploads\/2025\/07\/IMG-20250717-Els-autors-de-les-obres.jpg?resize=1024%2C771&amp;ssl=1 1024w, https:\/\/i0.wp.com\/orvepard.org\/veinspardinyes\/wp-content\/uploads\/2025\/07\/IMG-20250717-Els-autors-de-les-obres.jpg?resize=768%2C578&amp;ssl=1 768w, https:\/\/i0.wp.com\/orvepard.org\/veinspardinyes\/wp-content\/uploads\/2025\/07\/IMG-20250717-Els-autors-de-les-obres.jpg?resize=1536%2C1157&amp;ssl=1 1536w, https:\/\/i0.wp.com\/orvepard.org\/veinspardinyes\/wp-content\/uploads\/2025\/07\/IMG-20250717-Els-autors-de-les-obres.jpg?w=1280&amp;ssl=1 1280w, https:\/\/i0.wp.com\/orvepard.org\/veinspardinyes\/wp-content\/uploads\/2025\/07\/IMG-20250717-Els-autors-de-les-obres.jpg?w=1920&amp;ssl=1 1920w\" width=\"139\" height=\"105\" loading=\"lazy\" data-original-width=\"139\" data-original-height=\"105\" itemprop=\"http:\/\/schema.org\/image\" title=\"IMG-20250717-Els autors de les obres\" alt=\"IMG-20250717-Els autors de les obres\" style=\"width: 139px; height: 105px;\" \/> <\/a> <\/div> <\/div> <!-- close group --> <\/div> <!-- close row --> <\/div>\n\n\n<p><\/p>\n","protected":false},"excerpt":{"rendered":"<p>\u2022 Dues mostres col\u00b7lectives obertes fins el 3 i el 17 d\u2019agost Art\u2019s grup cultural de Lleida est\u00e0 exposant dues mostres col\u00b7lectives, una al monestir de les Avellanes, fins el 17 d\u2019agost i una altra a Orvepard de Pardinyes, fins el 3 d\u2019agost.Al monestir de les Avellanes es poden veure obres dels fot\u00f2grafs Enric Rodr\u00edguez [&hellip;]<\/p>\n","protected":false},"author":1,"featured_media":0,"comment_status":"open","ping_status":"open","sticky":false,"template":"","format":"standard","meta":{"jetpack_post_was_ever_published":false,"_jetpack_newsletter_access":"","_jetpack_dont_email_post_to_subs":false,"_jetpack_newsletter_tier_id":0,"_jetpack_memberships_contains_paywalled_content":false,"_jetpack_memberships_contains_paid_content":false,"footnotes":"","jetpack_publicize_message":"","jetpack_publicize_feature_enabled":true,"jetpack_social_post_already_shared":true,"jetpack_social_options":{"image_generator_settings":{"template":"highway","default_image_id":0,"font":"","enabled":false},"version":2}},"categories":[1],"tags":[],"class_list":["post-3212","post","type-post","status-publish","format-standard","hentry","category-general"],"yoast_head":"<!-- This site is optimized with the Yoast SEO plugin v27.3 - https:\/\/yoast.com\/product\/yoast-seo-wordpress\/ -->\n<title>Art\u2019s, grup cultural, exposa al monestir de les Avellanes i a Orvepard - Orvepard<\/title>\n<meta name=\"robots\" content=\"index, follow, max-snippet:-1, max-image-preview:large, max-video-preview:-1\" \/>\n<link rel=\"canonical\" href=\"https:\/\/orvepard.org\/veinspardinyes\/arts-grup-cultural-exposa-al-monestir-de-les-avellanes-i-a-orvepard\/\" \/>\n<meta property=\"og:locale\" content=\"ca_ES\" \/>\n<meta property=\"og:type\" content=\"article\" \/>\n<meta property=\"og:title\" content=\"Art\u2019s, grup cultural, exposa al monestir de les Avellanes i a Orvepard - Orvepard\" \/>\n<meta property=\"og:description\" content=\"\u2022 Dues mostres col\u00b7lectives obertes fins el 3 i el 17 d\u2019agost Art\u2019s grup cultural de Lleida est\u00e0 exposant dues mostres col\u00b7lectives, una al monestir de les Avellanes, fins el 17 d\u2019agost i una altra a Orvepard de Pardinyes, fins el 3 d\u2019agost.Al monestir de les Avellanes es poden veure obres dels fot\u00f2grafs Enric Rodr\u00edguez [&hellip;]\" \/>\n<meta property=\"og:url\" content=\"https:\/\/orvepard.org\/veinspardinyes\/arts-grup-cultural-exposa-al-monestir-de-les-avellanes-i-a-orvepard\/\" \/>\n<meta property=\"og:site_name\" content=\"Orvepard\" \/>\n<meta property=\"article:publisher\" content=\"https:\/\/es-es.facebook.com\/groups\/orvepard\/\" \/>\n<meta property=\"article:published_time\" content=\"2025-07-28T19:15:12+00:00\" \/>\n<meta property=\"article:modified_time\" content=\"2025-07-28T19:20:37+00:00\" \/>\n<meta property=\"og:image\" content=\"https:\/\/i0.wp.com\/orvepard.org\/veinspardinyes\/wp-content\/uploads\/2025\/07\/IMG-20250725-parlaments.jpg?w=184&#038;h=105&#038;ssl=1\" \/>\n<meta name=\"author\" content=\"administrador\" \/>\n<meta name=\"twitter:card\" content=\"summary_large_image\" \/>\n<meta name=\"twitter:creator\" content=\"@veinspardinyes\" \/>\n<meta name=\"twitter:site\" content=\"@veinspardinyes\" \/>\n<meta name=\"twitter:label1\" content=\"Escrit per\" \/>\n\t<meta name=\"twitter:data1\" content=\"administrador\" \/>\n\t<meta name=\"twitter:label2\" content=\"Temps estimat de lectura\" \/>\n\t<meta name=\"twitter:data2\" content=\"1 minut\" \/>\n<script type=\"application\/ld+json\" class=\"yoast-schema-graph\">{\"@context\":\"https:\\\/\\\/schema.org\",\"@graph\":[{\"@type\":\"Article\",\"@id\":\"https:\\\/\\\/orvepard.org\\\/veinspardinyes\\\/arts-grup-cultural-exposa-al-monestir-de-les-avellanes-i-a-orvepard\\\/#article\",\"isPartOf\":{\"@id\":\"https:\\\/\\\/orvepard.org\\\/veinspardinyes\\\/arts-grup-cultural-exposa-al-monestir-de-les-avellanes-i-a-orvepard\\\/\"},\"author\":{\"name\":\"administrador\",\"@id\":\"https:\\\/\\\/orvepard.org\\\/veinspardinyes\\\/#\\\/schema\\\/person\\\/3618644b46fc6e65b607a0eec1291369\"},\"headline\":\"Art\u2019s, grup cultural, exposa al monestir de les Avellanes i a Orvepard\",\"datePublished\":\"2025-07-28T19:15:12+00:00\",\"dateModified\":\"2025-07-28T19:20:37+00:00\",\"mainEntityOfPage\":{\"@id\":\"https:\\\/\\\/orvepard.org\\\/veinspardinyes\\\/arts-grup-cultural-exposa-al-monestir-de-les-avellanes-i-a-orvepard\\\/\"},\"wordCount\":180,\"commentCount\":0,\"publisher\":{\"@id\":\"https:\\\/\\\/orvepard.org\\\/veinspardinyes\\\/#organization\"},\"image\":{\"@id\":\"https:\\\/\\\/orvepard.org\\\/veinspardinyes\\\/arts-grup-cultural-exposa-al-monestir-de-les-avellanes-i-a-orvepard\\\/#primaryimage\"},\"thumbnailUrl\":\"https:\\\/\\\/orvepard.org\\\/veinspardinyes\\\/wp-content\\\/uploads\\\/2025\\\/07\\\/IMG-20250717-Els-autors-de-les-obres-150x150.jpg\",\"articleSection\":[\"General\"],\"inLanguage\":\"ca\",\"potentialAction\":[{\"@type\":\"CommentAction\",\"name\":\"Comment\",\"target\":[\"https:\\\/\\\/orvepard.org\\\/veinspardinyes\\\/arts-grup-cultural-exposa-al-monestir-de-les-avellanes-i-a-orvepard\\\/#respond\"]}]},{\"@type\":\"WebPage\",\"@id\":\"https:\\\/\\\/orvepard.org\\\/veinspardinyes\\\/arts-grup-cultural-exposa-al-monestir-de-les-avellanes-i-a-orvepard\\\/\",\"url\":\"https:\\\/\\\/orvepard.org\\\/veinspardinyes\\\/arts-grup-cultural-exposa-al-monestir-de-les-avellanes-i-a-orvepard\\\/\",\"name\":\"Art\u2019s, grup cultural, exposa al monestir de les Avellanes i a Orvepard - Orvepard\",\"isPartOf\":{\"@id\":\"https:\\\/\\\/orvepard.org\\\/veinspardinyes\\\/#website\"},\"primaryImageOfPage\":{\"@id\":\"https:\\\/\\\/orvepard.org\\\/veinspardinyes\\\/arts-grup-cultural-exposa-al-monestir-de-les-avellanes-i-a-orvepard\\\/#primaryimage\"},\"image\":{\"@id\":\"https:\\\/\\\/orvepard.org\\\/veinspardinyes\\\/arts-grup-cultural-exposa-al-monestir-de-les-avellanes-i-a-orvepard\\\/#primaryimage\"},\"thumbnailUrl\":\"https:\\\/\\\/orvepard.org\\\/veinspardinyes\\\/wp-content\\\/uploads\\\/2025\\\/07\\\/IMG-20250717-Els-autors-de-les-obres-150x150.jpg\",\"datePublished\":\"2025-07-28T19:15:12+00:00\",\"dateModified\":\"2025-07-28T19:20:37+00:00\",\"breadcrumb\":{\"@id\":\"https:\\\/\\\/orvepard.org\\\/veinspardinyes\\\/arts-grup-cultural-exposa-al-monestir-de-les-avellanes-i-a-orvepard\\\/#breadcrumb\"},\"inLanguage\":\"ca\",\"potentialAction\":[{\"@type\":\"ReadAction\",\"target\":[\"https:\\\/\\\/orvepard.org\\\/veinspardinyes\\\/arts-grup-cultural-exposa-al-monestir-de-les-avellanes-i-a-orvepard\\\/\"]}]},{\"@type\":\"ImageObject\",\"inLanguage\":\"ca\",\"@id\":\"https:\\\/\\\/orvepard.org\\\/veinspardinyes\\\/arts-grup-cultural-exposa-al-monestir-de-les-avellanes-i-a-orvepard\\\/#primaryimage\",\"url\":\"https:\\\/\\\/i0.wp.com\\\/orvepard.org\\\/veinspardinyes\\\/wp-content\\\/uploads\\\/2025\\\/07\\\/IMG-20250717-Els-autors-de-les-obres.jpg?fit=2040%2C1536&ssl=1\",\"contentUrl\":\"https:\\\/\\\/i0.wp.com\\\/orvepard.org\\\/veinspardinyes\\\/wp-content\\\/uploads\\\/2025\\\/07\\\/IMG-20250717-Els-autors-de-les-obres.jpg?fit=2040%2C1536&ssl=1\",\"width\":2040,\"height\":1536},{\"@type\":\"BreadcrumbList\",\"@id\":\"https:\\\/\\\/orvepard.org\\\/veinspardinyes\\\/arts-grup-cultural-exposa-al-monestir-de-les-avellanes-i-a-orvepard\\\/#breadcrumb\",\"itemListElement\":[{\"@type\":\"ListItem\",\"position\":1,\"name\":\"Inici\",\"item\":\"https:\\\/\\\/orvepard.org\\\/veinspardinyes\\\/\"},{\"@type\":\"ListItem\",\"position\":2,\"name\":\"Art\u2019s, grup cultural, exposa al monestir de les Avellanes i a Orvepard\"}]},{\"@type\":\"WebSite\",\"@id\":\"https:\\\/\\\/orvepard.org\\\/veinspardinyes\\\/#website\",\"url\":\"https:\\\/\\\/orvepard.org\\\/veinspardinyes\\\/\",\"name\":\"Orvepard\",\"description\":\"Organitzaci\u00f3 de Ve\u00efns de Pardinyes\",\"publisher\":{\"@id\":\"https:\\\/\\\/orvepard.org\\\/veinspardinyes\\\/#organization\"},\"potentialAction\":[{\"@type\":\"SearchAction\",\"target\":{\"@type\":\"EntryPoint\",\"urlTemplate\":\"https:\\\/\\\/orvepard.org\\\/veinspardinyes\\\/?s={search_term_string}\"},\"query-input\":{\"@type\":\"PropertyValueSpecification\",\"valueRequired\":true,\"valueName\":\"search_term_string\"}}],\"inLanguage\":\"ca\"},{\"@type\":\"Organization\",\"@id\":\"https:\\\/\\\/orvepard.org\\\/veinspardinyes\\\/#organization\",\"name\":\"Orvepard, Organitzaci\u00f3 de Ve\u00efns de Pardinyes\",\"url\":\"https:\\\/\\\/orvepard.org\\\/veinspardinyes\\\/\",\"logo\":{\"@type\":\"ImageObject\",\"inLanguage\":\"ca\",\"@id\":\"https:\\\/\\\/orvepard.org\\\/veinspardinyes\\\/#\\\/schema\\\/logo\\\/image\\\/\",\"url\":\"https:\\\/\\\/i0.wp.com\\\/orvepard.org\\\/veinspardinyes\\\/wp-content\\\/uploads\\\/2017\\\/12\\\/cropped-cropped-cropped-logweborvepardnadal-e1513180524112.png?fit=150%2C113&ssl=1\",\"contentUrl\":\"https:\\\/\\\/i0.wp.com\\\/orvepard.org\\\/veinspardinyes\\\/wp-content\\\/uploads\\\/2017\\\/12\\\/cropped-cropped-cropped-logweborvepardnadal-e1513180524112.png?fit=150%2C113&ssl=1\",\"width\":150,\"height\":113,\"caption\":\"Orvepard, Organitzaci\u00f3 de Ve\u00efns de Pardinyes\"},\"image\":{\"@id\":\"https:\\\/\\\/orvepard.org\\\/veinspardinyes\\\/#\\\/schema\\\/logo\\\/image\\\/\"},\"sameAs\":[\"https:\\\/\\\/es-es.facebook.com\\\/groups\\\/orvepard\\\/\",\"https:\\\/\\\/x.com\\\/veinspardinyes\",\"https:\\\/\\\/www.instagram.com\\\/veinspardinyes\\\/\",\"https:\\\/\\\/app.ebando.es\\\/channel\\\/pardinyes\"]},{\"@type\":\"Person\",\"@id\":\"https:\\\/\\\/orvepard.org\\\/veinspardinyes\\\/#\\\/schema\\\/person\\\/3618644b46fc6e65b607a0eec1291369\",\"name\":\"administrador\",\"image\":{\"@type\":\"ImageObject\",\"inLanguage\":\"ca\",\"@id\":\"https:\\\/\\\/secure.gravatar.com\\\/avatar\\\/2fd7197822e0866420a0db7f19d28db516e5e67d14036b3ae96fe8b14685bd8f?s=96&d=mm&r=g\",\"url\":\"https:\\\/\\\/secure.gravatar.com\\\/avatar\\\/2fd7197822e0866420a0db7f19d28db516e5e67d14036b3ae96fe8b14685bd8f?s=96&d=mm&r=g\",\"contentUrl\":\"https:\\\/\\\/secure.gravatar.com\\\/avatar\\\/2fd7197822e0866420a0db7f19d28db516e5e67d14036b3ae96fe8b14685bd8f?s=96&d=mm&r=g\",\"caption\":\"administrador\"},\"url\":\"https:\\\/\\\/orvepard.org\\\/veinspardinyes\\\/author\\\/administrador\\\/\"}]}<\/script>\n<!-- \/ Yoast SEO plugin. -->","yoast_head_json":{"title":"Art\u2019s, grup cultural, exposa al monestir de les Avellanes i a Orvepard - Orvepard","robots":{"index":"index","follow":"follow","max-snippet":"max-snippet:-1","max-image-preview":"max-image-preview:large","max-video-preview":"max-video-preview:-1"},"canonical":"https:\/\/orvepard.org\/veinspardinyes\/arts-grup-cultural-exposa-al-monestir-de-les-avellanes-i-a-orvepard\/","og_locale":"ca_ES","og_type":"article","og_title":"Art\u2019s, grup cultural, exposa al monestir de les Avellanes i a Orvepard - Orvepard","og_description":"\u2022 Dues mostres col\u00b7lectives obertes fins el 3 i el 17 d\u2019agost Art\u2019s grup cultural de Lleida est\u00e0 exposant dues mostres col\u00b7lectives, una al monestir de les Avellanes, fins el 17 d\u2019agost i una altra a Orvepard de Pardinyes, fins el 3 d\u2019agost.Al monestir de les Avellanes es poden veure obres dels fot\u00f2grafs Enric Rodr\u00edguez [&hellip;]","og_url":"https:\/\/orvepard.org\/veinspardinyes\/arts-grup-cultural-exposa-al-monestir-de-les-avellanes-i-a-orvepard\/","og_site_name":"Orvepard","article_publisher":"https:\/\/es-es.facebook.com\/groups\/orvepard\/","article_published_time":"2025-07-28T19:15:12+00:00","article_modified_time":"2025-07-28T19:20:37+00:00","og_image":[{"url":"https:\/\/i0.wp.com\/orvepard.org\/veinspardinyes\/wp-content\/uploads\/2025\/07\/IMG-20250725-parlaments.jpg?w=184&#038;h=105&#038;ssl=1","type":"","width":"","height":""}],"author":"administrador","twitter_card":"summary_large_image","twitter_creator":"@veinspardinyes","twitter_site":"@veinspardinyes","twitter_misc":{"Escrit per":"administrador","Temps estimat de lectura":"1 minut"},"schema":{"@context":"https:\/\/schema.org","@graph":[{"@type":"Article","@id":"https:\/\/orvepard.org\/veinspardinyes\/arts-grup-cultural-exposa-al-monestir-de-les-avellanes-i-a-orvepard\/#article","isPartOf":{"@id":"https:\/\/orvepard.org\/veinspardinyes\/arts-grup-cultural-exposa-al-monestir-de-les-avellanes-i-a-orvepard\/"},"author":{"name":"administrador","@id":"https:\/\/orvepard.org\/veinspardinyes\/#\/schema\/person\/3618644b46fc6e65b607a0eec1291369"},"headline":"Art\u2019s, grup cultural, exposa al monestir de les Avellanes i a Orvepard","datePublished":"2025-07-28T19:15:12+00:00","dateModified":"2025-07-28T19:20:37+00:00","mainEntityOfPage":{"@id":"https:\/\/orvepard.org\/veinspardinyes\/arts-grup-cultural-exposa-al-monestir-de-les-avellanes-i-a-orvepard\/"},"wordCount":180,"commentCount":0,"publisher":{"@id":"https:\/\/orvepard.org\/veinspardinyes\/#organization"},"image":{"@id":"https:\/\/orvepard.org\/veinspardinyes\/arts-grup-cultural-exposa-al-monestir-de-les-avellanes-i-a-orvepard\/#primaryimage"},"thumbnailUrl":"https:\/\/orvepard.org\/veinspardinyes\/wp-content\/uploads\/2025\/07\/IMG-20250717-Els-autors-de-les-obres-150x150.jpg","articleSection":["General"],"inLanguage":"ca","potentialAction":[{"@type":"CommentAction","name":"Comment","target":["https:\/\/orvepard.org\/veinspardinyes\/arts-grup-cultural-exposa-al-monestir-de-les-avellanes-i-a-orvepard\/#respond"]}]},{"@type":"WebPage","@id":"https:\/\/orvepard.org\/veinspardinyes\/arts-grup-cultural-exposa-al-monestir-de-les-avellanes-i-a-orvepard\/","url":"https:\/\/orvepard.org\/veinspardinyes\/arts-grup-cultural-exposa-al-monestir-de-les-avellanes-i-a-orvepard\/","name":"Art\u2019s, grup cultural, exposa al monestir de les Avellanes i a Orvepard - Orvepard","isPartOf":{"@id":"https:\/\/orvepard.org\/veinspardinyes\/#website"},"primaryImageOfPage":{"@id":"https:\/\/orvepard.org\/veinspardinyes\/arts-grup-cultural-exposa-al-monestir-de-les-avellanes-i-a-orvepard\/#primaryimage"},"image":{"@id":"https:\/\/orvepard.org\/veinspardinyes\/arts-grup-cultural-exposa-al-monestir-de-les-avellanes-i-a-orvepard\/#primaryimage"},"thumbnailUrl":"https:\/\/orvepard.org\/veinspardinyes\/wp-content\/uploads\/2025\/07\/IMG-20250717-Els-autors-de-les-obres-150x150.jpg","datePublished":"2025-07-28T19:15:12+00:00","dateModified":"2025-07-28T19:20:37+00:00","breadcrumb":{"@id":"https:\/\/orvepard.org\/veinspardinyes\/arts-grup-cultural-exposa-al-monestir-de-les-avellanes-i-a-orvepard\/#breadcrumb"},"inLanguage":"ca","potentialAction":[{"@type":"ReadAction","target":["https:\/\/orvepard.org\/veinspardinyes\/arts-grup-cultural-exposa-al-monestir-de-les-avellanes-i-a-orvepard\/"]}]},{"@type":"ImageObject","inLanguage":"ca","@id":"https:\/\/orvepard.org\/veinspardinyes\/arts-grup-cultural-exposa-al-monestir-de-les-avellanes-i-a-orvepard\/#primaryimage","url":"https:\/\/i0.wp.com\/orvepard.org\/veinspardinyes\/wp-content\/uploads\/2025\/07\/IMG-20250717-Els-autors-de-les-obres.jpg?fit=2040%2C1536&ssl=1","contentUrl":"https:\/\/i0.wp.com\/orvepard.org\/veinspardinyes\/wp-content\/uploads\/2025\/07\/IMG-20250717-Els-autors-de-les-obres.jpg?fit=2040%2C1536&ssl=1","width":2040,"height":1536},{"@type":"BreadcrumbList","@id":"https:\/\/orvepard.org\/veinspardinyes\/arts-grup-cultural-exposa-al-monestir-de-les-avellanes-i-a-orvepard\/#breadcrumb","itemListElement":[{"@type":"ListItem","position":1,"name":"Inici","item":"https:\/\/orvepard.org\/veinspardinyes\/"},{"@type":"ListItem","position":2,"name":"Art\u2019s, grup cultural, exposa al monestir de les Avellanes i a Orvepard"}]},{"@type":"WebSite","@id":"https:\/\/orvepard.org\/veinspardinyes\/#website","url":"https:\/\/orvepard.org\/veinspardinyes\/","name":"Orvepard","description":"Organitzaci\u00f3 de Ve\u00efns de Pardinyes","publisher":{"@id":"https:\/\/orvepard.org\/veinspardinyes\/#organization"},"potentialAction":[{"@type":"SearchAction","target":{"@type":"EntryPoint","urlTemplate":"https:\/\/orvepard.org\/veinspardinyes\/?s={search_term_string}"},"query-input":{"@type":"PropertyValueSpecification","valueRequired":true,"valueName":"search_term_string"}}],"inLanguage":"ca"},{"@type":"Organization","@id":"https:\/\/orvepard.org\/veinspardinyes\/#organization","name":"Orvepard, Organitzaci\u00f3 de Ve\u00efns de Pardinyes","url":"https:\/\/orvepard.org\/veinspardinyes\/","logo":{"@type":"ImageObject","inLanguage":"ca","@id":"https:\/\/orvepard.org\/veinspardinyes\/#\/schema\/logo\/image\/","url":"https:\/\/i0.wp.com\/orvepard.org\/veinspardinyes\/wp-content\/uploads\/2017\/12\/cropped-cropped-cropped-logweborvepardnadal-e1513180524112.png?fit=150%2C113&ssl=1","contentUrl":"https:\/\/i0.wp.com\/orvepard.org\/veinspardinyes\/wp-content\/uploads\/2017\/12\/cropped-cropped-cropped-logweborvepardnadal-e1513180524112.png?fit=150%2C113&ssl=1","width":150,"height":113,"caption":"Orvepard, Organitzaci\u00f3 de Ve\u00efns de Pardinyes"},"image":{"@id":"https:\/\/orvepard.org\/veinspardinyes\/#\/schema\/logo\/image\/"},"sameAs":["https:\/\/es-es.facebook.com\/groups\/orvepard\/","https:\/\/x.com\/veinspardinyes","https:\/\/www.instagram.com\/veinspardinyes\/","https:\/\/app.ebando.es\/channel\/pardinyes"]},{"@type":"Person","@id":"https:\/\/orvepard.org\/veinspardinyes\/#\/schema\/person\/3618644b46fc6e65b607a0eec1291369","name":"administrador","image":{"@type":"ImageObject","inLanguage":"ca","@id":"https:\/\/secure.gravatar.com\/avatar\/2fd7197822e0866420a0db7f19d28db516e5e67d14036b3ae96fe8b14685bd8f?s=96&d=mm&r=g","url":"https:\/\/secure.gravatar.com\/avatar\/2fd7197822e0866420a0db7f19d28db516e5e67d14036b3ae96fe8b14685bd8f?s=96&d=mm&r=g","contentUrl":"https:\/\/secure.gravatar.com\/avatar\/2fd7197822e0866420a0db7f19d28db516e5e67d14036b3ae96fe8b14685bd8f?s=96&d=mm&r=g","caption":"administrador"},"url":"https:\/\/orvepard.org\/veinspardinyes\/author\/administrador\/"}]}},"jetpack_publicize_connections":[],"jetpack_featured_media_url":"","jetpack_sharing_enabled":true,"jetpack_shortlink":"https:\/\/wp.me\/p9tnJI-PO","jetpack_likes_enabled":true,"rttpg_featured_image_url":null,"rttpg_author":{"display_name":"administrador","author_link":"https:\/\/orvepard.org\/veinspardinyes\/author\/administrador\/"},"rttpg_comment":0,"rttpg_category":"<a href=\"https:\/\/orvepard.org\/veinspardinyes\/category\/general\/\" rel=\"category tag\">General<\/a>","rttpg_excerpt":"\u2022 Dues mostres col\u00b7lectives obertes fins el 3 i el 17 d\u2019agost Art\u2019s grup cultural de Lleida est\u00e0 exposant dues mostres col\u00b7lectives, una al monestir de les Avellanes, fins el 17 d\u2019agost i una altra a Orvepard de Pardinyes, fins el 3 d\u2019agost.Al monestir de les Avellanes es poden veure obres dels fot\u00f2grafs Enric Rodr\u00edguez&hellip;","_links":{"self":[{"href":"https:\/\/orvepard.org\/veinspardinyes\/wp-json\/wp\/v2\/posts\/3212","targetHints":{"allow":["GET"]}}],"collection":[{"href":"https:\/\/orvepard.org\/veinspardinyes\/wp-json\/wp\/v2\/posts"}],"about":[{"href":"https:\/\/orvepard.org\/veinspardinyes\/wp-json\/wp\/v2\/types\/post"}],"author":[{"embeddable":true,"href":"https:\/\/orvepard.org\/veinspardinyes\/wp-json\/wp\/v2\/users\/1"}],"replies":[{"embeddable":true,"href":"https:\/\/orvepard.org\/veinspardinyes\/wp-json\/wp\/v2\/comments?post=3212"}],"version-history":[{"count":2,"href":"https:\/\/orvepard.org\/veinspardinyes\/wp-json\/wp\/v2\/posts\/3212\/revisions"}],"predecessor-version":[{"id":3219,"href":"https:\/\/orvepard.org\/veinspardinyes\/wp-json\/wp\/v2\/posts\/3212\/revisions\/3219"}],"wp:attachment":[{"href":"https:\/\/orvepard.org\/veinspardinyes\/wp-json\/wp\/v2\/media?parent=3212"}],"wp:term":[{"taxonomy":"category","embeddable":true,"href":"https:\/\/orvepard.org\/veinspardinyes\/wp-json\/wp\/v2\/categories?post=3212"},{"taxonomy":"post_tag","embeddable":true,"href":"https:\/\/orvepard.org\/veinspardinyes\/wp-json\/wp\/v2\/tags?post=3212"}],"curies":[{"name":"wp","href":"https:\/\/api.w.org\/{rel}","templated":true}]}}