{"id":3108,"date":"2025-04-07T15:23:33","date_gmt":"2025-04-07T13:23:33","guid":{"rendered":"https:\/\/orvepard.org\/veinspardinyes\/?p=3108"},"modified":"2025-04-07T15:29:57","modified_gmt":"2025-04-07T13:29:57","slug":"arts-sincorpora-a-la-comissio-de-cultura-dorvepard","status":"publish","type":"post","link":"https:\/\/orvepard.org\/veinspardinyes\/arts-sincorpora-a-la-comissio-de-cultura-dorvepard\/","title":{"rendered":"Art\u2019s s\u2019incorpora a la Comissi\u00f3 de Cultura d\u2019Orvepard"},"content":{"rendered":"<p>Art\u2019s, grup cultural de Lleida, creat l\u2019any 202, composat per una trentena d\u2019artistes de les comarques de Ponent s\u2019ha incorporat, com a secci\u00f3 independent, a la Comissi\u00f3 de Cultura de la Organitzaci\u00f3 de Ve\u00efns de Pardinyes (Orvepard).<\/p>\n<p><a href=\"https:\/\/i0.wp.com\/orvepard.org\/veinspardinyes\/wp-content\/uploads\/2025\/04\/Imatge-de-Ramon-LLlados-2025-03-19-v.jpg?ssl=1\"><img data-recalc-dims=\"1\" loading=\"lazy\" decoding=\"async\" data-attachment-id=\"3109\" data-permalink=\"https:\/\/orvepard.org\/veinspardinyes\/arts-sincorpora-a-la-comissio-de-cultura-dorvepard\/imatge-de-ramon-lllados-2025-03-19-v\/\" data-orig-file=\"https:\/\/i0.wp.com\/orvepard.org\/veinspardinyes\/wp-content\/uploads\/2025\/04\/Imatge-de-Ramon-LLlados-2025-03-19-v.jpg?fit=1018%2C798&amp;ssl=1\" data-orig-size=\"1018,798\" data-comments-opened=\"1\" data-image-meta=\"{&quot;aperture&quot;:&quot;0&quot;,&quot;credit&quot;:&quot;&quot;,&quot;camera&quot;:&quot;&quot;,&quot;caption&quot;:&quot;&quot;,&quot;created_timestamp&quot;:&quot;0&quot;,&quot;copyright&quot;:&quot;&quot;,&quot;focal_length&quot;:&quot;0&quot;,&quot;iso&quot;:&quot;0&quot;,&quot;shutter_speed&quot;:&quot;0&quot;,&quot;title&quot;:&quot;&quot;,&quot;orientation&quot;:&quot;0&quot;}\" data-image-title=\"Imatge de Ram\u00f3n LLlad\u00f3s 2025-03-19-v\" data-image-description=\"\" data-image-caption=\"\" data-large-file=\"https:\/\/i0.wp.com\/orvepard.org\/veinspardinyes\/wp-content\/uploads\/2025\/04\/Imatge-de-Ramon-LLlados-2025-03-19-v.jpg?fit=640%2C502&amp;ssl=1\" class=\"wp-image-3109  alignleft\" src=\"https:\/\/i0.wp.com\/orvepard.org\/veinspardinyes\/wp-content\/uploads\/2025\/04\/Imatge-de-Ramon-LLlados-2025-03-19-v.jpg?resize=366%2C287&#038;ssl=1\" alt=\"\" width=\"366\" height=\"287\" srcset=\"https:\/\/i0.wp.com\/orvepard.org\/veinspardinyes\/wp-content\/uploads\/2025\/04\/Imatge-de-Ramon-LLlados-2025-03-19-v.jpg?w=1018&amp;ssl=1 1018w, https:\/\/i0.wp.com\/orvepard.org\/veinspardinyes\/wp-content\/uploads\/2025\/04\/Imatge-de-Ramon-LLlados-2025-03-19-v.jpg?resize=300%2C235&amp;ssl=1 300w, https:\/\/i0.wp.com\/orvepard.org\/veinspardinyes\/wp-content\/uploads\/2025\/04\/Imatge-de-Ramon-LLlados-2025-03-19-v.jpg?resize=768%2C602&amp;ssl=1 768w\" sizes=\"auto, (max-width: 366px) 100vw, 366px\" \/><\/a>La proposta del col\u00b7lectiu Cultural, va ser aprovada, per unanimitat dels assistents, durant la reuni\u00f3 del 19 de mar\u00e7 de 2025 i es va fer efectiva el 26 de mar\u00e7 de 2025 amb la signatura d\u2019un Acord de Col\u00b7laboraci\u00f3 signat per part d\u2019Orvepard per Joan Torn\u00e9, president i Jordina Cervera, presidenta de Cultura i Ram\u00f3n Marsol, president i Ram\u00f3n Llad\u00f3s, coordinador, per part d\u2019Art\u2019s.<\/p>\n<p>L\u2019objectiu del col\u00b7lectiu Art\u2019s, a trav\u00e9s d\u2019aquest conveni de col\u00b7laboraci\u00f3 amb Orvepard, \u00e9s gaudir de ra\u00f3 social en<a href=\"https:\/\/i0.wp.com\/orvepard.org\/veinspardinyes\/wp-content\/uploads\/2025\/04\/IMG-20250328-Ramon-Marsol-Joan-Torne-Georgina-Cervera-i-Ramon-Llados-v.jpg?ssl=1\"><img data-recalc-dims=\"1\" loading=\"lazy\" decoding=\"async\" data-attachment-id=\"3110\" data-permalink=\"https:\/\/orvepard.org\/veinspardinyes\/arts-sincorpora-a-la-comissio-de-cultura-dorvepard\/img-20250328-ramon-marsol-joan-torne-georgina-cervera-i-ramon-llados-v\/\" data-orig-file=\"https:\/\/i0.wp.com\/orvepard.org\/veinspardinyes\/wp-content\/uploads\/2025\/04\/IMG-20250328-Ramon-Marsol-Joan-Torne-Georgina-Cervera-i-Ramon-Llados-v.jpg?fit=686%2C459&amp;ssl=1\" data-orig-size=\"686,459\" data-comments-opened=\"1\" data-image-meta=\"{&quot;aperture&quot;:&quot;0&quot;,&quot;credit&quot;:&quot;&quot;,&quot;camera&quot;:&quot;&quot;,&quot;caption&quot;:&quot;&quot;,&quot;created_timestamp&quot;:&quot;0&quot;,&quot;copyright&quot;:&quot;&quot;,&quot;focal_length&quot;:&quot;0&quot;,&quot;iso&quot;:&quot;0&quot;,&quot;shutter_speed&quot;:&quot;0&quot;,&quot;title&quot;:&quot;&quot;,&quot;orientation&quot;:&quot;0&quot;}\" data-image-title=\"IMG-20250328-Ram\u00f3n Marsol, Joan Torn\u00e9, Georgina Cervera i Ram\u00f3n Llad\u00f3s-v\" data-image-description=\"\" data-image-caption=\"\" data-large-file=\"https:\/\/i0.wp.com\/orvepard.org\/veinspardinyes\/wp-content\/uploads\/2025\/04\/IMG-20250328-Ramon-Marsol-Joan-Torne-Georgina-Cervera-i-Ramon-Llados-v.jpg?fit=640%2C428&amp;ssl=1\" class=\"wp-image-3110 size-medium alignright\" src=\"https:\/\/i0.wp.com\/orvepard.org\/veinspardinyes\/wp-content\/uploads\/2025\/04\/IMG-20250328-Ramon-Marsol-Joan-Torne-Georgina-Cervera-i-Ramon-Llados-v.jpg?resize=300%2C201&#038;ssl=1\" alt=\"\" width=\"300\" height=\"201\" srcset=\"https:\/\/i0.wp.com\/orvepard.org\/veinspardinyes\/wp-content\/uploads\/2025\/04\/IMG-20250328-Ramon-Marsol-Joan-Torne-Georgina-Cervera-i-Ramon-Llados-v.jpg?resize=300%2C201&amp;ssl=1 300w, https:\/\/i0.wp.com\/orvepard.org\/veinspardinyes\/wp-content\/uploads\/2025\/04\/IMG-20250328-Ramon-Marsol-Joan-Torne-Georgina-Cervera-i-Ramon-Llados-v.jpg?w=686&amp;ssl=1 686w\" sizes=\"auto, (max-width: 300px) 100vw, 300px\" \/><\/a> l\u2019edifici del Centre C\u00edvic de Pardinyes. Col\u00b7laborar en diferents activitats culturals que programi la Organitzaci\u00f3 de Ve\u00efns,i poder usar la sala d\u2019exposicions Rogelio Aragon\u00e9s i altres espais per mostrar les obres d\u2019art del grup i programar diferents activitats culturals, organitzades per Art\u2019s.<\/p>\n<p>Els membres de Junta de Art\u2019s, grup cultural, aprovada en la reuni\u00f3 del 4 de mar\u00e7 de 2025, s\u00f3n: Ram\u00f3n Marsol, president. Enric Rodr\u00edguez Garc\u00eda, vicepresident. Ram\u00f3n Llad\u00f3s, coordinador del grup i responsable de les relacions institucionals. Juli Vallory, administrador de xarxes socials i Amadeu Bonet i Bold\u00fa, tresorer. Lluc Blaya du a terme la supervisi\u00f3 i monitoratge de continguts; Josep Maria Font i Oncins, vocal assessor i Paco Castillo, vocal de comunicaci\u00f3.<\/p>\n","protected":false},"excerpt":{"rendered":"<p>Art\u2019s, grup cultural de Lleida, creat l\u2019any 202, composat per una trentena d\u2019artistes de les comarques de Ponent s\u2019ha incorporat, com a secci\u00f3 independent, a la Comissi\u00f3 de Cultura de la Organitzaci\u00f3 de Ve\u00efns de Pardinyes (Orvepard). La proposta del col\u00b7lectiu Cultural, va ser aprovada, per unanimitat dels assistents, durant la reuni\u00f3 del 19 de [&hellip;]<\/p>\n","protected":false},"author":1,"featured_media":0,"comment_status":"open","ping_status":"open","sticky":false,"template":"","format":"standard","meta":{"jetpack_post_was_ever_published":false,"_jetpack_newsletter_access":"","_jetpack_dont_email_post_to_subs":false,"_jetpack_newsletter_tier_id":0,"_jetpack_memberships_contains_paywalled_content":false,"_jetpack_memberships_contains_paid_content":false,"footnotes":"","jetpack_publicize_message":"","jetpack_publicize_feature_enabled":true,"jetpack_social_post_already_shared":true,"jetpack_social_options":{"image_generator_settings":{"template":"highway","default_image_id":0,"font":"","enabled":false},"version":2}},"categories":[1],"tags":[],"class_list":["post-3108","post","type-post","status-publish","format-standard","hentry","category-general"],"yoast_head":"<!-- This site is optimized with the Yoast SEO plugin v27.3 - https:\/\/yoast.com\/product\/yoast-seo-wordpress\/ -->\n<title>Art\u2019s s\u2019incorpora a la Comissi\u00f3 de Cultura d\u2019Orvepard - Orvepard<\/title>\n<meta name=\"robots\" content=\"index, follow, max-snippet:-1, max-image-preview:large, max-video-preview:-1\" \/>\n<link rel=\"canonical\" href=\"https:\/\/orvepard.org\/veinspardinyes\/arts-sincorpora-a-la-comissio-de-cultura-dorvepard\/\" \/>\n<meta property=\"og:locale\" content=\"ca_ES\" \/>\n<meta property=\"og:type\" content=\"article\" \/>\n<meta property=\"og:title\" content=\"Art\u2019s s\u2019incorpora a la Comissi\u00f3 de Cultura d\u2019Orvepard - Orvepard\" \/>\n<meta property=\"og:description\" content=\"Art\u2019s, grup cultural de Lleida, creat l\u2019any 202, composat per una trentena d\u2019artistes de les comarques de Ponent s\u2019ha incorporat, com a secci\u00f3 independent, a la Comissi\u00f3 de Cultura de la Organitzaci\u00f3 de Ve\u00efns de Pardinyes (Orvepard). La proposta del col\u00b7lectiu Cultural, va ser aprovada, per unanimitat dels assistents, durant la reuni\u00f3 del 19 de [&hellip;]\" \/>\n<meta property=\"og:url\" content=\"https:\/\/orvepard.org\/veinspardinyes\/arts-sincorpora-a-la-comissio-de-cultura-dorvepard\/\" \/>\n<meta property=\"og:site_name\" content=\"Orvepard\" \/>\n<meta property=\"article:publisher\" content=\"https:\/\/es-es.facebook.com\/groups\/orvepard\/\" \/>\n<meta property=\"article:published_time\" content=\"2025-04-07T13:23:33+00:00\" \/>\n<meta property=\"article:modified_time\" content=\"2025-04-07T13:29:57+00:00\" \/>\n<meta property=\"og:image\" content=\"https:\/\/orvepard.org\/veinspardinyes\/wp-content\/uploads\/2025\/04\/Imatge-de-Ramon-LLlados-2025-03-19-v.jpg\" \/>\n<meta name=\"author\" content=\"administrador\" \/>\n<meta name=\"twitter:card\" content=\"summary_large_image\" \/>\n<meta name=\"twitter:creator\" content=\"@veinspardinyes\" \/>\n<meta name=\"twitter:site\" content=\"@veinspardinyes\" \/>\n<meta name=\"twitter:label1\" content=\"Escrit per\" \/>\n\t<meta name=\"twitter:data1\" content=\"administrador\" \/>\n\t<meta name=\"twitter:label2\" content=\"Temps estimat de lectura\" \/>\n\t<meta name=\"twitter:data2\" content=\"1 minut\" \/>\n<script type=\"application\/ld+json\" class=\"yoast-schema-graph\">{\"@context\":\"https:\\\/\\\/schema.org\",\"@graph\":[{\"@type\":\"Article\",\"@id\":\"https:\\\/\\\/orvepard.org\\\/veinspardinyes\\\/arts-sincorpora-a-la-comissio-de-cultura-dorvepard\\\/#article\",\"isPartOf\":{\"@id\":\"https:\\\/\\\/orvepard.org\\\/veinspardinyes\\\/arts-sincorpora-a-la-comissio-de-cultura-dorvepard\\\/\"},\"author\":{\"name\":\"administrador\",\"@id\":\"https:\\\/\\\/orvepard.org\\\/veinspardinyes\\\/#\\\/schema\\\/person\\\/3618644b46fc6e65b607a0eec1291369\"},\"headline\":\"Art\u2019s s\u2019incorpora a la Comissi\u00f3 de Cultura d\u2019Orvepard\",\"datePublished\":\"2025-04-07T13:23:33+00:00\",\"dateModified\":\"2025-04-07T13:29:57+00:00\",\"mainEntityOfPage\":{\"@id\":\"https:\\\/\\\/orvepard.org\\\/veinspardinyes\\\/arts-sincorpora-a-la-comissio-de-cultura-dorvepard\\\/\"},\"wordCount\":274,\"commentCount\":0,\"publisher\":{\"@id\":\"https:\\\/\\\/orvepard.org\\\/veinspardinyes\\\/#organization\"},\"image\":{\"@id\":\"https:\\\/\\\/orvepard.org\\\/veinspardinyes\\\/arts-sincorpora-a-la-comissio-de-cultura-dorvepard\\\/#primaryimage\"},\"thumbnailUrl\":\"https:\\\/\\\/orvepard.org\\\/veinspardinyes\\\/wp-content\\\/uploads\\\/2025\\\/04\\\/Imatge-de-Ramon-LLlados-2025-03-19-v.jpg\",\"articleSection\":[\"General\"],\"inLanguage\":\"ca\",\"potentialAction\":[{\"@type\":\"CommentAction\",\"name\":\"Comment\",\"target\":[\"https:\\\/\\\/orvepard.org\\\/veinspardinyes\\\/arts-sincorpora-a-la-comissio-de-cultura-dorvepard\\\/#respond\"]}]},{\"@type\":\"WebPage\",\"@id\":\"https:\\\/\\\/orvepard.org\\\/veinspardinyes\\\/arts-sincorpora-a-la-comissio-de-cultura-dorvepard\\\/\",\"url\":\"https:\\\/\\\/orvepard.org\\\/veinspardinyes\\\/arts-sincorpora-a-la-comissio-de-cultura-dorvepard\\\/\",\"name\":\"Art\u2019s s\u2019incorpora a la Comissi\u00f3 de Cultura d\u2019Orvepard - Orvepard\",\"isPartOf\":{\"@id\":\"https:\\\/\\\/orvepard.org\\\/veinspardinyes\\\/#website\"},\"primaryImageOfPage\":{\"@id\":\"https:\\\/\\\/orvepard.org\\\/veinspardinyes\\\/arts-sincorpora-a-la-comissio-de-cultura-dorvepard\\\/#primaryimage\"},\"image\":{\"@id\":\"https:\\\/\\\/orvepard.org\\\/veinspardinyes\\\/arts-sincorpora-a-la-comissio-de-cultura-dorvepard\\\/#primaryimage\"},\"thumbnailUrl\":\"https:\\\/\\\/orvepard.org\\\/veinspardinyes\\\/wp-content\\\/uploads\\\/2025\\\/04\\\/Imatge-de-Ramon-LLlados-2025-03-19-v.jpg\",\"datePublished\":\"2025-04-07T13:23:33+00:00\",\"dateModified\":\"2025-04-07T13:29:57+00:00\",\"breadcrumb\":{\"@id\":\"https:\\\/\\\/orvepard.org\\\/veinspardinyes\\\/arts-sincorpora-a-la-comissio-de-cultura-dorvepard\\\/#breadcrumb\"},\"inLanguage\":\"ca\",\"potentialAction\":[{\"@type\":\"ReadAction\",\"target\":[\"https:\\\/\\\/orvepard.org\\\/veinspardinyes\\\/arts-sincorpora-a-la-comissio-de-cultura-dorvepard\\\/\"]}]},{\"@type\":\"ImageObject\",\"inLanguage\":\"ca\",\"@id\":\"https:\\\/\\\/orvepard.org\\\/veinspardinyes\\\/arts-sincorpora-a-la-comissio-de-cultura-dorvepard\\\/#primaryimage\",\"url\":\"https:\\\/\\\/i0.wp.com\\\/orvepard.org\\\/veinspardinyes\\\/wp-content\\\/uploads\\\/2025\\\/04\\\/Imatge-de-Ramon-LLlados-2025-03-19-v.jpg?fit=1018%2C798&ssl=1\",\"contentUrl\":\"https:\\\/\\\/i0.wp.com\\\/orvepard.org\\\/veinspardinyes\\\/wp-content\\\/uploads\\\/2025\\\/04\\\/Imatge-de-Ramon-LLlados-2025-03-19-v.jpg?fit=1018%2C798&ssl=1\",\"width\":1018,\"height\":798},{\"@type\":\"BreadcrumbList\",\"@id\":\"https:\\\/\\\/orvepard.org\\\/veinspardinyes\\\/arts-sincorpora-a-la-comissio-de-cultura-dorvepard\\\/#breadcrumb\",\"itemListElement\":[{\"@type\":\"ListItem\",\"position\":1,\"name\":\"Inici\",\"item\":\"https:\\\/\\\/orvepard.org\\\/veinspardinyes\\\/\"},{\"@type\":\"ListItem\",\"position\":2,\"name\":\"Art\u2019s s\u2019incorpora a la Comissi\u00f3 de Cultura d\u2019Orvepard\"}]},{\"@type\":\"WebSite\",\"@id\":\"https:\\\/\\\/orvepard.org\\\/veinspardinyes\\\/#website\",\"url\":\"https:\\\/\\\/orvepard.org\\\/veinspardinyes\\\/\",\"name\":\"Orvepard\",\"description\":\"Organitzaci\u00f3 de Ve\u00efns de Pardinyes\",\"publisher\":{\"@id\":\"https:\\\/\\\/orvepard.org\\\/veinspardinyes\\\/#organization\"},\"potentialAction\":[{\"@type\":\"SearchAction\",\"target\":{\"@type\":\"EntryPoint\",\"urlTemplate\":\"https:\\\/\\\/orvepard.org\\\/veinspardinyes\\\/?s={search_term_string}\"},\"query-input\":{\"@type\":\"PropertyValueSpecification\",\"valueRequired\":true,\"valueName\":\"search_term_string\"}}],\"inLanguage\":\"ca\"},{\"@type\":\"Organization\",\"@id\":\"https:\\\/\\\/orvepard.org\\\/veinspardinyes\\\/#organization\",\"name\":\"Orvepard, Organitzaci\u00f3 de Ve\u00efns de Pardinyes\",\"url\":\"https:\\\/\\\/orvepard.org\\\/veinspardinyes\\\/\",\"logo\":{\"@type\":\"ImageObject\",\"inLanguage\":\"ca\",\"@id\":\"https:\\\/\\\/orvepard.org\\\/veinspardinyes\\\/#\\\/schema\\\/logo\\\/image\\\/\",\"url\":\"https:\\\/\\\/i0.wp.com\\\/orvepard.org\\\/veinspardinyes\\\/wp-content\\\/uploads\\\/2017\\\/12\\\/cropped-cropped-cropped-logweborvepardnadal-e1513180524112.png?fit=150%2C113&ssl=1\",\"contentUrl\":\"https:\\\/\\\/i0.wp.com\\\/orvepard.org\\\/veinspardinyes\\\/wp-content\\\/uploads\\\/2017\\\/12\\\/cropped-cropped-cropped-logweborvepardnadal-e1513180524112.png?fit=150%2C113&ssl=1\",\"width\":150,\"height\":113,\"caption\":\"Orvepard, Organitzaci\u00f3 de Ve\u00efns de Pardinyes\"},\"image\":{\"@id\":\"https:\\\/\\\/orvepard.org\\\/veinspardinyes\\\/#\\\/schema\\\/logo\\\/image\\\/\"},\"sameAs\":[\"https:\\\/\\\/es-es.facebook.com\\\/groups\\\/orvepard\\\/\",\"https:\\\/\\\/x.com\\\/veinspardinyes\",\"https:\\\/\\\/www.instagram.com\\\/veinspardinyes\\\/\",\"https:\\\/\\\/app.ebando.es\\\/channel\\\/pardinyes\"]},{\"@type\":\"Person\",\"@id\":\"https:\\\/\\\/orvepard.org\\\/veinspardinyes\\\/#\\\/schema\\\/person\\\/3618644b46fc6e65b607a0eec1291369\",\"name\":\"administrador\",\"image\":{\"@type\":\"ImageObject\",\"inLanguage\":\"ca\",\"@id\":\"https:\\\/\\\/secure.gravatar.com\\\/avatar\\\/2fd7197822e0866420a0db7f19d28db516e5e67d14036b3ae96fe8b14685bd8f?s=96&d=mm&r=g\",\"url\":\"https:\\\/\\\/secure.gravatar.com\\\/avatar\\\/2fd7197822e0866420a0db7f19d28db516e5e67d14036b3ae96fe8b14685bd8f?s=96&d=mm&r=g\",\"contentUrl\":\"https:\\\/\\\/secure.gravatar.com\\\/avatar\\\/2fd7197822e0866420a0db7f19d28db516e5e67d14036b3ae96fe8b14685bd8f?s=96&d=mm&r=g\",\"caption\":\"administrador\"},\"url\":\"https:\\\/\\\/orvepard.org\\\/veinspardinyes\\\/author\\\/administrador\\\/\"}]}<\/script>\n<!-- \/ Yoast SEO plugin. -->","yoast_head_json":{"title":"Art\u2019s s\u2019incorpora a la Comissi\u00f3 de Cultura d\u2019Orvepard - Orvepard","robots":{"index":"index","follow":"follow","max-snippet":"max-snippet:-1","max-image-preview":"max-image-preview:large","max-video-preview":"max-video-preview:-1"},"canonical":"https:\/\/orvepard.org\/veinspardinyes\/arts-sincorpora-a-la-comissio-de-cultura-dorvepard\/","og_locale":"ca_ES","og_type":"article","og_title":"Art\u2019s s\u2019incorpora a la Comissi\u00f3 de Cultura d\u2019Orvepard - Orvepard","og_description":"Art\u2019s, grup cultural de Lleida, creat l\u2019any 202, composat per una trentena d\u2019artistes de les comarques de Ponent s\u2019ha incorporat, com a secci\u00f3 independent, a la Comissi\u00f3 de Cultura de la Organitzaci\u00f3 de Ve\u00efns de Pardinyes (Orvepard). La proposta del col\u00b7lectiu Cultural, va ser aprovada, per unanimitat dels assistents, durant la reuni\u00f3 del 19 de [&hellip;]","og_url":"https:\/\/orvepard.org\/veinspardinyes\/arts-sincorpora-a-la-comissio-de-cultura-dorvepard\/","og_site_name":"Orvepard","article_publisher":"https:\/\/es-es.facebook.com\/groups\/orvepard\/","article_published_time":"2025-04-07T13:23:33+00:00","article_modified_time":"2025-04-07T13:29:57+00:00","og_image":[{"url":"https:\/\/orvepard.org\/veinspardinyes\/wp-content\/uploads\/2025\/04\/Imatge-de-Ramon-LLlados-2025-03-19-v.jpg","type":"","width":"","height":""}],"author":"administrador","twitter_card":"summary_large_image","twitter_creator":"@veinspardinyes","twitter_site":"@veinspardinyes","twitter_misc":{"Escrit per":"administrador","Temps estimat de lectura":"1 minut"},"schema":{"@context":"https:\/\/schema.org","@graph":[{"@type":"Article","@id":"https:\/\/orvepard.org\/veinspardinyes\/arts-sincorpora-a-la-comissio-de-cultura-dorvepard\/#article","isPartOf":{"@id":"https:\/\/orvepard.org\/veinspardinyes\/arts-sincorpora-a-la-comissio-de-cultura-dorvepard\/"},"author":{"name":"administrador","@id":"https:\/\/orvepard.org\/veinspardinyes\/#\/schema\/person\/3618644b46fc6e65b607a0eec1291369"},"headline":"Art\u2019s s\u2019incorpora a la Comissi\u00f3 de Cultura d\u2019Orvepard","datePublished":"2025-04-07T13:23:33+00:00","dateModified":"2025-04-07T13:29:57+00:00","mainEntityOfPage":{"@id":"https:\/\/orvepard.org\/veinspardinyes\/arts-sincorpora-a-la-comissio-de-cultura-dorvepard\/"},"wordCount":274,"commentCount":0,"publisher":{"@id":"https:\/\/orvepard.org\/veinspardinyes\/#organization"},"image":{"@id":"https:\/\/orvepard.org\/veinspardinyes\/arts-sincorpora-a-la-comissio-de-cultura-dorvepard\/#primaryimage"},"thumbnailUrl":"https:\/\/orvepard.org\/veinspardinyes\/wp-content\/uploads\/2025\/04\/Imatge-de-Ramon-LLlados-2025-03-19-v.jpg","articleSection":["General"],"inLanguage":"ca","potentialAction":[{"@type":"CommentAction","name":"Comment","target":["https:\/\/orvepard.org\/veinspardinyes\/arts-sincorpora-a-la-comissio-de-cultura-dorvepard\/#respond"]}]},{"@type":"WebPage","@id":"https:\/\/orvepard.org\/veinspardinyes\/arts-sincorpora-a-la-comissio-de-cultura-dorvepard\/","url":"https:\/\/orvepard.org\/veinspardinyes\/arts-sincorpora-a-la-comissio-de-cultura-dorvepard\/","name":"Art\u2019s s\u2019incorpora a la Comissi\u00f3 de Cultura d\u2019Orvepard - Orvepard","isPartOf":{"@id":"https:\/\/orvepard.org\/veinspardinyes\/#website"},"primaryImageOfPage":{"@id":"https:\/\/orvepard.org\/veinspardinyes\/arts-sincorpora-a-la-comissio-de-cultura-dorvepard\/#primaryimage"},"image":{"@id":"https:\/\/orvepard.org\/veinspardinyes\/arts-sincorpora-a-la-comissio-de-cultura-dorvepard\/#primaryimage"},"thumbnailUrl":"https:\/\/orvepard.org\/veinspardinyes\/wp-content\/uploads\/2025\/04\/Imatge-de-Ramon-LLlados-2025-03-19-v.jpg","datePublished":"2025-04-07T13:23:33+00:00","dateModified":"2025-04-07T13:29:57+00:00","breadcrumb":{"@id":"https:\/\/orvepard.org\/veinspardinyes\/arts-sincorpora-a-la-comissio-de-cultura-dorvepard\/#breadcrumb"},"inLanguage":"ca","potentialAction":[{"@type":"ReadAction","target":["https:\/\/orvepard.org\/veinspardinyes\/arts-sincorpora-a-la-comissio-de-cultura-dorvepard\/"]}]},{"@type":"ImageObject","inLanguage":"ca","@id":"https:\/\/orvepard.org\/veinspardinyes\/arts-sincorpora-a-la-comissio-de-cultura-dorvepard\/#primaryimage","url":"https:\/\/i0.wp.com\/orvepard.org\/veinspardinyes\/wp-content\/uploads\/2025\/04\/Imatge-de-Ramon-LLlados-2025-03-19-v.jpg?fit=1018%2C798&ssl=1","contentUrl":"https:\/\/i0.wp.com\/orvepard.org\/veinspardinyes\/wp-content\/uploads\/2025\/04\/Imatge-de-Ramon-LLlados-2025-03-19-v.jpg?fit=1018%2C798&ssl=1","width":1018,"height":798},{"@type":"BreadcrumbList","@id":"https:\/\/orvepard.org\/veinspardinyes\/arts-sincorpora-a-la-comissio-de-cultura-dorvepard\/#breadcrumb","itemListElement":[{"@type":"ListItem","position":1,"name":"Inici","item":"https:\/\/orvepard.org\/veinspardinyes\/"},{"@type":"ListItem","position":2,"name":"Art\u2019s s\u2019incorpora a la Comissi\u00f3 de Cultura d\u2019Orvepard"}]},{"@type":"WebSite","@id":"https:\/\/orvepard.org\/veinspardinyes\/#website","url":"https:\/\/orvepard.org\/veinspardinyes\/","name":"Orvepard","description":"Organitzaci\u00f3 de Ve\u00efns de Pardinyes","publisher":{"@id":"https:\/\/orvepard.org\/veinspardinyes\/#organization"},"potentialAction":[{"@type":"SearchAction","target":{"@type":"EntryPoint","urlTemplate":"https:\/\/orvepard.org\/veinspardinyes\/?s={search_term_string}"},"query-input":{"@type":"PropertyValueSpecification","valueRequired":true,"valueName":"search_term_string"}}],"inLanguage":"ca"},{"@type":"Organization","@id":"https:\/\/orvepard.org\/veinspardinyes\/#organization","name":"Orvepard, Organitzaci\u00f3 de Ve\u00efns de Pardinyes","url":"https:\/\/orvepard.org\/veinspardinyes\/","logo":{"@type":"ImageObject","inLanguage":"ca","@id":"https:\/\/orvepard.org\/veinspardinyes\/#\/schema\/logo\/image\/","url":"https:\/\/i0.wp.com\/orvepard.org\/veinspardinyes\/wp-content\/uploads\/2017\/12\/cropped-cropped-cropped-logweborvepardnadal-e1513180524112.png?fit=150%2C113&ssl=1","contentUrl":"https:\/\/i0.wp.com\/orvepard.org\/veinspardinyes\/wp-content\/uploads\/2017\/12\/cropped-cropped-cropped-logweborvepardnadal-e1513180524112.png?fit=150%2C113&ssl=1","width":150,"height":113,"caption":"Orvepard, Organitzaci\u00f3 de Ve\u00efns de Pardinyes"},"image":{"@id":"https:\/\/orvepard.org\/veinspardinyes\/#\/schema\/logo\/image\/"},"sameAs":["https:\/\/es-es.facebook.com\/groups\/orvepard\/","https:\/\/x.com\/veinspardinyes","https:\/\/www.instagram.com\/veinspardinyes\/","https:\/\/app.ebando.es\/channel\/pardinyes"]},{"@type":"Person","@id":"https:\/\/orvepard.org\/veinspardinyes\/#\/schema\/person\/3618644b46fc6e65b607a0eec1291369","name":"administrador","image":{"@type":"ImageObject","inLanguage":"ca","@id":"https:\/\/secure.gravatar.com\/avatar\/2fd7197822e0866420a0db7f19d28db516e5e67d14036b3ae96fe8b14685bd8f?s=96&d=mm&r=g","url":"https:\/\/secure.gravatar.com\/avatar\/2fd7197822e0866420a0db7f19d28db516e5e67d14036b3ae96fe8b14685bd8f?s=96&d=mm&r=g","contentUrl":"https:\/\/secure.gravatar.com\/avatar\/2fd7197822e0866420a0db7f19d28db516e5e67d14036b3ae96fe8b14685bd8f?s=96&d=mm&r=g","caption":"administrador"},"url":"https:\/\/orvepard.org\/veinspardinyes\/author\/administrador\/"}]}},"jetpack_publicize_connections":[],"jetpack_featured_media_url":"","jetpack_sharing_enabled":true,"jetpack_shortlink":"https:\/\/wp.me\/p9tnJI-O8","jetpack_likes_enabled":true,"rttpg_featured_image_url":null,"rttpg_author":{"display_name":"administrador","author_link":"https:\/\/orvepard.org\/veinspardinyes\/author\/administrador\/"},"rttpg_comment":0,"rttpg_category":"<a href=\"https:\/\/orvepard.org\/veinspardinyes\/category\/general\/\" rel=\"category tag\">General<\/a>","rttpg_excerpt":"Art\u2019s, grup cultural de Lleida, creat l\u2019any 202, composat per una trentena d\u2019artistes de les comarques de Ponent s\u2019ha incorporat, com a secci\u00f3 independent, a la Comissi\u00f3 de Cultura de la Organitzaci\u00f3 de Ve\u00efns de Pardinyes (Orvepard). La proposta del col\u00b7lectiu Cultural, va ser aprovada, per unanimitat dels assistents, durant la reuni\u00f3 del 19 de&hellip;","_links":{"self":[{"href":"https:\/\/orvepard.org\/veinspardinyes\/wp-json\/wp\/v2\/posts\/3108","targetHints":{"allow":["GET"]}}],"collection":[{"href":"https:\/\/orvepard.org\/veinspardinyes\/wp-json\/wp\/v2\/posts"}],"about":[{"href":"https:\/\/orvepard.org\/veinspardinyes\/wp-json\/wp\/v2\/types\/post"}],"author":[{"embeddable":true,"href":"https:\/\/orvepard.org\/veinspardinyes\/wp-json\/wp\/v2\/users\/1"}],"replies":[{"embeddable":true,"href":"https:\/\/orvepard.org\/veinspardinyes\/wp-json\/wp\/v2\/comments?post=3108"}],"version-history":[{"count":2,"href":"https:\/\/orvepard.org\/veinspardinyes\/wp-json\/wp\/v2\/posts\/3108\/revisions"}],"predecessor-version":[{"id":3113,"href":"https:\/\/orvepard.org\/veinspardinyes\/wp-json\/wp\/v2\/posts\/3108\/revisions\/3113"}],"wp:attachment":[{"href":"https:\/\/orvepard.org\/veinspardinyes\/wp-json\/wp\/v2\/media?parent=3108"}],"wp:term":[{"taxonomy":"category","embeddable":true,"href":"https:\/\/orvepard.org\/veinspardinyes\/wp-json\/wp\/v2\/categories?post=3108"},{"taxonomy":"post_tag","embeddable":true,"href":"https:\/\/orvepard.org\/veinspardinyes\/wp-json\/wp\/v2\/tags?post=3108"}],"curies":[{"name":"wp","href":"https:\/\/api.w.org\/{rel}","templated":true}]}}