{"id":3036,"date":"2024-12-13T19:08:29","date_gmt":"2024-12-13T18:08:29","guid":{"rendered":"https:\/\/orvepard.org\/veinspardinyes\/?p=3036"},"modified":"2024-12-13T19:09:46","modified_gmt":"2024-12-13T18:09:46","slug":"calendari-2025","status":"publish","type":"post","link":"https:\/\/orvepard.org\/veinspardinyes\/calendari-2025\/","title":{"rendered":"Calendari 2025"},"content":{"rendered":"\n<p><strong>Ja est\u00e0 a la venda el calendari 2025 de Pardinyes per nom\u00e9s 10 \u20ac!<\/strong><br>Aquest any, el calendari \u00e9s un homenatge a Llu\u00eds Terr\u00e9s, un apassionat de la fotografia durant els anys 50 que va capturar l&#8217;ess\u00e8ncia del barri de Pardinyes amb la seva c\u00e0mera. Carrer per carrer, va immortalitzar cada rac\u00f3 del barri, deixant-nos un llegat \u00fanic.<\/p>\n\n\n<div class=\"wp-block-image\">\n<figure class=\"alignright is-resized\"><a href=\"https:\/\/i0.wp.com\/orvepard.org\/veinspardinyes\/wp-content\/uploads\/2024\/12\/calendari25.jpeg?ssl=1\" target=\"_blank\" rel=\" noreferrer noopener\"><img data-recalc-dims=\"1\" loading=\"lazy\" decoding=\"async\" width=\"640\" height=\"853\" data-attachment-id=\"3037\" data-permalink=\"https:\/\/orvepard.org\/veinspardinyes\/calendari-2025\/calendari25\/\" data-orig-file=\"https:\/\/i0.wp.com\/orvepard.org\/veinspardinyes\/wp-content\/uploads\/2024\/12\/calendari25.jpeg?fit=652%2C869&amp;ssl=1\" data-orig-size=\"652,869\" data-comments-opened=\"1\" data-image-meta=\"{&quot;aperture&quot;:&quot;0&quot;,&quot;credit&quot;:&quot;&quot;,&quot;camera&quot;:&quot;&quot;,&quot;caption&quot;:&quot;&quot;,&quot;created_timestamp&quot;:&quot;0&quot;,&quot;copyright&quot;:&quot;&quot;,&quot;focal_length&quot;:&quot;0&quot;,&quot;iso&quot;:&quot;0&quot;,&quot;shutter_speed&quot;:&quot;0&quot;,&quot;title&quot;:&quot;&quot;,&quot;orientation&quot;:&quot;0&quot;}\" data-image-title=\"calendari25\" data-image-description=\"\" data-image-caption=\"\" data-large-file=\"https:\/\/i0.wp.com\/orvepard.org\/veinspardinyes\/wp-content\/uploads\/2024\/12\/calendari25.jpeg?fit=600%2C800&amp;ssl=1\" src=\"https:\/\/i0.wp.com\/orvepard.org\/veinspardinyes\/wp-content\/uploads\/2024\/12\/calendari25.jpeg?resize=640%2C853&#038;ssl=1\" alt=\"\" class=\"wp-image-3037\" style=\"width:386px;height:auto\" srcset=\"https:\/\/i0.wp.com\/orvepard.org\/veinspardinyes\/wp-content\/uploads\/2024\/12\/calendari25.jpeg?w=652&amp;ssl=1 652w, https:\/\/i0.wp.com\/orvepard.org\/veinspardinyes\/wp-content\/uploads\/2024\/12\/calendari25.jpeg?resize=225%2C300&amp;ssl=1 225w, https:\/\/i0.wp.com\/orvepard.org\/veinspardinyes\/wp-content\/uploads\/2024\/12\/calendari25.jpeg?resize=600%2C800&amp;ssl=1 600w\" sizes=\"auto, (max-width: 640px) 100vw, 640px\" \/><\/a><\/figure>\n<\/div>\n\n\n<p>Al calendari podr\u00e0s gaudir d&#8217;una selecci\u00f3 d\u2019aquestes impressionants imatges, que et faran reviure la hist\u00f2ria i l\u2019esperit de Pardinyes. No te\u2019l perdis!<\/p>\n\n\n\n<ul class=\"wp-block-list\">\n<li>Venda en Papereria Jordi durant aquesta setmana. (Carrer Tarragona, 39)<\/li>\n\n\n\n<li>Venda en Papereria Basica Estel (Carrer Girona, 57) Costat Barris Nord.<\/li>\n\n\n\n<li>Local Social Orvepard (Tardes Dilluns i Dimecres) 18 a 20 hores.<\/li>\n<\/ul>\n","protected":false},"excerpt":{"rendered":"<p>Ja est\u00e0 a la venda el calendari 2025 de Pardinyes per nom\u00e9s 10 \u20ac!Aquest any, el calendari \u00e9s un homenatge a Llu\u00eds Terr\u00e9s, un apassionat de la fotografia durant els anys 50 que va capturar l&#8217;ess\u00e8ncia del barri de Pardinyes amb la seva c\u00e0mera. Carrer per carrer, va immortalitzar cada rac\u00f3 del barri, deixant-nos un [&hellip;]<\/p>\n","protected":false},"author":1,"featured_media":0,"comment_status":"open","ping_status":"open","sticky":false,"template":"","format":"standard","meta":{"jetpack_post_was_ever_published":false,"_jetpack_newsletter_access":"","_jetpack_dont_email_post_to_subs":false,"_jetpack_newsletter_tier_id":0,"_jetpack_memberships_contains_paywalled_content":false,"_jetpack_memberships_contains_paid_content":false,"footnotes":"","jetpack_publicize_message":"","jetpack_publicize_feature_enabled":true,"jetpack_social_post_already_shared":true,"jetpack_social_options":{"image_generator_settings":{"template":"highway","default_image_id":0,"font":"","enabled":false},"version":2}},"categories":[1],"tags":[],"class_list":["post-3036","post","type-post","status-publish","format-standard","hentry","category-general"],"yoast_head":"<!-- This site is optimized with the Yoast SEO plugin v27.3 - https:\/\/yoast.com\/product\/yoast-seo-wordpress\/ -->\n<title>Calendari 2025 - Orvepard<\/title>\n<meta name=\"robots\" content=\"index, follow, max-snippet:-1, max-image-preview:large, max-video-preview:-1\" \/>\n<link rel=\"canonical\" href=\"https:\/\/orvepard.org\/veinspardinyes\/calendari-2025\/\" \/>\n<meta property=\"og:locale\" content=\"ca_ES\" \/>\n<meta property=\"og:type\" content=\"article\" \/>\n<meta property=\"og:title\" content=\"Calendari 2025 - Orvepard\" \/>\n<meta property=\"og:description\" content=\"Ja est\u00e0 a la venda el calendari 2025 de Pardinyes per nom\u00e9s 10 \u20ac!Aquest any, el calendari \u00e9s un homenatge a Llu\u00eds Terr\u00e9s, un apassionat de la fotografia durant els anys 50 que va capturar l&#8217;ess\u00e8ncia del barri de Pardinyes amb la seva c\u00e0mera. Carrer per carrer, va immortalitzar cada rac\u00f3 del barri, deixant-nos un [&hellip;]\" \/>\n<meta property=\"og:url\" content=\"https:\/\/orvepard.org\/veinspardinyes\/calendari-2025\/\" \/>\n<meta property=\"og:site_name\" content=\"Orvepard\" \/>\n<meta property=\"article:publisher\" content=\"https:\/\/es-es.facebook.com\/groups\/orvepard\/\" \/>\n<meta property=\"article:published_time\" content=\"2024-12-13T18:08:29+00:00\" \/>\n<meta property=\"article:modified_time\" content=\"2024-12-13T18:09:46+00:00\" \/>\n<meta property=\"og:image\" content=\"https:\/\/orvepard.org\/veinspardinyes\/wp-content\/uploads\/2024\/12\/calendari25.jpeg\" \/>\n<meta name=\"author\" content=\"administrador\" \/>\n<meta name=\"twitter:card\" content=\"summary_large_image\" \/>\n<meta name=\"twitter:creator\" content=\"@veinspardinyes\" \/>\n<meta name=\"twitter:site\" content=\"@veinspardinyes\" \/>\n<meta name=\"twitter:label1\" content=\"Escrit per\" \/>\n\t<meta name=\"twitter:data1\" content=\"administrador\" \/>\n\t<meta name=\"twitter:label2\" content=\"Temps estimat de lectura\" \/>\n\t<meta name=\"twitter:data2\" content=\"1 minut\" \/>\n<script type=\"application\/ld+json\" class=\"yoast-schema-graph\">{\"@context\":\"https:\\\/\\\/schema.org\",\"@graph\":[{\"@type\":\"Article\",\"@id\":\"https:\\\/\\\/orvepard.org\\\/veinspardinyes\\\/calendari-2025\\\/#article\",\"isPartOf\":{\"@id\":\"https:\\\/\\\/orvepard.org\\\/veinspardinyes\\\/calendari-2025\\\/\"},\"author\":{\"name\":\"administrador\",\"@id\":\"https:\\\/\\\/orvepard.org\\\/veinspardinyes\\\/#\\\/schema\\\/person\\\/3618644b46fc6e65b607a0eec1291369\"},\"headline\":\"Calendari 2025\",\"datePublished\":\"2024-12-13T18:08:29+00:00\",\"dateModified\":\"2024-12-13T18:09:46+00:00\",\"mainEntityOfPage\":{\"@id\":\"https:\\\/\\\/orvepard.org\\\/veinspardinyes\\\/calendari-2025\\\/\"},\"wordCount\":117,\"commentCount\":0,\"publisher\":{\"@id\":\"https:\\\/\\\/orvepard.org\\\/veinspardinyes\\\/#organization\"},\"image\":{\"@id\":\"https:\\\/\\\/orvepard.org\\\/veinspardinyes\\\/calendari-2025\\\/#primaryimage\"},\"thumbnailUrl\":\"https:\\\/\\\/orvepard.org\\\/veinspardinyes\\\/wp-content\\\/uploads\\\/2024\\\/12\\\/calendari25.jpeg\",\"articleSection\":[\"General\"],\"inLanguage\":\"ca\",\"potentialAction\":[{\"@type\":\"CommentAction\",\"name\":\"Comment\",\"target\":[\"https:\\\/\\\/orvepard.org\\\/veinspardinyes\\\/calendari-2025\\\/#respond\"]}]},{\"@type\":\"WebPage\",\"@id\":\"https:\\\/\\\/orvepard.org\\\/veinspardinyes\\\/calendari-2025\\\/\",\"url\":\"https:\\\/\\\/orvepard.org\\\/veinspardinyes\\\/calendari-2025\\\/\",\"name\":\"Calendari 2025 - Orvepard\",\"isPartOf\":{\"@id\":\"https:\\\/\\\/orvepard.org\\\/veinspardinyes\\\/#website\"},\"primaryImageOfPage\":{\"@id\":\"https:\\\/\\\/orvepard.org\\\/veinspardinyes\\\/calendari-2025\\\/#primaryimage\"},\"image\":{\"@id\":\"https:\\\/\\\/orvepard.org\\\/veinspardinyes\\\/calendari-2025\\\/#primaryimage\"},\"thumbnailUrl\":\"https:\\\/\\\/orvepard.org\\\/veinspardinyes\\\/wp-content\\\/uploads\\\/2024\\\/12\\\/calendari25.jpeg\",\"datePublished\":\"2024-12-13T18:08:29+00:00\",\"dateModified\":\"2024-12-13T18:09:46+00:00\",\"breadcrumb\":{\"@id\":\"https:\\\/\\\/orvepard.org\\\/veinspardinyes\\\/calendari-2025\\\/#breadcrumb\"},\"inLanguage\":\"ca\",\"potentialAction\":[{\"@type\":\"ReadAction\",\"target\":[\"https:\\\/\\\/orvepard.org\\\/veinspardinyes\\\/calendari-2025\\\/\"]}]},{\"@type\":\"ImageObject\",\"inLanguage\":\"ca\",\"@id\":\"https:\\\/\\\/orvepard.org\\\/veinspardinyes\\\/calendari-2025\\\/#primaryimage\",\"url\":\"https:\\\/\\\/i0.wp.com\\\/orvepard.org\\\/veinspardinyes\\\/wp-content\\\/uploads\\\/2024\\\/12\\\/calendari25.jpeg?fit=652%2C869&ssl=1\",\"contentUrl\":\"https:\\\/\\\/i0.wp.com\\\/orvepard.org\\\/veinspardinyes\\\/wp-content\\\/uploads\\\/2024\\\/12\\\/calendari25.jpeg?fit=652%2C869&ssl=1\",\"width\":652,\"height\":869},{\"@type\":\"BreadcrumbList\",\"@id\":\"https:\\\/\\\/orvepard.org\\\/veinspardinyes\\\/calendari-2025\\\/#breadcrumb\",\"itemListElement\":[{\"@type\":\"ListItem\",\"position\":1,\"name\":\"Inici\",\"item\":\"https:\\\/\\\/orvepard.org\\\/veinspardinyes\\\/\"},{\"@type\":\"ListItem\",\"position\":2,\"name\":\"Calendari 2025\"}]},{\"@type\":\"WebSite\",\"@id\":\"https:\\\/\\\/orvepard.org\\\/veinspardinyes\\\/#website\",\"url\":\"https:\\\/\\\/orvepard.org\\\/veinspardinyes\\\/\",\"name\":\"Orvepard\",\"description\":\"Organitzaci\u00f3 de Ve\u00efns de Pardinyes\",\"publisher\":{\"@id\":\"https:\\\/\\\/orvepard.org\\\/veinspardinyes\\\/#organization\"},\"potentialAction\":[{\"@type\":\"SearchAction\",\"target\":{\"@type\":\"EntryPoint\",\"urlTemplate\":\"https:\\\/\\\/orvepard.org\\\/veinspardinyes\\\/?s={search_term_string}\"},\"query-input\":{\"@type\":\"PropertyValueSpecification\",\"valueRequired\":true,\"valueName\":\"search_term_string\"}}],\"inLanguage\":\"ca\"},{\"@type\":\"Organization\",\"@id\":\"https:\\\/\\\/orvepard.org\\\/veinspardinyes\\\/#organization\",\"name\":\"Orvepard, Organitzaci\u00f3 de Ve\u00efns de Pardinyes\",\"url\":\"https:\\\/\\\/orvepard.org\\\/veinspardinyes\\\/\",\"logo\":{\"@type\":\"ImageObject\",\"inLanguage\":\"ca\",\"@id\":\"https:\\\/\\\/orvepard.org\\\/veinspardinyes\\\/#\\\/schema\\\/logo\\\/image\\\/\",\"url\":\"https:\\\/\\\/i0.wp.com\\\/orvepard.org\\\/veinspardinyes\\\/wp-content\\\/uploads\\\/2017\\\/12\\\/cropped-cropped-cropped-logweborvepardnadal-e1513180524112.png?fit=150%2C113&ssl=1\",\"contentUrl\":\"https:\\\/\\\/i0.wp.com\\\/orvepard.org\\\/veinspardinyes\\\/wp-content\\\/uploads\\\/2017\\\/12\\\/cropped-cropped-cropped-logweborvepardnadal-e1513180524112.png?fit=150%2C113&ssl=1\",\"width\":150,\"height\":113,\"caption\":\"Orvepard, Organitzaci\u00f3 de Ve\u00efns de Pardinyes\"},\"image\":{\"@id\":\"https:\\\/\\\/orvepard.org\\\/veinspardinyes\\\/#\\\/schema\\\/logo\\\/image\\\/\"},\"sameAs\":[\"https:\\\/\\\/es-es.facebook.com\\\/groups\\\/orvepard\\\/\",\"https:\\\/\\\/x.com\\\/veinspardinyes\",\"https:\\\/\\\/www.instagram.com\\\/veinspardinyes\\\/\",\"https:\\\/\\\/app.ebando.es\\\/channel\\\/pardinyes\"]},{\"@type\":\"Person\",\"@id\":\"https:\\\/\\\/orvepard.org\\\/veinspardinyes\\\/#\\\/schema\\\/person\\\/3618644b46fc6e65b607a0eec1291369\",\"name\":\"administrador\",\"image\":{\"@type\":\"ImageObject\",\"inLanguage\":\"ca\",\"@id\":\"https:\\\/\\\/secure.gravatar.com\\\/avatar\\\/2fd7197822e0866420a0db7f19d28db516e5e67d14036b3ae96fe8b14685bd8f?s=96&d=mm&r=g\",\"url\":\"https:\\\/\\\/secure.gravatar.com\\\/avatar\\\/2fd7197822e0866420a0db7f19d28db516e5e67d14036b3ae96fe8b14685bd8f?s=96&d=mm&r=g\",\"contentUrl\":\"https:\\\/\\\/secure.gravatar.com\\\/avatar\\\/2fd7197822e0866420a0db7f19d28db516e5e67d14036b3ae96fe8b14685bd8f?s=96&d=mm&r=g\",\"caption\":\"administrador\"},\"url\":\"https:\\\/\\\/orvepard.org\\\/veinspardinyes\\\/author\\\/administrador\\\/\"}]}<\/script>\n<!-- \/ Yoast SEO plugin. -->","yoast_head_json":{"title":"Calendari 2025 - Orvepard","robots":{"index":"index","follow":"follow","max-snippet":"max-snippet:-1","max-image-preview":"max-image-preview:large","max-video-preview":"max-video-preview:-1"},"canonical":"https:\/\/orvepard.org\/veinspardinyes\/calendari-2025\/","og_locale":"ca_ES","og_type":"article","og_title":"Calendari 2025 - Orvepard","og_description":"Ja est\u00e0 a la venda el calendari 2025 de Pardinyes per nom\u00e9s 10 \u20ac!Aquest any, el calendari \u00e9s un homenatge a Llu\u00eds Terr\u00e9s, un apassionat de la fotografia durant els anys 50 que va capturar l&#8217;ess\u00e8ncia del barri de Pardinyes amb la seva c\u00e0mera. Carrer per carrer, va immortalitzar cada rac\u00f3 del barri, deixant-nos un [&hellip;]","og_url":"https:\/\/orvepard.org\/veinspardinyes\/calendari-2025\/","og_site_name":"Orvepard","article_publisher":"https:\/\/es-es.facebook.com\/groups\/orvepard\/","article_published_time":"2024-12-13T18:08:29+00:00","article_modified_time":"2024-12-13T18:09:46+00:00","og_image":[{"url":"https:\/\/orvepard.org\/veinspardinyes\/wp-content\/uploads\/2024\/12\/calendari25.jpeg","type":"","width":"","height":""}],"author":"administrador","twitter_card":"summary_large_image","twitter_creator":"@veinspardinyes","twitter_site":"@veinspardinyes","twitter_misc":{"Escrit per":"administrador","Temps estimat de lectura":"1 minut"},"schema":{"@context":"https:\/\/schema.org","@graph":[{"@type":"Article","@id":"https:\/\/orvepard.org\/veinspardinyes\/calendari-2025\/#article","isPartOf":{"@id":"https:\/\/orvepard.org\/veinspardinyes\/calendari-2025\/"},"author":{"name":"administrador","@id":"https:\/\/orvepard.org\/veinspardinyes\/#\/schema\/person\/3618644b46fc6e65b607a0eec1291369"},"headline":"Calendari 2025","datePublished":"2024-12-13T18:08:29+00:00","dateModified":"2024-12-13T18:09:46+00:00","mainEntityOfPage":{"@id":"https:\/\/orvepard.org\/veinspardinyes\/calendari-2025\/"},"wordCount":117,"commentCount":0,"publisher":{"@id":"https:\/\/orvepard.org\/veinspardinyes\/#organization"},"image":{"@id":"https:\/\/orvepard.org\/veinspardinyes\/calendari-2025\/#primaryimage"},"thumbnailUrl":"https:\/\/orvepard.org\/veinspardinyes\/wp-content\/uploads\/2024\/12\/calendari25.jpeg","articleSection":["General"],"inLanguage":"ca","potentialAction":[{"@type":"CommentAction","name":"Comment","target":["https:\/\/orvepard.org\/veinspardinyes\/calendari-2025\/#respond"]}]},{"@type":"WebPage","@id":"https:\/\/orvepard.org\/veinspardinyes\/calendari-2025\/","url":"https:\/\/orvepard.org\/veinspardinyes\/calendari-2025\/","name":"Calendari 2025 - Orvepard","isPartOf":{"@id":"https:\/\/orvepard.org\/veinspardinyes\/#website"},"primaryImageOfPage":{"@id":"https:\/\/orvepard.org\/veinspardinyes\/calendari-2025\/#primaryimage"},"image":{"@id":"https:\/\/orvepard.org\/veinspardinyes\/calendari-2025\/#primaryimage"},"thumbnailUrl":"https:\/\/orvepard.org\/veinspardinyes\/wp-content\/uploads\/2024\/12\/calendari25.jpeg","datePublished":"2024-12-13T18:08:29+00:00","dateModified":"2024-12-13T18:09:46+00:00","breadcrumb":{"@id":"https:\/\/orvepard.org\/veinspardinyes\/calendari-2025\/#breadcrumb"},"inLanguage":"ca","potentialAction":[{"@type":"ReadAction","target":["https:\/\/orvepard.org\/veinspardinyes\/calendari-2025\/"]}]},{"@type":"ImageObject","inLanguage":"ca","@id":"https:\/\/orvepard.org\/veinspardinyes\/calendari-2025\/#primaryimage","url":"https:\/\/i0.wp.com\/orvepard.org\/veinspardinyes\/wp-content\/uploads\/2024\/12\/calendari25.jpeg?fit=652%2C869&ssl=1","contentUrl":"https:\/\/i0.wp.com\/orvepard.org\/veinspardinyes\/wp-content\/uploads\/2024\/12\/calendari25.jpeg?fit=652%2C869&ssl=1","width":652,"height":869},{"@type":"BreadcrumbList","@id":"https:\/\/orvepard.org\/veinspardinyes\/calendari-2025\/#breadcrumb","itemListElement":[{"@type":"ListItem","position":1,"name":"Inici","item":"https:\/\/orvepard.org\/veinspardinyes\/"},{"@type":"ListItem","position":2,"name":"Calendari 2025"}]},{"@type":"WebSite","@id":"https:\/\/orvepard.org\/veinspardinyes\/#website","url":"https:\/\/orvepard.org\/veinspardinyes\/","name":"Orvepard","description":"Organitzaci\u00f3 de Ve\u00efns de Pardinyes","publisher":{"@id":"https:\/\/orvepard.org\/veinspardinyes\/#organization"},"potentialAction":[{"@type":"SearchAction","target":{"@type":"EntryPoint","urlTemplate":"https:\/\/orvepard.org\/veinspardinyes\/?s={search_term_string}"},"query-input":{"@type":"PropertyValueSpecification","valueRequired":true,"valueName":"search_term_string"}}],"inLanguage":"ca"},{"@type":"Organization","@id":"https:\/\/orvepard.org\/veinspardinyes\/#organization","name":"Orvepard, Organitzaci\u00f3 de Ve\u00efns de Pardinyes","url":"https:\/\/orvepard.org\/veinspardinyes\/","logo":{"@type":"ImageObject","inLanguage":"ca","@id":"https:\/\/orvepard.org\/veinspardinyes\/#\/schema\/logo\/image\/","url":"https:\/\/i0.wp.com\/orvepard.org\/veinspardinyes\/wp-content\/uploads\/2017\/12\/cropped-cropped-cropped-logweborvepardnadal-e1513180524112.png?fit=150%2C113&ssl=1","contentUrl":"https:\/\/i0.wp.com\/orvepard.org\/veinspardinyes\/wp-content\/uploads\/2017\/12\/cropped-cropped-cropped-logweborvepardnadal-e1513180524112.png?fit=150%2C113&ssl=1","width":150,"height":113,"caption":"Orvepard, Organitzaci\u00f3 de Ve\u00efns de Pardinyes"},"image":{"@id":"https:\/\/orvepard.org\/veinspardinyes\/#\/schema\/logo\/image\/"},"sameAs":["https:\/\/es-es.facebook.com\/groups\/orvepard\/","https:\/\/x.com\/veinspardinyes","https:\/\/www.instagram.com\/veinspardinyes\/","https:\/\/app.ebando.es\/channel\/pardinyes"]},{"@type":"Person","@id":"https:\/\/orvepard.org\/veinspardinyes\/#\/schema\/person\/3618644b46fc6e65b607a0eec1291369","name":"administrador","image":{"@type":"ImageObject","inLanguage":"ca","@id":"https:\/\/secure.gravatar.com\/avatar\/2fd7197822e0866420a0db7f19d28db516e5e67d14036b3ae96fe8b14685bd8f?s=96&d=mm&r=g","url":"https:\/\/secure.gravatar.com\/avatar\/2fd7197822e0866420a0db7f19d28db516e5e67d14036b3ae96fe8b14685bd8f?s=96&d=mm&r=g","contentUrl":"https:\/\/secure.gravatar.com\/avatar\/2fd7197822e0866420a0db7f19d28db516e5e67d14036b3ae96fe8b14685bd8f?s=96&d=mm&r=g","caption":"administrador"},"url":"https:\/\/orvepard.org\/veinspardinyes\/author\/administrador\/"}]}},"jetpack_publicize_connections":[],"jetpack_featured_media_url":"","jetpack_sharing_enabled":true,"jetpack_shortlink":"https:\/\/wp.me\/p9tnJI-MY","jetpack_likes_enabled":true,"rttpg_featured_image_url":null,"rttpg_author":{"display_name":"administrador","author_link":"https:\/\/orvepard.org\/veinspardinyes\/author\/administrador\/"},"rttpg_comment":0,"rttpg_category":"<a href=\"https:\/\/orvepard.org\/veinspardinyes\/category\/general\/\" rel=\"category tag\">General<\/a>","rttpg_excerpt":"Ja est\u00e0 a la venda el calendari 2025 de Pardinyes per nom\u00e9s 10 \u20ac!Aquest any, el calendari \u00e9s un homenatge a Llu\u00eds Terr\u00e9s, un apassionat de la fotografia durant els anys 50 que va capturar l&#8217;ess\u00e8ncia del barri de Pardinyes amb la seva c\u00e0mera. Carrer per carrer, va immortalitzar cada rac\u00f3 del barri, deixant-nos un&hellip;","_links":{"self":[{"href":"https:\/\/orvepard.org\/veinspardinyes\/wp-json\/wp\/v2\/posts\/3036","targetHints":{"allow":["GET"]}}],"collection":[{"href":"https:\/\/orvepard.org\/veinspardinyes\/wp-json\/wp\/v2\/posts"}],"about":[{"href":"https:\/\/orvepard.org\/veinspardinyes\/wp-json\/wp\/v2\/types\/post"}],"author":[{"embeddable":true,"href":"https:\/\/orvepard.org\/veinspardinyes\/wp-json\/wp\/v2\/users\/1"}],"replies":[{"embeddable":true,"href":"https:\/\/orvepard.org\/veinspardinyes\/wp-json\/wp\/v2\/comments?post=3036"}],"version-history":[{"count":2,"href":"https:\/\/orvepard.org\/veinspardinyes\/wp-json\/wp\/v2\/posts\/3036\/revisions"}],"predecessor-version":[{"id":3039,"href":"https:\/\/orvepard.org\/veinspardinyes\/wp-json\/wp\/v2\/posts\/3036\/revisions\/3039"}],"wp:attachment":[{"href":"https:\/\/orvepard.org\/veinspardinyes\/wp-json\/wp\/v2\/media?parent=3036"}],"wp:term":[{"taxonomy":"category","embeddable":true,"href":"https:\/\/orvepard.org\/veinspardinyes\/wp-json\/wp\/v2\/categories?post=3036"},{"taxonomy":"post_tag","embeddable":true,"href":"https:\/\/orvepard.org\/veinspardinyes\/wp-json\/wp\/v2\/tags?post=3036"}],"curies":[{"name":"wp","href":"https:\/\/api.w.org\/{rel}","templated":true}]}}