{"id":3009,"date":"2024-11-26T11:14:30","date_gmt":"2024-11-26T10:14:30","guid":{"rendered":"https:\/\/orvepard.org\/veinspardinyes\/?p=3009"},"modified":"2024-11-26T11:14:30","modified_gmt":"2024-11-26T10:14:30","slug":"jornada-de-voluntariat-de-nadal-de-lassociacio-contra-el-cancer","status":"publish","type":"post","link":"https:\/\/orvepard.org\/veinspardinyes\/jornada-de-voluntariat-de-nadal-de-lassociacio-contra-el-cancer\/","title":{"rendered":"Jornada de Voluntariat de Nadal de l&#8217;Associaci\u00f3 Contra el C\u00e0ncer"},"content":{"rendered":"<p>Us compartim l&#8217;agenda de la Jornada de Voluntariat de Nadal de l&#8217;Associaci\u00f3 contra el c\u00e0ncer a Lleida \ud83c\udf84\ud83c\udf84\ud83c\udf84<\/p>\n<p>Agenda<br \/>\n10.30h Benvinguda i presentaci\u00f3<br \/>\n10.45h Voluntariat, un espai per compartir en primera persona<br \/>\n11.30h Salut i Rialles. Taller de Risoterapia<br \/>\n13.15h Refrigeri espai de Trobada<\/p>\n<p>Recorda la data<\/p>\n<p>\ud83d\uddd3\ufe0f 30 de novembre a les 10:30h<br \/>\n\ud83d\udccd Centre Civic de Pardinyes<br \/>\nC\/ Sant Pere Claver, 1. (3\u00ba planta) Lleida<\/p>\n<p>\u2757Data Limit per inscriure&#8217;s: 28 de novembre \u2757<\/p>\n<p>\ud83d\udc49 Inscripcions. Exclusiu per a voluntaris de l&#8217;Associaci\u00f3 contra el c\u00e0ncer : <a href=\"https:\/\/forms.office.com\/e\/33X6A9n2LW\">https:\/\/forms.office.com\/e\/33X6A9n2LW<\/a><\/p>\n<p>\ud83d\udc9a T&#8217;hi esperem<\/p>\n<p><a href=\"https:\/\/i0.wp.com\/orvepard.org\/veinspardinyes\/wp-content\/uploads\/2024\/11\/WhatsApp-Image-2024-11-25-at-17.03.44.jpeg?ssl=1\" rel=\"attachment wp-att-3010\"><img data-recalc-dims=\"1\" loading=\"lazy\" decoding=\"async\" data-attachment-id=\"3010\" data-permalink=\"https:\/\/orvepard.org\/veinspardinyes\/jornada-de-voluntariat-de-nadal-de-lassociacio-contra-el-cancer\/whatsapp-image-2024-11-25-at-17-03-44\/\" data-orig-file=\"https:\/\/i0.wp.com\/orvepard.org\/veinspardinyes\/wp-content\/uploads\/2024\/11\/WhatsApp-Image-2024-11-25-at-17.03.44.jpeg?fit=1080%2C1080&amp;ssl=1\" data-orig-size=\"1080,1080\" data-comments-opened=\"1\" data-image-meta=\"{&quot;aperture&quot;:&quot;0&quot;,&quot;credit&quot;:&quot;&quot;,&quot;camera&quot;:&quot;&quot;,&quot;caption&quot;:&quot;&quot;,&quot;created_timestamp&quot;:&quot;0&quot;,&quot;copyright&quot;:&quot;&quot;,&quot;focal_length&quot;:&quot;0&quot;,&quot;iso&quot;:&quot;0&quot;,&quot;shutter_speed&quot;:&quot;0&quot;,&quot;title&quot;:&quot;&quot;,&quot;orientation&quot;:&quot;0&quot;}\" data-image-title=\"WhatsApp Image 2024-11-25 at 17.03.44\" data-image-description=\"\" data-image-caption=\"\" data-large-file=\"https:\/\/i0.wp.com\/orvepard.org\/veinspardinyes\/wp-content\/uploads\/2024\/11\/WhatsApp-Image-2024-11-25-at-17.03.44.jpeg?fit=640%2C640&amp;ssl=1\" src=\"https:\/\/i0.wp.com\/orvepard.org\/veinspardinyes\/wp-content\/uploads\/2024\/11\/WhatsApp-Image-2024-11-25-at-17.03.44.jpeg?resize=640%2C500&#038;ssl=1\" alt=\"\" title=\"whatsapp-image-2024-11-25-at-17-03-44-jpeg\" width=\"640\" height=\"500\" class=\"alignnone size-full wp-image-3010\" \/><\/a><\/p>\n","protected":false},"excerpt":{"rendered":"<p>Us compartim l&#8217;agenda de la Jornada de Voluntariat de Nadal de l&#8217;Associaci\u00f3 contra el c\u00e0ncer a Lleida \ud83c\udf84\ud83c\udf84\ud83c\udf84 Agenda 10.30h Benvinguda i presentaci\u00f3 10.45h Voluntariat, un espai per compartir en primera persona 11.30h Salut i Rialles. Taller de Risoterapia 13.15h Refrigeri espai de Trobada Recorda la data \ud83d\uddd3\ufe0f 30 de novembre a les 10:30h \ud83d\udccd [&hellip;]<\/p>\n","protected":false},"author":1,"featured_media":0,"comment_status":"open","ping_status":"open","sticky":false,"template":"","format":"standard","meta":{"jetpack_post_was_ever_published":false,"_jetpack_newsletter_access":"","_jetpack_dont_email_post_to_subs":false,"_jetpack_newsletter_tier_id":0,"_jetpack_memberships_contains_paywalled_content":false,"_jetpack_memberships_contains_paid_content":false,"footnotes":"","jetpack_publicize_message":"","jetpack_publicize_feature_enabled":true,"jetpack_social_post_already_shared":true,"jetpack_social_options":{"image_generator_settings":{"template":"highway","default_image_id":0,"font":"","enabled":false},"version":2}},"categories":[1],"tags":[],"class_list":["post-3009","post","type-post","status-publish","format-standard","hentry","category-general"],"yoast_head":"<!-- This site is optimized with the Yoast SEO plugin v27.3 - https:\/\/yoast.com\/product\/yoast-seo-wordpress\/ -->\n<title>Jornada de Voluntariat de Nadal de l&#039;Associaci\u00f3 Contra el C\u00e0ncer - Orvepard<\/title>\n<meta name=\"robots\" content=\"index, follow, max-snippet:-1, max-image-preview:large, max-video-preview:-1\" \/>\n<link rel=\"canonical\" href=\"https:\/\/orvepard.org\/veinspardinyes\/jornada-de-voluntariat-de-nadal-de-lassociacio-contra-el-cancer\/\" \/>\n<meta property=\"og:locale\" content=\"ca_ES\" \/>\n<meta property=\"og:type\" content=\"article\" \/>\n<meta property=\"og:title\" content=\"Jornada de Voluntariat de Nadal de l&#039;Associaci\u00f3 Contra el C\u00e0ncer - Orvepard\" \/>\n<meta property=\"og:description\" content=\"Us compartim l&#8217;agenda de la Jornada de Voluntariat de Nadal de l&#8217;Associaci\u00f3 contra el c\u00e0ncer a Lleida \ud83c\udf84\ud83c\udf84\ud83c\udf84 Agenda 10.30h Benvinguda i presentaci\u00f3 10.45h Voluntariat, un espai per compartir en primera persona 11.30h Salut i Rialles. Taller de Risoterapia 13.15h Refrigeri espai de Trobada Recorda la data \ud83d\uddd3\ufe0f 30 de novembre a les 10:30h \ud83d\udccd [&hellip;]\" \/>\n<meta property=\"og:url\" content=\"https:\/\/orvepard.org\/veinspardinyes\/jornada-de-voluntariat-de-nadal-de-lassociacio-contra-el-cancer\/\" \/>\n<meta property=\"og:site_name\" content=\"Orvepard\" \/>\n<meta property=\"article:publisher\" content=\"https:\/\/es-es.facebook.com\/groups\/orvepard\/\" \/>\n<meta property=\"article:published_time\" content=\"2024-11-26T10:14:30+00:00\" \/>\n<meta property=\"og:image\" content=\"https:\/\/orvepard.org\/veinspardinyes\/wp-content\/uploads\/2024\/11\/WhatsApp-Image-2024-11-25-at-17.03.44.jpeg\" \/>\n<meta name=\"author\" content=\"administrador\" \/>\n<meta name=\"twitter:card\" content=\"summary_large_image\" \/>\n<meta name=\"twitter:creator\" content=\"@veinspardinyes\" \/>\n<meta name=\"twitter:site\" content=\"@veinspardinyes\" \/>\n<meta name=\"twitter:label1\" content=\"Escrit per\" \/>\n\t<meta name=\"twitter:data1\" content=\"administrador\" \/>\n<script type=\"application\/ld+json\" class=\"yoast-schema-graph\">{\"@context\":\"https:\\\/\\\/schema.org\",\"@graph\":[{\"@type\":\"Article\",\"@id\":\"https:\\\/\\\/orvepard.org\\\/veinspardinyes\\\/jornada-de-voluntariat-de-nadal-de-lassociacio-contra-el-cancer\\\/#article\",\"isPartOf\":{\"@id\":\"https:\\\/\\\/orvepard.org\\\/veinspardinyes\\\/jornada-de-voluntariat-de-nadal-de-lassociacio-contra-el-cancer\\\/\"},\"author\":{\"name\":\"administrador\",\"@id\":\"https:\\\/\\\/orvepard.org\\\/veinspardinyes\\\/#\\\/schema\\\/person\\\/3618644b46fc6e65b607a0eec1291369\"},\"headline\":\"Jornada de Voluntariat de Nadal de l&#8217;Associaci\u00f3 Contra el C\u00e0ncer\",\"datePublished\":\"2024-11-26T10:14:30+00:00\",\"mainEntityOfPage\":{\"@id\":\"https:\\\/\\\/orvepard.org\\\/veinspardinyes\\\/jornada-de-voluntariat-de-nadal-de-lassociacio-contra-el-cancer\\\/\"},\"wordCount\":107,\"commentCount\":0,\"publisher\":{\"@id\":\"https:\\\/\\\/orvepard.org\\\/veinspardinyes\\\/#organization\"},\"image\":{\"@id\":\"https:\\\/\\\/orvepard.org\\\/veinspardinyes\\\/jornada-de-voluntariat-de-nadal-de-lassociacio-contra-el-cancer\\\/#primaryimage\"},\"thumbnailUrl\":\"https:\\\/\\\/orvepard.org\\\/veinspardinyes\\\/wp-content\\\/uploads\\\/2024\\\/11\\\/WhatsApp-Image-2024-11-25-at-17.03.44.jpeg\",\"articleSection\":[\"General\"],\"inLanguage\":\"ca\",\"potentialAction\":[{\"@type\":\"CommentAction\",\"name\":\"Comment\",\"target\":[\"https:\\\/\\\/orvepard.org\\\/veinspardinyes\\\/jornada-de-voluntariat-de-nadal-de-lassociacio-contra-el-cancer\\\/#respond\"]}]},{\"@type\":\"WebPage\",\"@id\":\"https:\\\/\\\/orvepard.org\\\/veinspardinyes\\\/jornada-de-voluntariat-de-nadal-de-lassociacio-contra-el-cancer\\\/\",\"url\":\"https:\\\/\\\/orvepard.org\\\/veinspardinyes\\\/jornada-de-voluntariat-de-nadal-de-lassociacio-contra-el-cancer\\\/\",\"name\":\"Jornada de Voluntariat de Nadal de l'Associaci\u00f3 Contra el C\u00e0ncer - Orvepard\",\"isPartOf\":{\"@id\":\"https:\\\/\\\/orvepard.org\\\/veinspardinyes\\\/#website\"},\"primaryImageOfPage\":{\"@id\":\"https:\\\/\\\/orvepard.org\\\/veinspardinyes\\\/jornada-de-voluntariat-de-nadal-de-lassociacio-contra-el-cancer\\\/#primaryimage\"},\"image\":{\"@id\":\"https:\\\/\\\/orvepard.org\\\/veinspardinyes\\\/jornada-de-voluntariat-de-nadal-de-lassociacio-contra-el-cancer\\\/#primaryimage\"},\"thumbnailUrl\":\"https:\\\/\\\/orvepard.org\\\/veinspardinyes\\\/wp-content\\\/uploads\\\/2024\\\/11\\\/WhatsApp-Image-2024-11-25-at-17.03.44.jpeg\",\"datePublished\":\"2024-11-26T10:14:30+00:00\",\"breadcrumb\":{\"@id\":\"https:\\\/\\\/orvepard.org\\\/veinspardinyes\\\/jornada-de-voluntariat-de-nadal-de-lassociacio-contra-el-cancer\\\/#breadcrumb\"},\"inLanguage\":\"ca\",\"potentialAction\":[{\"@type\":\"ReadAction\",\"target\":[\"https:\\\/\\\/orvepard.org\\\/veinspardinyes\\\/jornada-de-voluntariat-de-nadal-de-lassociacio-contra-el-cancer\\\/\"]}]},{\"@type\":\"ImageObject\",\"inLanguage\":\"ca\",\"@id\":\"https:\\\/\\\/orvepard.org\\\/veinspardinyes\\\/jornada-de-voluntariat-de-nadal-de-lassociacio-contra-el-cancer\\\/#primaryimage\",\"url\":\"https:\\\/\\\/i0.wp.com\\\/orvepard.org\\\/veinspardinyes\\\/wp-content\\\/uploads\\\/2024\\\/11\\\/WhatsApp-Image-2024-11-25-at-17.03.44.jpeg?fit=1080%2C1080&ssl=1\",\"contentUrl\":\"https:\\\/\\\/i0.wp.com\\\/orvepard.org\\\/veinspardinyes\\\/wp-content\\\/uploads\\\/2024\\\/11\\\/WhatsApp-Image-2024-11-25-at-17.03.44.jpeg?fit=1080%2C1080&ssl=1\",\"width\":1080,\"height\":1080},{\"@type\":\"BreadcrumbList\",\"@id\":\"https:\\\/\\\/orvepard.org\\\/veinspardinyes\\\/jornada-de-voluntariat-de-nadal-de-lassociacio-contra-el-cancer\\\/#breadcrumb\",\"itemListElement\":[{\"@type\":\"ListItem\",\"position\":1,\"name\":\"Inici\",\"item\":\"https:\\\/\\\/orvepard.org\\\/veinspardinyes\\\/\"},{\"@type\":\"ListItem\",\"position\":2,\"name\":\"Jornada de Voluntariat de Nadal de l&#8217;Associaci\u00f3 Contra el C\u00e0ncer\"}]},{\"@type\":\"WebSite\",\"@id\":\"https:\\\/\\\/orvepard.org\\\/veinspardinyes\\\/#website\",\"url\":\"https:\\\/\\\/orvepard.org\\\/veinspardinyes\\\/\",\"name\":\"Orvepard\",\"description\":\"Organitzaci\u00f3 de Ve\u00efns de Pardinyes\",\"publisher\":{\"@id\":\"https:\\\/\\\/orvepard.org\\\/veinspardinyes\\\/#organization\"},\"potentialAction\":[{\"@type\":\"SearchAction\",\"target\":{\"@type\":\"EntryPoint\",\"urlTemplate\":\"https:\\\/\\\/orvepard.org\\\/veinspardinyes\\\/?s={search_term_string}\"},\"query-input\":{\"@type\":\"PropertyValueSpecification\",\"valueRequired\":true,\"valueName\":\"search_term_string\"}}],\"inLanguage\":\"ca\"},{\"@type\":\"Organization\",\"@id\":\"https:\\\/\\\/orvepard.org\\\/veinspardinyes\\\/#organization\",\"name\":\"Orvepard, Organitzaci\u00f3 de Ve\u00efns de Pardinyes\",\"url\":\"https:\\\/\\\/orvepard.org\\\/veinspardinyes\\\/\",\"logo\":{\"@type\":\"ImageObject\",\"inLanguage\":\"ca\",\"@id\":\"https:\\\/\\\/orvepard.org\\\/veinspardinyes\\\/#\\\/schema\\\/logo\\\/image\\\/\",\"url\":\"https:\\\/\\\/i0.wp.com\\\/orvepard.org\\\/veinspardinyes\\\/wp-content\\\/uploads\\\/2017\\\/12\\\/cropped-cropped-cropped-logweborvepardnadal-e1513180524112.png?fit=150%2C113&ssl=1\",\"contentUrl\":\"https:\\\/\\\/i0.wp.com\\\/orvepard.org\\\/veinspardinyes\\\/wp-content\\\/uploads\\\/2017\\\/12\\\/cropped-cropped-cropped-logweborvepardnadal-e1513180524112.png?fit=150%2C113&ssl=1\",\"width\":150,\"height\":113,\"caption\":\"Orvepard, Organitzaci\u00f3 de Ve\u00efns de Pardinyes\"},\"image\":{\"@id\":\"https:\\\/\\\/orvepard.org\\\/veinspardinyes\\\/#\\\/schema\\\/logo\\\/image\\\/\"},\"sameAs\":[\"https:\\\/\\\/es-es.facebook.com\\\/groups\\\/orvepard\\\/\",\"https:\\\/\\\/x.com\\\/veinspardinyes\",\"https:\\\/\\\/www.instagram.com\\\/veinspardinyes\\\/\",\"https:\\\/\\\/app.ebando.es\\\/channel\\\/pardinyes\"]},{\"@type\":\"Person\",\"@id\":\"https:\\\/\\\/orvepard.org\\\/veinspardinyes\\\/#\\\/schema\\\/person\\\/3618644b46fc6e65b607a0eec1291369\",\"name\":\"administrador\",\"image\":{\"@type\":\"ImageObject\",\"inLanguage\":\"ca\",\"@id\":\"https:\\\/\\\/secure.gravatar.com\\\/avatar\\\/2fd7197822e0866420a0db7f19d28db516e5e67d14036b3ae96fe8b14685bd8f?s=96&d=mm&r=g\",\"url\":\"https:\\\/\\\/secure.gravatar.com\\\/avatar\\\/2fd7197822e0866420a0db7f19d28db516e5e67d14036b3ae96fe8b14685bd8f?s=96&d=mm&r=g\",\"contentUrl\":\"https:\\\/\\\/secure.gravatar.com\\\/avatar\\\/2fd7197822e0866420a0db7f19d28db516e5e67d14036b3ae96fe8b14685bd8f?s=96&d=mm&r=g\",\"caption\":\"administrador\"},\"url\":\"https:\\\/\\\/orvepard.org\\\/veinspardinyes\\\/author\\\/administrador\\\/\"}]}<\/script>\n<!-- \/ Yoast SEO plugin. -->","yoast_head_json":{"title":"Jornada de Voluntariat de Nadal de l'Associaci\u00f3 Contra el C\u00e0ncer - Orvepard","robots":{"index":"index","follow":"follow","max-snippet":"max-snippet:-1","max-image-preview":"max-image-preview:large","max-video-preview":"max-video-preview:-1"},"canonical":"https:\/\/orvepard.org\/veinspardinyes\/jornada-de-voluntariat-de-nadal-de-lassociacio-contra-el-cancer\/","og_locale":"ca_ES","og_type":"article","og_title":"Jornada de Voluntariat de Nadal de l'Associaci\u00f3 Contra el C\u00e0ncer - Orvepard","og_description":"Us compartim l&#8217;agenda de la Jornada de Voluntariat de Nadal de l&#8217;Associaci\u00f3 contra el c\u00e0ncer a Lleida \ud83c\udf84\ud83c\udf84\ud83c\udf84 Agenda 10.30h Benvinguda i presentaci\u00f3 10.45h Voluntariat, un espai per compartir en primera persona 11.30h Salut i Rialles. Taller de Risoterapia 13.15h Refrigeri espai de Trobada Recorda la data \ud83d\uddd3\ufe0f 30 de novembre a les 10:30h \ud83d\udccd [&hellip;]","og_url":"https:\/\/orvepard.org\/veinspardinyes\/jornada-de-voluntariat-de-nadal-de-lassociacio-contra-el-cancer\/","og_site_name":"Orvepard","article_publisher":"https:\/\/es-es.facebook.com\/groups\/orvepard\/","article_published_time":"2024-11-26T10:14:30+00:00","og_image":[{"url":"https:\/\/orvepard.org\/veinspardinyes\/wp-content\/uploads\/2024\/11\/WhatsApp-Image-2024-11-25-at-17.03.44.jpeg","type":"","width":"","height":""}],"author":"administrador","twitter_card":"summary_large_image","twitter_creator":"@veinspardinyes","twitter_site":"@veinspardinyes","twitter_misc":{"Escrit per":"administrador"},"schema":{"@context":"https:\/\/schema.org","@graph":[{"@type":"Article","@id":"https:\/\/orvepard.org\/veinspardinyes\/jornada-de-voluntariat-de-nadal-de-lassociacio-contra-el-cancer\/#article","isPartOf":{"@id":"https:\/\/orvepard.org\/veinspardinyes\/jornada-de-voluntariat-de-nadal-de-lassociacio-contra-el-cancer\/"},"author":{"name":"administrador","@id":"https:\/\/orvepard.org\/veinspardinyes\/#\/schema\/person\/3618644b46fc6e65b607a0eec1291369"},"headline":"Jornada de Voluntariat de Nadal de l&#8217;Associaci\u00f3 Contra el C\u00e0ncer","datePublished":"2024-11-26T10:14:30+00:00","mainEntityOfPage":{"@id":"https:\/\/orvepard.org\/veinspardinyes\/jornada-de-voluntariat-de-nadal-de-lassociacio-contra-el-cancer\/"},"wordCount":107,"commentCount":0,"publisher":{"@id":"https:\/\/orvepard.org\/veinspardinyes\/#organization"},"image":{"@id":"https:\/\/orvepard.org\/veinspardinyes\/jornada-de-voluntariat-de-nadal-de-lassociacio-contra-el-cancer\/#primaryimage"},"thumbnailUrl":"https:\/\/orvepard.org\/veinspardinyes\/wp-content\/uploads\/2024\/11\/WhatsApp-Image-2024-11-25-at-17.03.44.jpeg","articleSection":["General"],"inLanguage":"ca","potentialAction":[{"@type":"CommentAction","name":"Comment","target":["https:\/\/orvepard.org\/veinspardinyes\/jornada-de-voluntariat-de-nadal-de-lassociacio-contra-el-cancer\/#respond"]}]},{"@type":"WebPage","@id":"https:\/\/orvepard.org\/veinspardinyes\/jornada-de-voluntariat-de-nadal-de-lassociacio-contra-el-cancer\/","url":"https:\/\/orvepard.org\/veinspardinyes\/jornada-de-voluntariat-de-nadal-de-lassociacio-contra-el-cancer\/","name":"Jornada de Voluntariat de Nadal de l'Associaci\u00f3 Contra el C\u00e0ncer - Orvepard","isPartOf":{"@id":"https:\/\/orvepard.org\/veinspardinyes\/#website"},"primaryImageOfPage":{"@id":"https:\/\/orvepard.org\/veinspardinyes\/jornada-de-voluntariat-de-nadal-de-lassociacio-contra-el-cancer\/#primaryimage"},"image":{"@id":"https:\/\/orvepard.org\/veinspardinyes\/jornada-de-voluntariat-de-nadal-de-lassociacio-contra-el-cancer\/#primaryimage"},"thumbnailUrl":"https:\/\/orvepard.org\/veinspardinyes\/wp-content\/uploads\/2024\/11\/WhatsApp-Image-2024-11-25-at-17.03.44.jpeg","datePublished":"2024-11-26T10:14:30+00:00","breadcrumb":{"@id":"https:\/\/orvepard.org\/veinspardinyes\/jornada-de-voluntariat-de-nadal-de-lassociacio-contra-el-cancer\/#breadcrumb"},"inLanguage":"ca","potentialAction":[{"@type":"ReadAction","target":["https:\/\/orvepard.org\/veinspardinyes\/jornada-de-voluntariat-de-nadal-de-lassociacio-contra-el-cancer\/"]}]},{"@type":"ImageObject","inLanguage":"ca","@id":"https:\/\/orvepard.org\/veinspardinyes\/jornada-de-voluntariat-de-nadal-de-lassociacio-contra-el-cancer\/#primaryimage","url":"https:\/\/i0.wp.com\/orvepard.org\/veinspardinyes\/wp-content\/uploads\/2024\/11\/WhatsApp-Image-2024-11-25-at-17.03.44.jpeg?fit=1080%2C1080&ssl=1","contentUrl":"https:\/\/i0.wp.com\/orvepard.org\/veinspardinyes\/wp-content\/uploads\/2024\/11\/WhatsApp-Image-2024-11-25-at-17.03.44.jpeg?fit=1080%2C1080&ssl=1","width":1080,"height":1080},{"@type":"BreadcrumbList","@id":"https:\/\/orvepard.org\/veinspardinyes\/jornada-de-voluntariat-de-nadal-de-lassociacio-contra-el-cancer\/#breadcrumb","itemListElement":[{"@type":"ListItem","position":1,"name":"Inici","item":"https:\/\/orvepard.org\/veinspardinyes\/"},{"@type":"ListItem","position":2,"name":"Jornada de Voluntariat de Nadal de l&#8217;Associaci\u00f3 Contra el C\u00e0ncer"}]},{"@type":"WebSite","@id":"https:\/\/orvepard.org\/veinspardinyes\/#website","url":"https:\/\/orvepard.org\/veinspardinyes\/","name":"Orvepard","description":"Organitzaci\u00f3 de Ve\u00efns de Pardinyes","publisher":{"@id":"https:\/\/orvepard.org\/veinspardinyes\/#organization"},"potentialAction":[{"@type":"SearchAction","target":{"@type":"EntryPoint","urlTemplate":"https:\/\/orvepard.org\/veinspardinyes\/?s={search_term_string}"},"query-input":{"@type":"PropertyValueSpecification","valueRequired":true,"valueName":"search_term_string"}}],"inLanguage":"ca"},{"@type":"Organization","@id":"https:\/\/orvepard.org\/veinspardinyes\/#organization","name":"Orvepard, Organitzaci\u00f3 de Ve\u00efns de Pardinyes","url":"https:\/\/orvepard.org\/veinspardinyes\/","logo":{"@type":"ImageObject","inLanguage":"ca","@id":"https:\/\/orvepard.org\/veinspardinyes\/#\/schema\/logo\/image\/","url":"https:\/\/i0.wp.com\/orvepard.org\/veinspardinyes\/wp-content\/uploads\/2017\/12\/cropped-cropped-cropped-logweborvepardnadal-e1513180524112.png?fit=150%2C113&ssl=1","contentUrl":"https:\/\/i0.wp.com\/orvepard.org\/veinspardinyes\/wp-content\/uploads\/2017\/12\/cropped-cropped-cropped-logweborvepardnadal-e1513180524112.png?fit=150%2C113&ssl=1","width":150,"height":113,"caption":"Orvepard, Organitzaci\u00f3 de Ve\u00efns de Pardinyes"},"image":{"@id":"https:\/\/orvepard.org\/veinspardinyes\/#\/schema\/logo\/image\/"},"sameAs":["https:\/\/es-es.facebook.com\/groups\/orvepard\/","https:\/\/x.com\/veinspardinyes","https:\/\/www.instagram.com\/veinspardinyes\/","https:\/\/app.ebando.es\/channel\/pardinyes"]},{"@type":"Person","@id":"https:\/\/orvepard.org\/veinspardinyes\/#\/schema\/person\/3618644b46fc6e65b607a0eec1291369","name":"administrador","image":{"@type":"ImageObject","inLanguage":"ca","@id":"https:\/\/secure.gravatar.com\/avatar\/2fd7197822e0866420a0db7f19d28db516e5e67d14036b3ae96fe8b14685bd8f?s=96&d=mm&r=g","url":"https:\/\/secure.gravatar.com\/avatar\/2fd7197822e0866420a0db7f19d28db516e5e67d14036b3ae96fe8b14685bd8f?s=96&d=mm&r=g","contentUrl":"https:\/\/secure.gravatar.com\/avatar\/2fd7197822e0866420a0db7f19d28db516e5e67d14036b3ae96fe8b14685bd8f?s=96&d=mm&r=g","caption":"administrador"},"url":"https:\/\/orvepard.org\/veinspardinyes\/author\/administrador\/"}]}},"jetpack_publicize_connections":[],"jetpack_featured_media_url":"","jetpack_sharing_enabled":true,"jetpack_shortlink":"https:\/\/wp.me\/p9tnJI-Mx","jetpack_likes_enabled":true,"rttpg_featured_image_url":null,"rttpg_author":{"display_name":"administrador","author_link":"https:\/\/orvepard.org\/veinspardinyes\/author\/administrador\/"},"rttpg_comment":0,"rttpg_category":"<a href=\"https:\/\/orvepard.org\/veinspardinyes\/category\/general\/\" rel=\"category tag\">General<\/a>","rttpg_excerpt":"Us compartim l&#8217;agenda de la Jornada de Voluntariat de Nadal de l&#8217;Associaci\u00f3 contra el c\u00e0ncer a Lleida \ud83c\udf84\ud83c\udf84\ud83c\udf84 Agenda 10.30h Benvinguda i presentaci\u00f3 10.45h Voluntariat, un espai per compartir en primera persona 11.30h Salut i Rialles. Taller de Risoterapia 13.15h Refrigeri espai de Trobada Recorda la data \ud83d\uddd3\ufe0f 30 de novembre a les 10:30h \ud83d\udccd&hellip;","_links":{"self":[{"href":"https:\/\/orvepard.org\/veinspardinyes\/wp-json\/wp\/v2\/posts\/3009","targetHints":{"allow":["GET"]}}],"collection":[{"href":"https:\/\/orvepard.org\/veinspardinyes\/wp-json\/wp\/v2\/posts"}],"about":[{"href":"https:\/\/orvepard.org\/veinspardinyes\/wp-json\/wp\/v2\/types\/post"}],"author":[{"embeddable":true,"href":"https:\/\/orvepard.org\/veinspardinyes\/wp-json\/wp\/v2\/users\/1"}],"replies":[{"embeddable":true,"href":"https:\/\/orvepard.org\/veinspardinyes\/wp-json\/wp\/v2\/comments?post=3009"}],"version-history":[{"count":1,"href":"https:\/\/orvepard.org\/veinspardinyes\/wp-json\/wp\/v2\/posts\/3009\/revisions"}],"predecessor-version":[{"id":3011,"href":"https:\/\/orvepard.org\/veinspardinyes\/wp-json\/wp\/v2\/posts\/3009\/revisions\/3011"}],"wp:attachment":[{"href":"https:\/\/orvepard.org\/veinspardinyes\/wp-json\/wp\/v2\/media?parent=3009"}],"wp:term":[{"taxonomy":"category","embeddable":true,"href":"https:\/\/orvepard.org\/veinspardinyes\/wp-json\/wp\/v2\/categories?post=3009"},{"taxonomy":"post_tag","embeddable":true,"href":"https:\/\/orvepard.org\/veinspardinyes\/wp-json\/wp\/v2\/tags?post=3009"}],"curies":[{"name":"wp","href":"https:\/\/api.w.org\/{rel}","templated":true}]}}