{"id":2201,"date":"2022-03-03T13:36:55","date_gmt":"2022-03-03T12:36:55","guid":{"rendered":"https:\/\/orvepard.org\/veinspardinyes\/?p=2201"},"modified":"2022-03-09T08:25:48","modified_gmt":"2022-03-09T07:25:48","slug":"centre-ikea-a-pardinyes","status":"publish","type":"post","link":"https:\/\/orvepard.org\/veinspardinyes\/centre-ikea-a-pardinyes\/","title":{"rendered":"Centre Ikea a Pardinyes"},"content":{"rendered":"<p><strong>Centre Ikea a Pardinyes en els terrenys previstos per la Resid\u00e8ncia d\u2019Avis o el Macroalberg<\/strong><\/p>\n<p>SAC espectacles fart de les disputes i tensions entre l&#8217;Ajuntament i els contraris al macroalberg i decideix per carnaval construir una gran \u00e0rea comercial La companyia teatral de Sac Espectacles van escenificar una par\u00f2dia narrant els fets m\u00e9s destacats de l\u2019any de lluita de la plataforma a favor de la Resid\u00e8ncia de Pardinyes i la Organitzaci\u00f3 de Ve\u00efns de Pardinyes (Orvepard) que s\u2019oposen a la construcci\u00f3 del Macroalberg, imposat per l&#8217;actual equip de govern de la Paeria. Un projecte decretar per l&#8217;alcalde per la via d&#8217;urg\u00e8ncia, sense cap estudi t\u00e8cnic, urban\u00edstic, social ni econ\u00f2mic especialitzat. L\u2019edifici d\u2019aquest tipus m\u00e9s gran i m\u00e9s car de Catalunya, creat d&#8217;esquena als ve\u00efns, sense cap mena de di\u00e0leg positiu i ubicat en els terrenys compromesos pel mateix Ajuntament per construir una resid\u00e8ncia d&#8217;avis.La representaci\u00f3 carnavalesca de \u201cPardinyes no enterra la sardina\u201d de Sac Teatre, referida a la resid\u00e8ncia d\u2019avis i el macroalberg, la van protagonitzar la promotora de l\u2019edificaci\u00f3 i els encarregats de l&#8217;obra. Els responsables de la constructora, degut les contradiccions, tensions i enfrontades que reben per part de l&#8217;Equip de Govern de l&#8217;Ajuntament i els contraris al projecte de Macroalberg, despr\u00e9s de tants mals de caps, acaben deixant de banda les dues propostes de construcci\u00f3 i decideixen anar per feina i programar un tercer projecte definitiu per construir un Centre Ikea.<br \/>\nLa representaci\u00f3 va tenir lloc dimecres, 2 de mar\u00e7, al sal\u00f3 d\u2019actes d\u2019Orvepard i durant la mateixa, els actors de Sac Teatre van fer un rep\u00e0s als estudis per construir un complex per a la tercera edat i emprant un to ir\u00f2nic van refer\u00e8ncia a les 5.361 signatures recollides a Pardinyes a favor de la resid\u00e8ncia, les dues mocions de censura presentades al Ple Municipal per aturar el Macroalberg (una d&#8217;elles guanyada), els 2 contenciosos en via judicial contra el projecte del mega edifici, la reclamaci\u00f3 pendent per deixar sense efecte la partida pressupost\u00e0ria del Macroalberg i el debat del tema previst de tractar-ho en el Parlament de Catalunya.<\/p>\n<p>Paco Castillo<\/p>\n<p><img data-recalc-dims=\"1\" loading=\"lazy\" decoding=\"async\" data-attachment-id=\"2205\" data-permalink=\"https:\/\/orvepard.org\/veinspardinyes\/centre-ikea-a-pardinyes\/20220302_202806-pardinyes-no-enterra-la-sardina-sac-teatre-v\/\" data-orig-file=\"https:\/\/i0.wp.com\/orvepard.org\/veinspardinyes\/wp-content\/uploads\/2022\/03\/20220302_202806-Pardinyes-no-enterra-la-Sardina-Sac-Teatre-V-scaled.jpg?fit=2560%2C1293&amp;ssl=1\" data-orig-size=\"2560,1293\" data-comments-opened=\"1\" data-image-meta=\"{&quot;aperture&quot;:&quot;1.8&quot;,&quot;credit&quot;:&quot;&quot;,&quot;camera&quot;:&quot;LM-Q630&quot;,&quot;caption&quot;:&quot;&quot;,&quot;created_timestamp&quot;:&quot;1646252886&quot;,&quot;copyright&quot;:&quot;&quot;,&quot;focal_length&quot;:&quot;4.71&quot;,&quot;iso&quot;:&quot;300&quot;,&quot;shutter_speed&quot;:&quot;0.049998&quot;,&quot;title&quot;:&quot;&quot;,&quot;orientation&quot;:&quot;1&quot;}\" data-image-title=\"20220302_202806-Pardinyes no enterra la Sardina-Sac Teatre-V\" data-image-description=\"\" data-image-caption=\"\" data-large-file=\"https:\/\/i0.wp.com\/orvepard.org\/veinspardinyes\/wp-content\/uploads\/2022\/03\/20220302_202806-Pardinyes-no-enterra-la-Sardina-Sac-Teatre-V-scaled.jpg?fit=640%2C323&amp;ssl=1\" class=\"alignnone size-medium wp-image-2205\" src=\"https:\/\/i0.wp.com\/orvepard.org\/veinspardinyes\/wp-content\/uploads\/2022\/03\/20220302_202806-Pardinyes-no-enterra-la-Sardina-Sac-Teatre-V.jpg?resize=300%2C152&#038;ssl=1\" alt=\"\" width=\"300\" height=\"152\" srcset=\"https:\/\/i0.wp.com\/orvepard.org\/veinspardinyes\/wp-content\/uploads\/2022\/03\/20220302_202806-Pardinyes-no-enterra-la-Sardina-Sac-Teatre-V-scaled.jpg?resize=300%2C152&amp;ssl=1 300w, https:\/\/i0.wp.com\/orvepard.org\/veinspardinyes\/wp-content\/uploads\/2022\/03\/20220302_202806-Pardinyes-no-enterra-la-Sardina-Sac-Teatre-V-scaled.jpg?resize=1024%2C517&amp;ssl=1 1024w, https:\/\/i0.wp.com\/orvepard.org\/veinspardinyes\/wp-content\/uploads\/2022\/03\/20220302_202806-Pardinyes-no-enterra-la-Sardina-Sac-Teatre-V-scaled.jpg?resize=768%2C388&amp;ssl=1 768w, https:\/\/i0.wp.com\/orvepard.org\/veinspardinyes\/wp-content\/uploads\/2022\/03\/20220302_202806-Pardinyes-no-enterra-la-Sardina-Sac-Teatre-V-scaled.jpg?resize=1536%2C776&amp;ssl=1 1536w, https:\/\/i0.wp.com\/orvepard.org\/veinspardinyes\/wp-content\/uploads\/2022\/03\/20220302_202806-Pardinyes-no-enterra-la-Sardina-Sac-Teatre-V-scaled.jpg?resize=2048%2C1034&amp;ssl=1 2048w, https:\/\/i0.wp.com\/orvepard.org\/veinspardinyes\/wp-content\/uploads\/2022\/03\/20220302_202806-Pardinyes-no-enterra-la-Sardina-Sac-Teatre-V-scaled.jpg?w=1280&amp;ssl=1 1280w, https:\/\/i0.wp.com\/orvepard.org\/veinspardinyes\/wp-content\/uploads\/2022\/03\/20220302_202806-Pardinyes-no-enterra-la-Sardina-Sac-Teatre-V-scaled.jpg?w=1920&amp;ssl=1 1920w\" sizes=\"auto, (max-width: 300px) 100vw, 300px\" \/><\/p>\n<div class=\"tiled-gallery type-rectangular tiled-gallery-unresized\" data-original-width=\"640\" data-carousel-extra='{&quot;blog_id&quot;:1,&quot;permalink&quot;:&quot;https:\\\/\\\/orvepard.org\\\/veinspardinyes\\\/centre-ikea-a-pardinyes\\\/&quot;,&quot;likes_blog_id&quot;:139989782}' itemscope itemtype=\"http:\/\/schema.org\/ImageGallery\" > <div class=\"gallery-row\" style=\"width: 640px; height: 167px;\" data-original-width=\"640\" data-original-height=\"167\" > <div class=\"gallery-group images-1\" style=\"width: 305px; height: 167px;\" data-original-width=\"305\" data-original-height=\"167\" > <div class=\"tiled-gallery-item tiled-gallery-item-large\" itemprop=\"associatedMedia\" itemscope itemtype=\"http:\/\/schema.org\/ImageObject\"> <a href=\"https:\/\/orvepard.org\/veinspardinyes\/centre-ikea-a-pardinyes\/20220302_204131-pardinyes-no-enterra-la-sardina-sac-teatre-v\/\" border=\"0\" itemprop=\"url\"> <meta itemprop=\"width\" content=\"301\"> <meta itemprop=\"height\" content=\"163\"> <img decoding=\"async\" class=\"\" data-attachment-id=\"2202\" data-orig-file=\"https:\/\/orvepard.org\/veinspardinyes\/wp-content\/uploads\/2022\/03\/20220302_204131-Pardinyes-no-enterra-la-Sardina-Sac-Teatre-V-scaled.jpg\" data-orig-size=\"2560,1388\" data-comments-opened=\"1\" data-image-meta=\"{&quot;aperture&quot;:&quot;1.8&quot;,&quot;credit&quot;:&quot;&quot;,&quot;camera&quot;:&quot;LM-Q630&quot;,&quot;caption&quot;:&quot;&quot;,&quot;created_timestamp&quot;:&quot;1646253691&quot;,&quot;copyright&quot;:&quot;&quot;,&quot;focal_length&quot;:&quot;4.71&quot;,&quot;iso&quot;:&quot;300&quot;,&quot;shutter_speed&quot;:&quot;0.041667&quot;,&quot;title&quot;:&quot;&quot;,&quot;orientation&quot;:&quot;1&quot;}\" data-image-title=\"20220302_204131-Pardinyes no enterra la Sardina-Sac Teatre-V\" data-image-description=\"\" data-medium-file=\"https:\/\/i0.wp.com\/orvepard.org\/veinspardinyes\/wp-content\/uploads\/2022\/03\/20220302_204131-Pardinyes-no-enterra-la-Sardina-Sac-Teatre-V-scaled.jpg?fit=300%2C163&#038;ssl=1\" data-large-file=\"https:\/\/i0.wp.com\/orvepard.org\/veinspardinyes\/wp-content\/uploads\/2022\/03\/20220302_204131-Pardinyes-no-enterra-la-Sardina-Sac-Teatre-V-scaled.jpg?fit=640%2C347&#038;ssl=1\" src=\"https:\/\/i0.wp.com\/orvepard.org\/veinspardinyes\/wp-content\/uploads\/2022\/03\/20220302_204131-Pardinyes-no-enterra-la-Sardina-Sac-Teatre-V-scaled.jpg?w=301&#038;h=163&#038;ssl=1\" srcset=\"https:\/\/i0.wp.com\/orvepard.org\/veinspardinyes\/wp-content\/uploads\/2022\/03\/20220302_204131-Pardinyes-no-enterra-la-Sardina-Sac-Teatre-V-scaled.jpg?w=2560&amp;ssl=1 2560w, https:\/\/i0.wp.com\/orvepard.org\/veinspardinyes\/wp-content\/uploads\/2022\/03\/20220302_204131-Pardinyes-no-enterra-la-Sardina-Sac-Teatre-V-scaled.jpg?resize=300%2C163&amp;ssl=1 300w, https:\/\/i0.wp.com\/orvepard.org\/veinspardinyes\/wp-content\/uploads\/2022\/03\/20220302_204131-Pardinyes-no-enterra-la-Sardina-Sac-Teatre-V-scaled.jpg?resize=1024%2C555&amp;ssl=1 1024w, https:\/\/i0.wp.com\/orvepard.org\/veinspardinyes\/wp-content\/uploads\/2022\/03\/20220302_204131-Pardinyes-no-enterra-la-Sardina-Sac-Teatre-V-scaled.jpg?resize=768%2C416&amp;ssl=1 768w, https:\/\/i0.wp.com\/orvepard.org\/veinspardinyes\/wp-content\/uploads\/2022\/03\/20220302_204131-Pardinyes-no-enterra-la-Sardina-Sac-Teatre-V-scaled.jpg?resize=1536%2C833&amp;ssl=1 1536w, https:\/\/i0.wp.com\/orvepard.org\/veinspardinyes\/wp-content\/uploads\/2022\/03\/20220302_204131-Pardinyes-no-enterra-la-Sardina-Sac-Teatre-V-scaled.jpg?resize=2048%2C1110&amp;ssl=1 2048w, https:\/\/i0.wp.com\/orvepard.org\/veinspardinyes\/wp-content\/uploads\/2022\/03\/20220302_204131-Pardinyes-no-enterra-la-Sardina-Sac-Teatre-V-scaled.jpg?w=1280&amp;ssl=1 1280w, https:\/\/i0.wp.com\/orvepard.org\/veinspardinyes\/wp-content\/uploads\/2022\/03\/20220302_204131-Pardinyes-no-enterra-la-Sardina-Sac-Teatre-V-scaled.jpg?w=1920&amp;ssl=1 1920w\" width=\"301\" height=\"163\" loading=\"lazy\" data-original-width=\"301\" data-original-height=\"163\" itemprop=\"http:\/\/schema.org\/image\" title=\"20220302_204131-Pardinyes no enterra la Sardina-Sac Teatre-V\" alt=\"20220302_204131-Pardinyes no enterra la Sardina-Sac Teatre-V\" style=\"width: 301px; height: 163px;\" \/> <\/a> <\/div> <\/div> <!-- close group --> <div class=\"gallery-group images-1\" style=\"width: 335px; height: 167px;\" data-original-width=\"335\" data-original-height=\"167\" > <div class=\"tiled-gallery-item tiled-gallery-item-large\" itemprop=\"associatedMedia\" itemscope itemtype=\"http:\/\/schema.org\/ImageObject\"> <a href=\"https:\/\/orvepard.org\/veinspardinyes\/centre-ikea-a-pardinyes\/20220302_202543-presentacio-sac-teatre-pardinyes-no-enterra-la-sardina\/\" border=\"0\" itemprop=\"url\"> <meta itemprop=\"width\" content=\"331\"> <meta itemprop=\"height\" content=\"163\"> <img decoding=\"async\" class=\"\" data-attachment-id=\"2203\" data-orig-file=\"https:\/\/orvepard.org\/veinspardinyes\/wp-content\/uploads\/2022\/03\/20220302_202543-presentacio-Sac-Teatre-Pardinyes-no-enterra-la-sardina-scaled.jpg\" data-orig-size=\"2560,1263\" data-comments-opened=\"1\" data-image-meta=\"{&quot;aperture&quot;:&quot;1.8&quot;,&quot;credit&quot;:&quot;&quot;,&quot;camera&quot;:&quot;LM-Q630&quot;,&quot;caption&quot;:&quot;&quot;,&quot;created_timestamp&quot;:&quot;1646252743&quot;,&quot;copyright&quot;:&quot;&quot;,&quot;focal_length&quot;:&quot;4.71&quot;,&quot;iso&quot;:&quot;300&quot;,&quot;shutter_speed&quot;:&quot;0.049998&quot;,&quot;title&quot;:&quot;&quot;,&quot;orientation&quot;:&quot;1&quot;}\" data-image-title=\"20220302_202543-presentaci\u00f3 Sac Teatre-Pardinyes no enterra la sardina\" data-image-description=\"\" data-medium-file=\"https:\/\/i0.wp.com\/orvepard.org\/veinspardinyes\/wp-content\/uploads\/2022\/03\/20220302_202543-presentacio-Sac-Teatre-Pardinyes-no-enterra-la-sardina-scaled.jpg?fit=300%2C148&#038;ssl=1\" data-large-file=\"https:\/\/i0.wp.com\/orvepard.org\/veinspardinyes\/wp-content\/uploads\/2022\/03\/20220302_202543-presentacio-Sac-Teatre-Pardinyes-no-enterra-la-sardina-scaled.jpg?fit=640%2C316&#038;ssl=1\" src=\"https:\/\/i0.wp.com\/orvepard.org\/veinspardinyes\/wp-content\/uploads\/2022\/03\/20220302_202543-presentacio-Sac-Teatre-Pardinyes-no-enterra-la-sardina-scaled.jpg?w=331&#038;h=163&#038;ssl=1\" srcset=\"https:\/\/i0.wp.com\/orvepard.org\/veinspardinyes\/wp-content\/uploads\/2022\/03\/20220302_202543-presentacio-Sac-Teatre-Pardinyes-no-enterra-la-sardina-scaled.jpg?w=2560&amp;ssl=1 2560w, https:\/\/i0.wp.com\/orvepard.org\/veinspardinyes\/wp-content\/uploads\/2022\/03\/20220302_202543-presentacio-Sac-Teatre-Pardinyes-no-enterra-la-sardina-scaled.jpg?resize=300%2C148&amp;ssl=1 300w, https:\/\/i0.wp.com\/orvepard.org\/veinspardinyes\/wp-content\/uploads\/2022\/03\/20220302_202543-presentacio-Sac-Teatre-Pardinyes-no-enterra-la-sardina-scaled.jpg?resize=1024%2C505&amp;ssl=1 1024w, https:\/\/i0.wp.com\/orvepard.org\/veinspardinyes\/wp-content\/uploads\/2022\/03\/20220302_202543-presentacio-Sac-Teatre-Pardinyes-no-enterra-la-sardina-scaled.jpg?resize=768%2C379&amp;ssl=1 768w, https:\/\/i0.wp.com\/orvepard.org\/veinspardinyes\/wp-content\/uploads\/2022\/03\/20220302_202543-presentacio-Sac-Teatre-Pardinyes-no-enterra-la-sardina-scaled.jpg?resize=1536%2C758&amp;ssl=1 1536w, https:\/\/i0.wp.com\/orvepard.org\/veinspardinyes\/wp-content\/uploads\/2022\/03\/20220302_202543-presentacio-Sac-Teatre-Pardinyes-no-enterra-la-sardina-scaled.jpg?resize=2048%2C1011&amp;ssl=1 2048w, https:\/\/i0.wp.com\/orvepard.org\/veinspardinyes\/wp-content\/uploads\/2022\/03\/20220302_202543-presentacio-Sac-Teatre-Pardinyes-no-enterra-la-sardina-scaled.jpg?w=1280&amp;ssl=1 1280w, https:\/\/i0.wp.com\/orvepard.org\/veinspardinyes\/wp-content\/uploads\/2022\/03\/20220302_202543-presentacio-Sac-Teatre-Pardinyes-no-enterra-la-sardina-scaled.jpg?w=1920&amp;ssl=1 1920w\" width=\"331\" height=\"163\" loading=\"lazy\" data-original-width=\"331\" data-original-height=\"163\" itemprop=\"http:\/\/schema.org\/image\" title=\"20220302_202543-presentaci\u00f3 Sac Teatre-Pardinyes no enterra la sardina\" alt=\"20220302_202543-presentaci\u00f3 Sac Teatre-Pardinyes no enterra la sardina\" style=\"width: 331px; height: 163px;\" \/> <\/a> <\/div> <\/div> <!-- close group --> <\/div> <!-- close row --> <div class=\"gallery-row\" style=\"width: 640px; height: 169px;\" data-original-width=\"640\" data-original-height=\"169\" > <div class=\"gallery-group images-1\" style=\"width: 309px; height: 169px;\" data-original-width=\"309\" data-original-height=\"169\" > <div class=\"tiled-gallery-item tiled-gallery-item-large\" itemprop=\"associatedMedia\" itemscope itemtype=\"http:\/\/schema.org\/ImageObject\"> <a href=\"https:\/\/orvepard.org\/veinspardinyes\/centre-ikea-a-pardinyes\/20220302_204131-pardinyes-no-enterra-la-sardina-sac-teatre-v-2\/\" border=\"0\" itemprop=\"url\"> <meta itemprop=\"width\" content=\"305\"> <meta itemprop=\"height\" content=\"165\"> <img decoding=\"async\" class=\"\" data-attachment-id=\"2204\" data-orig-file=\"https:\/\/orvepard.org\/veinspardinyes\/wp-content\/uploads\/2022\/03\/20220302_204131-Pardinyes-no-enterra-la-Sardina-Sac-Teatre-V-1-scaled.jpg\" data-orig-size=\"2560,1388\" data-comments-opened=\"1\" data-image-meta=\"{&quot;aperture&quot;:&quot;1.8&quot;,&quot;credit&quot;:&quot;&quot;,&quot;camera&quot;:&quot;LM-Q630&quot;,&quot;caption&quot;:&quot;&quot;,&quot;created_timestamp&quot;:&quot;1646253691&quot;,&quot;copyright&quot;:&quot;&quot;,&quot;focal_length&quot;:&quot;4.71&quot;,&quot;iso&quot;:&quot;300&quot;,&quot;shutter_speed&quot;:&quot;0.041667&quot;,&quot;title&quot;:&quot;&quot;,&quot;orientation&quot;:&quot;1&quot;}\" data-image-title=\"20220302_204131-Pardinyes no enterra la Sardina-Sac Teatre-V\" data-image-description=\"\" data-medium-file=\"https:\/\/i0.wp.com\/orvepard.org\/veinspardinyes\/wp-content\/uploads\/2022\/03\/20220302_204131-Pardinyes-no-enterra-la-Sardina-Sac-Teatre-V-1-scaled.jpg?fit=300%2C163&#038;ssl=1\" data-large-file=\"https:\/\/i0.wp.com\/orvepard.org\/veinspardinyes\/wp-content\/uploads\/2022\/03\/20220302_204131-Pardinyes-no-enterra-la-Sardina-Sac-Teatre-V-1-scaled.jpg?fit=640%2C347&#038;ssl=1\" src=\"https:\/\/i0.wp.com\/orvepard.org\/veinspardinyes\/wp-content\/uploads\/2022\/03\/20220302_204131-Pardinyes-no-enterra-la-Sardina-Sac-Teatre-V-1-scaled.jpg?w=305&#038;h=165&#038;ssl=1\" srcset=\"https:\/\/i0.wp.com\/orvepard.org\/veinspardinyes\/wp-content\/uploads\/2022\/03\/20220302_204131-Pardinyes-no-enterra-la-Sardina-Sac-Teatre-V-1-scaled.jpg?w=2560&amp;ssl=1 2560w, https:\/\/i0.wp.com\/orvepard.org\/veinspardinyes\/wp-content\/uploads\/2022\/03\/20220302_204131-Pardinyes-no-enterra-la-Sardina-Sac-Teatre-V-1-scaled.jpg?resize=300%2C163&amp;ssl=1 300w, https:\/\/i0.wp.com\/orvepard.org\/veinspardinyes\/wp-content\/uploads\/2022\/03\/20220302_204131-Pardinyes-no-enterra-la-Sardina-Sac-Teatre-V-1-scaled.jpg?resize=1024%2C555&amp;ssl=1 1024w, https:\/\/i0.wp.com\/orvepard.org\/veinspardinyes\/wp-content\/uploads\/2022\/03\/20220302_204131-Pardinyes-no-enterra-la-Sardina-Sac-Teatre-V-1-scaled.jpg?resize=768%2C416&amp;ssl=1 768w, https:\/\/i0.wp.com\/orvepard.org\/veinspardinyes\/wp-content\/uploads\/2022\/03\/20220302_204131-Pardinyes-no-enterra-la-Sardina-Sac-Teatre-V-1-scaled.jpg?resize=1536%2C833&amp;ssl=1 1536w, https:\/\/i0.wp.com\/orvepard.org\/veinspardinyes\/wp-content\/uploads\/2022\/03\/20220302_204131-Pardinyes-no-enterra-la-Sardina-Sac-Teatre-V-1-scaled.jpg?resize=2048%2C1110&amp;ssl=1 2048w, https:\/\/i0.wp.com\/orvepard.org\/veinspardinyes\/wp-content\/uploads\/2022\/03\/20220302_204131-Pardinyes-no-enterra-la-Sardina-Sac-Teatre-V-1-scaled.jpg?w=1280&amp;ssl=1 1280w, https:\/\/i0.wp.com\/orvepard.org\/veinspardinyes\/wp-content\/uploads\/2022\/03\/20220302_204131-Pardinyes-no-enterra-la-Sardina-Sac-Teatre-V-1-scaled.jpg?w=1920&amp;ssl=1 1920w\" width=\"305\" height=\"165\" loading=\"lazy\" data-original-width=\"305\" data-original-height=\"165\" itemprop=\"http:\/\/schema.org\/image\" title=\"20220302_204131-Pardinyes no enterra la Sardina-Sac Teatre-V\" alt=\"20220302_204131-Pardinyes no enterra la Sardina-Sac Teatre-V\" style=\"width: 305px; height: 165px;\" \/> <\/a> <\/div> <\/div> <!-- close group --> <div class=\"gallery-group images-1\" style=\"width: 331px; height: 169px;\" data-original-width=\"331\" data-original-height=\"169\" > <div class=\"tiled-gallery-item tiled-gallery-item-large\" itemprop=\"associatedMedia\" itemscope itemtype=\"http:\/\/schema.org\/ImageObject\"> <a href=\"https:\/\/orvepard.org\/veinspardinyes\/centre-ikea-a-pardinyes\/20220302_202806-pardinyes-no-enterra-la-sardina-sac-teatre-v\/\" border=\"0\" itemprop=\"url\"> <meta itemprop=\"width\" content=\"327\"> <meta itemprop=\"height\" content=\"165\"> <img decoding=\"async\" class=\"\" data-attachment-id=\"2205\" data-orig-file=\"https:\/\/orvepard.org\/veinspardinyes\/wp-content\/uploads\/2022\/03\/20220302_202806-Pardinyes-no-enterra-la-Sardina-Sac-Teatre-V-scaled.jpg\" data-orig-size=\"2560,1293\" data-comments-opened=\"1\" data-image-meta=\"{&quot;aperture&quot;:&quot;1.8&quot;,&quot;credit&quot;:&quot;&quot;,&quot;camera&quot;:&quot;LM-Q630&quot;,&quot;caption&quot;:&quot;&quot;,&quot;created_timestamp&quot;:&quot;1646252886&quot;,&quot;copyright&quot;:&quot;&quot;,&quot;focal_length&quot;:&quot;4.71&quot;,&quot;iso&quot;:&quot;300&quot;,&quot;shutter_speed&quot;:&quot;0.049998&quot;,&quot;title&quot;:&quot;&quot;,&quot;orientation&quot;:&quot;1&quot;}\" data-image-title=\"20220302_202806-Pardinyes no enterra la Sardina-Sac Teatre-V\" data-image-description=\"\" data-medium-file=\"https:\/\/i0.wp.com\/orvepard.org\/veinspardinyes\/wp-content\/uploads\/2022\/03\/20220302_202806-Pardinyes-no-enterra-la-Sardina-Sac-Teatre-V-scaled.jpg?fit=300%2C152&#038;ssl=1\" data-large-file=\"https:\/\/i0.wp.com\/orvepard.org\/veinspardinyes\/wp-content\/uploads\/2022\/03\/20220302_202806-Pardinyes-no-enterra-la-Sardina-Sac-Teatre-V-scaled.jpg?fit=640%2C323&#038;ssl=1\" src=\"https:\/\/i0.wp.com\/orvepard.org\/veinspardinyes\/wp-content\/uploads\/2022\/03\/20220302_202806-Pardinyes-no-enterra-la-Sardina-Sac-Teatre-V-scaled.jpg?w=327&#038;h=165&#038;ssl=1\" srcset=\"https:\/\/i0.wp.com\/orvepard.org\/veinspardinyes\/wp-content\/uploads\/2022\/03\/20220302_202806-Pardinyes-no-enterra-la-Sardina-Sac-Teatre-V-scaled.jpg?w=2560&amp;ssl=1 2560w, https:\/\/i0.wp.com\/orvepard.org\/veinspardinyes\/wp-content\/uploads\/2022\/03\/20220302_202806-Pardinyes-no-enterra-la-Sardina-Sac-Teatre-V-scaled.jpg?resize=300%2C152&amp;ssl=1 300w, https:\/\/i0.wp.com\/orvepard.org\/veinspardinyes\/wp-content\/uploads\/2022\/03\/20220302_202806-Pardinyes-no-enterra-la-Sardina-Sac-Teatre-V-scaled.jpg?resize=1024%2C517&amp;ssl=1 1024w, https:\/\/i0.wp.com\/orvepard.org\/veinspardinyes\/wp-content\/uploads\/2022\/03\/20220302_202806-Pardinyes-no-enterra-la-Sardina-Sac-Teatre-V-scaled.jpg?resize=768%2C388&amp;ssl=1 768w, https:\/\/i0.wp.com\/orvepard.org\/veinspardinyes\/wp-content\/uploads\/2022\/03\/20220302_202806-Pardinyes-no-enterra-la-Sardina-Sac-Teatre-V-scaled.jpg?resize=1536%2C776&amp;ssl=1 1536w, https:\/\/i0.wp.com\/orvepard.org\/veinspardinyes\/wp-content\/uploads\/2022\/03\/20220302_202806-Pardinyes-no-enterra-la-Sardina-Sac-Teatre-V-scaled.jpg?resize=2048%2C1034&amp;ssl=1 2048w, https:\/\/i0.wp.com\/orvepard.org\/veinspardinyes\/wp-content\/uploads\/2022\/03\/20220302_202806-Pardinyes-no-enterra-la-Sardina-Sac-Teatre-V-scaled.jpg?w=1280&amp;ssl=1 1280w, https:\/\/i0.wp.com\/orvepard.org\/veinspardinyes\/wp-content\/uploads\/2022\/03\/20220302_202806-Pardinyes-no-enterra-la-Sardina-Sac-Teatre-V-scaled.jpg?w=1920&amp;ssl=1 1920w\" width=\"327\" height=\"165\" loading=\"lazy\" data-original-width=\"327\" data-original-height=\"165\" itemprop=\"http:\/\/schema.org\/image\" title=\"20220302_202806-Pardinyes no enterra la Sardina-Sac Teatre-V\" alt=\"20220302_202806-Pardinyes no enterra la Sardina-Sac Teatre-V\" style=\"width: 327px; height: 165px;\" \/> <\/a> <\/div> <\/div> <!-- close group --> <\/div> <!-- close row --> <div class=\"gallery-row\" style=\"width: 640px; height: 169px;\" data-original-width=\"640\" data-original-height=\"169\" > <div class=\"gallery-group images-1\" style=\"width: 309px; height: 169px;\" data-original-width=\"309\" data-original-height=\"169\" > <div class=\"tiled-gallery-item tiled-gallery-item-large\" itemprop=\"associatedMedia\" itemscope itemtype=\"http:\/\/schema.org\/ImageObject\"> <a href=\"https:\/\/orvepard.org\/veinspardinyes\/centre-ikea-a-pardinyes\/20220302_203855-1-pardinyes-no-enterra-la-sardina-sac-teatre-v\/\" border=\"0\" itemprop=\"url\"> <meta itemprop=\"width\" content=\"305\"> <meta itemprop=\"height\" content=\"165\"> <img decoding=\"async\" class=\"\" data-attachment-id=\"2206\" data-orig-file=\"https:\/\/orvepard.org\/veinspardinyes\/wp-content\/uploads\/2022\/03\/20220302_203855-1-Pardinyes-no-enterra-la-Sardina-Sac-Teatre-V-scaled.jpg\" data-orig-size=\"2560,1383\" data-comments-opened=\"1\" data-image-meta=\"{&quot;aperture&quot;:&quot;1.8&quot;,&quot;credit&quot;:&quot;&quot;,&quot;camera&quot;:&quot;LM-Q630&quot;,&quot;caption&quot;:&quot;&quot;,&quot;created_timestamp&quot;:&quot;1646253535&quot;,&quot;copyright&quot;:&quot;&quot;,&quot;focal_length&quot;:&quot;4.71&quot;,&quot;iso&quot;:&quot;300&quot;,&quot;shutter_speed&quot;:&quot;0.041667&quot;,&quot;title&quot;:&quot;&quot;,&quot;orientation&quot;:&quot;1&quot;}\" data-image-title=\"20220302_203855 (1)-Pardinyes no enterra la Sardina-Sac Teatre-V\" data-image-description=\"\" data-medium-file=\"https:\/\/i0.wp.com\/orvepard.org\/veinspardinyes\/wp-content\/uploads\/2022\/03\/20220302_203855-1-Pardinyes-no-enterra-la-Sardina-Sac-Teatre-V-scaled.jpg?fit=300%2C162&#038;ssl=1\" data-large-file=\"https:\/\/i0.wp.com\/orvepard.org\/veinspardinyes\/wp-content\/uploads\/2022\/03\/20220302_203855-1-Pardinyes-no-enterra-la-Sardina-Sac-Teatre-V-scaled.jpg?fit=640%2C346&#038;ssl=1\" src=\"https:\/\/i0.wp.com\/orvepard.org\/veinspardinyes\/wp-content\/uploads\/2022\/03\/20220302_203855-1-Pardinyes-no-enterra-la-Sardina-Sac-Teatre-V-scaled.jpg?w=305&#038;h=165&#038;ssl=1\" srcset=\"https:\/\/i0.wp.com\/orvepard.org\/veinspardinyes\/wp-content\/uploads\/2022\/03\/20220302_203855-1-Pardinyes-no-enterra-la-Sardina-Sac-Teatre-V-scaled.jpg?w=2560&amp;ssl=1 2560w, https:\/\/i0.wp.com\/orvepard.org\/veinspardinyes\/wp-content\/uploads\/2022\/03\/20220302_203855-1-Pardinyes-no-enterra-la-Sardina-Sac-Teatre-V-scaled.jpg?resize=300%2C162&amp;ssl=1 300w, https:\/\/i0.wp.com\/orvepard.org\/veinspardinyes\/wp-content\/uploads\/2022\/03\/20220302_203855-1-Pardinyes-no-enterra-la-Sardina-Sac-Teatre-V-scaled.jpg?resize=1024%2C553&amp;ssl=1 1024w, https:\/\/i0.wp.com\/orvepard.org\/veinspardinyes\/wp-content\/uploads\/2022\/03\/20220302_203855-1-Pardinyes-no-enterra-la-Sardina-Sac-Teatre-V-scaled.jpg?resize=768%2C415&amp;ssl=1 768w, https:\/\/i0.wp.com\/orvepard.org\/veinspardinyes\/wp-content\/uploads\/2022\/03\/20220302_203855-1-Pardinyes-no-enterra-la-Sardina-Sac-Teatre-V-scaled.jpg?resize=1536%2C830&amp;ssl=1 1536w, https:\/\/i0.wp.com\/orvepard.org\/veinspardinyes\/wp-content\/uploads\/2022\/03\/20220302_203855-1-Pardinyes-no-enterra-la-Sardina-Sac-Teatre-V-scaled.jpg?resize=2048%2C1106&amp;ssl=1 2048w, https:\/\/i0.wp.com\/orvepard.org\/veinspardinyes\/wp-content\/uploads\/2022\/03\/20220302_203855-1-Pardinyes-no-enterra-la-Sardina-Sac-Teatre-V-scaled.jpg?w=1280&amp;ssl=1 1280w, https:\/\/i0.wp.com\/orvepard.org\/veinspardinyes\/wp-content\/uploads\/2022\/03\/20220302_203855-1-Pardinyes-no-enterra-la-Sardina-Sac-Teatre-V-scaled.jpg?w=1920&amp;ssl=1 1920w\" width=\"305\" height=\"165\" loading=\"lazy\" data-original-width=\"305\" data-original-height=\"165\" itemprop=\"http:\/\/schema.org\/image\" title=\"20220302_203855 (1)-Pardinyes no enterra la Sardina-Sac Teatre-V\" alt=\"20220302_203855 (1)-Pardinyes no enterra la Sardina-Sac Teatre-V\" style=\"width: 305px; height: 165px;\" \/> <\/a> <\/div> <\/div> <!-- close group --> <div class=\"gallery-group images-1\" style=\"width: 331px; height: 169px;\" data-original-width=\"331\" data-original-height=\"169\" > <div class=\"tiled-gallery-item tiled-gallery-item-large\" itemprop=\"associatedMedia\" itemscope itemtype=\"http:\/\/schema.org\/ImageObject\"> <a href=\"https:\/\/orvepard.org\/veinspardinyes\/centre-ikea-a-pardinyes\/20220302_203258-pardinyes-no-enterra-la-sardina-sac-teatre\/\" border=\"0\" itemprop=\"url\"> <meta itemprop=\"width\" content=\"327\"> <meta itemprop=\"height\" content=\"165\"> <img decoding=\"async\" class=\"\" data-attachment-id=\"2207\" data-orig-file=\"https:\/\/orvepard.org\/veinspardinyes\/wp-content\/uploads\/2022\/03\/20220302_203258-Pardinyes-no-enterra-la-Sardina-Sac-Teatre-scaled.jpg\" data-orig-size=\"2560,1287\" data-comments-opened=\"1\" data-image-meta=\"{&quot;aperture&quot;:&quot;1.8&quot;,&quot;credit&quot;:&quot;&quot;,&quot;camera&quot;:&quot;LM-Q630&quot;,&quot;caption&quot;:&quot;&quot;,&quot;created_timestamp&quot;:&quot;1646253178&quot;,&quot;copyright&quot;:&quot;&quot;,&quot;focal_length&quot;:&quot;4.71&quot;,&quot;iso&quot;:&quot;300&quot;,&quot;shutter_speed&quot;:&quot;0.041667&quot;,&quot;title&quot;:&quot;&quot;,&quot;orientation&quot;:&quot;1&quot;}\" data-image-title=\"20220302_203258-Pardinyes no enterra la Sardina-Sac Teatre\" data-image-description=\"\" data-medium-file=\"https:\/\/i0.wp.com\/orvepard.org\/veinspardinyes\/wp-content\/uploads\/2022\/03\/20220302_203258-Pardinyes-no-enterra-la-Sardina-Sac-Teatre-scaled.jpg?fit=300%2C151&#038;ssl=1\" data-large-file=\"https:\/\/i0.wp.com\/orvepard.org\/veinspardinyes\/wp-content\/uploads\/2022\/03\/20220302_203258-Pardinyes-no-enterra-la-Sardina-Sac-Teatre-scaled.jpg?fit=640%2C322&#038;ssl=1\" src=\"https:\/\/i0.wp.com\/orvepard.org\/veinspardinyes\/wp-content\/uploads\/2022\/03\/20220302_203258-Pardinyes-no-enterra-la-Sardina-Sac-Teatre-scaled.jpg?w=327&#038;h=165&#038;ssl=1\" srcset=\"https:\/\/i0.wp.com\/orvepard.org\/veinspardinyes\/wp-content\/uploads\/2022\/03\/20220302_203258-Pardinyes-no-enterra-la-Sardina-Sac-Teatre-scaled.jpg?w=2560&amp;ssl=1 2560w, https:\/\/i0.wp.com\/orvepard.org\/veinspardinyes\/wp-content\/uploads\/2022\/03\/20220302_203258-Pardinyes-no-enterra-la-Sardina-Sac-Teatre-scaled.jpg?resize=300%2C151&amp;ssl=1 300w, https:\/\/i0.wp.com\/orvepard.org\/veinspardinyes\/wp-content\/uploads\/2022\/03\/20220302_203258-Pardinyes-no-enterra-la-Sardina-Sac-Teatre-scaled.jpg?resize=1024%2C515&amp;ssl=1 1024w, https:\/\/i0.wp.com\/orvepard.org\/veinspardinyes\/wp-content\/uploads\/2022\/03\/20220302_203258-Pardinyes-no-enterra-la-Sardina-Sac-Teatre-scaled.jpg?resize=768%2C386&amp;ssl=1 768w, https:\/\/i0.wp.com\/orvepard.org\/veinspardinyes\/wp-content\/uploads\/2022\/03\/20220302_203258-Pardinyes-no-enterra-la-Sardina-Sac-Teatre-scaled.jpg?resize=1536%2C772&amp;ssl=1 1536w, https:\/\/i0.wp.com\/orvepard.org\/veinspardinyes\/wp-content\/uploads\/2022\/03\/20220302_203258-Pardinyes-no-enterra-la-Sardina-Sac-Teatre-scaled.jpg?resize=2048%2C1030&amp;ssl=1 2048w, https:\/\/i0.wp.com\/orvepard.org\/veinspardinyes\/wp-content\/uploads\/2022\/03\/20220302_203258-Pardinyes-no-enterra-la-Sardina-Sac-Teatre-scaled.jpg?w=1280&amp;ssl=1 1280w, https:\/\/i0.wp.com\/orvepard.org\/veinspardinyes\/wp-content\/uploads\/2022\/03\/20220302_203258-Pardinyes-no-enterra-la-Sardina-Sac-Teatre-scaled.jpg?w=1920&amp;ssl=1 1920w\" width=\"327\" height=\"165\" loading=\"lazy\" data-original-width=\"327\" data-original-height=\"165\" itemprop=\"http:\/\/schema.org\/image\" title=\"20220302_203258-Pardinyes no enterra la Sardina-Sac Teatre\" alt=\"20220302_203258-Pardinyes no enterra la Sardina-Sac Teatre\" style=\"width: 327px; height: 165px;\" \/> <\/a> <\/div> <\/div> <!-- close group --> <\/div> <!-- close row --> <\/div>\n","protected":false},"excerpt":{"rendered":"<p>Centre Ikea a Pardinyes en els terrenys previstos per la Resid\u00e8ncia d\u2019Avis o el Macroalberg SAC espectacles fart de les disputes i tensions entre l&#8217;Ajuntament i els contraris al macroalberg i decideix per carnaval construir una gran \u00e0rea comercial La companyia teatral de Sac Espectacles van escenificar una par\u00f2dia narrant els fets m\u00e9s destacats de [&hellip;]<\/p>\n","protected":false},"author":1,"featured_media":0,"comment_status":"open","ping_status":"open","sticky":false,"template":"","format":"standard","meta":{"jetpack_post_was_ever_published":false,"_jetpack_newsletter_access":"","_jetpack_dont_email_post_to_subs":false,"_jetpack_newsletter_tier_id":0,"_jetpack_memberships_contains_paywalled_content":false,"_jetpack_memberships_contains_paid_content":false,"footnotes":"","jetpack_publicize_message":"","jetpack_publicize_feature_enabled":true,"jetpack_social_post_already_shared":true,"jetpack_social_options":{"image_generator_settings":{"template":"highway","default_image_id":0,"font":"","enabled":false},"version":2}},"categories":[3,2,44],"tags":[],"class_list":["post-2201","post","type-post","status-publish","format-standard","hentry","category-cultura","category-fundacio-barri-de-pardinyes","category-residencia"],"yoast_head":"<!-- This site is optimized with the Yoast SEO plugin v27.3 - https:\/\/yoast.com\/product\/yoast-seo-wordpress\/ -->\n<title>Centre Ikea a Pardinyes - Orvepard<\/title>\n<meta name=\"robots\" content=\"index, follow, max-snippet:-1, max-image-preview:large, max-video-preview:-1\" \/>\n<link rel=\"canonical\" href=\"https:\/\/orvepard.org\/veinspardinyes\/centre-ikea-a-pardinyes\/\" \/>\n<meta property=\"og:locale\" content=\"ca_ES\" \/>\n<meta property=\"og:type\" content=\"article\" \/>\n<meta property=\"og:title\" content=\"Centre Ikea a Pardinyes - Orvepard\" \/>\n<meta property=\"og:description\" content=\"Centre Ikea a Pardinyes en els terrenys previstos per la Resid\u00e8ncia d\u2019Avis o el Macroalberg SAC espectacles fart de les disputes i tensions entre l&#8217;Ajuntament i els contraris al macroalberg i decideix per carnaval construir una gran \u00e0rea comercial La companyia teatral de Sac Espectacles van escenificar una par\u00f2dia narrant els fets m\u00e9s destacats de [&hellip;]\" \/>\n<meta property=\"og:url\" content=\"https:\/\/orvepard.org\/veinspardinyes\/centre-ikea-a-pardinyes\/\" \/>\n<meta property=\"og:site_name\" content=\"Orvepard\" \/>\n<meta property=\"article:publisher\" content=\"https:\/\/es-es.facebook.com\/groups\/orvepard\/\" \/>\n<meta property=\"article:published_time\" content=\"2022-03-03T12:36:55+00:00\" \/>\n<meta property=\"article:modified_time\" content=\"2022-03-09T07:25:48+00:00\" \/>\n<meta property=\"og:image\" content=\"https:\/\/i0.wp.com\/orvepard.org\/veinspardinyes\/wp-content\/uploads\/2022\/03\/20220302_204131-Pardinyes-no-enterra-la-Sardina-Sac-Teatre-V-scaled.jpg?w=301&#038;h=163&#038;ssl=1\" \/>\n<meta name=\"author\" content=\"administrador\" \/>\n<meta name=\"twitter:card\" content=\"summary_large_image\" \/>\n<meta name=\"twitter:creator\" content=\"@veinspardinyes\" \/>\n<meta name=\"twitter:site\" content=\"@veinspardinyes\" \/>\n<meta name=\"twitter:label1\" content=\"Escrit per\" \/>\n\t<meta name=\"twitter:data1\" content=\"administrador\" \/>\n\t<meta name=\"twitter:label2\" content=\"Temps estimat de lectura\" \/>\n\t<meta name=\"twitter:data2\" content=\"2 minuts\" \/>\n<script type=\"application\/ld+json\" class=\"yoast-schema-graph\">{\"@context\":\"https:\\\/\\\/schema.org\",\"@graph\":[{\"@type\":\"Article\",\"@id\":\"https:\\\/\\\/orvepard.org\\\/veinspardinyes\\\/centre-ikea-a-pardinyes\\\/#article\",\"isPartOf\":{\"@id\":\"https:\\\/\\\/orvepard.org\\\/veinspardinyes\\\/centre-ikea-a-pardinyes\\\/\"},\"author\":{\"name\":\"administrador\",\"@id\":\"https:\\\/\\\/orvepard.org\\\/veinspardinyes\\\/#\\\/schema\\\/person\\\/3618644b46fc6e65b607a0eec1291369\"},\"headline\":\"Centre Ikea a Pardinyes\",\"datePublished\":\"2022-03-03T12:36:55+00:00\",\"dateModified\":\"2022-03-09T07:25:48+00:00\",\"mainEntityOfPage\":{\"@id\":\"https:\\\/\\\/orvepard.org\\\/veinspardinyes\\\/centre-ikea-a-pardinyes\\\/\"},\"wordCount\":388,\"commentCount\":0,\"publisher\":{\"@id\":\"https:\\\/\\\/orvepard.org\\\/veinspardinyes\\\/#organization\"},\"image\":{\"@id\":\"https:\\\/\\\/orvepard.org\\\/veinspardinyes\\\/centre-ikea-a-pardinyes\\\/#primaryimage\"},\"thumbnailUrl\":\"https:\\\/\\\/orvepard.org\\\/veinspardinyes\\\/wp-content\\\/uploads\\\/2022\\\/03\\\/20220302_202806-Pardinyes-no-enterra-la-Sardina-Sac-Teatre-V-300x152.jpg\",\"articleSection\":[\"Cultura\",\"Fundaci\u00f3 Barri de Pardinyes\",\"Resid\u00e8ncia\"],\"inLanguage\":\"ca\",\"potentialAction\":[{\"@type\":\"CommentAction\",\"name\":\"Comment\",\"target\":[\"https:\\\/\\\/orvepard.org\\\/veinspardinyes\\\/centre-ikea-a-pardinyes\\\/#respond\"]}]},{\"@type\":\"WebPage\",\"@id\":\"https:\\\/\\\/orvepard.org\\\/veinspardinyes\\\/centre-ikea-a-pardinyes\\\/\",\"url\":\"https:\\\/\\\/orvepard.org\\\/veinspardinyes\\\/centre-ikea-a-pardinyes\\\/\",\"name\":\"Centre Ikea a Pardinyes - Orvepard\",\"isPartOf\":{\"@id\":\"https:\\\/\\\/orvepard.org\\\/veinspardinyes\\\/#website\"},\"primaryImageOfPage\":{\"@id\":\"https:\\\/\\\/orvepard.org\\\/veinspardinyes\\\/centre-ikea-a-pardinyes\\\/#primaryimage\"},\"image\":{\"@id\":\"https:\\\/\\\/orvepard.org\\\/veinspardinyes\\\/centre-ikea-a-pardinyes\\\/#primaryimage\"},\"thumbnailUrl\":\"https:\\\/\\\/orvepard.org\\\/veinspardinyes\\\/wp-content\\\/uploads\\\/2022\\\/03\\\/20220302_202806-Pardinyes-no-enterra-la-Sardina-Sac-Teatre-V-300x152.jpg\",\"datePublished\":\"2022-03-03T12:36:55+00:00\",\"dateModified\":\"2022-03-09T07:25:48+00:00\",\"breadcrumb\":{\"@id\":\"https:\\\/\\\/orvepard.org\\\/veinspardinyes\\\/centre-ikea-a-pardinyes\\\/#breadcrumb\"},\"inLanguage\":\"ca\",\"potentialAction\":[{\"@type\":\"ReadAction\",\"target\":[\"https:\\\/\\\/orvepard.org\\\/veinspardinyes\\\/centre-ikea-a-pardinyes\\\/\"]}]},{\"@type\":\"ImageObject\",\"inLanguage\":\"ca\",\"@id\":\"https:\\\/\\\/orvepard.org\\\/veinspardinyes\\\/centre-ikea-a-pardinyes\\\/#primaryimage\",\"url\":\"https:\\\/\\\/i0.wp.com\\\/orvepard.org\\\/veinspardinyes\\\/wp-content\\\/uploads\\\/2022\\\/03\\\/20220302_202806-Pardinyes-no-enterra-la-Sardina-Sac-Teatre-V-scaled.jpg?fit=2560%2C1293&ssl=1\",\"contentUrl\":\"https:\\\/\\\/i0.wp.com\\\/orvepard.org\\\/veinspardinyes\\\/wp-content\\\/uploads\\\/2022\\\/03\\\/20220302_202806-Pardinyes-no-enterra-la-Sardina-Sac-Teatre-V-scaled.jpg?fit=2560%2C1293&ssl=1\",\"width\":2560,\"height\":1293},{\"@type\":\"BreadcrumbList\",\"@id\":\"https:\\\/\\\/orvepard.org\\\/veinspardinyes\\\/centre-ikea-a-pardinyes\\\/#breadcrumb\",\"itemListElement\":[{\"@type\":\"ListItem\",\"position\":1,\"name\":\"Inici\",\"item\":\"https:\\\/\\\/orvepard.org\\\/veinspardinyes\\\/\"},{\"@type\":\"ListItem\",\"position\":2,\"name\":\"Centre Ikea a Pardinyes\"}]},{\"@type\":\"WebSite\",\"@id\":\"https:\\\/\\\/orvepard.org\\\/veinspardinyes\\\/#website\",\"url\":\"https:\\\/\\\/orvepard.org\\\/veinspardinyes\\\/\",\"name\":\"Orvepard\",\"description\":\"Organitzaci\u00f3 de Ve\u00efns de Pardinyes\",\"publisher\":{\"@id\":\"https:\\\/\\\/orvepard.org\\\/veinspardinyes\\\/#organization\"},\"potentialAction\":[{\"@type\":\"SearchAction\",\"target\":{\"@type\":\"EntryPoint\",\"urlTemplate\":\"https:\\\/\\\/orvepard.org\\\/veinspardinyes\\\/?s={search_term_string}\"},\"query-input\":{\"@type\":\"PropertyValueSpecification\",\"valueRequired\":true,\"valueName\":\"search_term_string\"}}],\"inLanguage\":\"ca\"},{\"@type\":\"Organization\",\"@id\":\"https:\\\/\\\/orvepard.org\\\/veinspardinyes\\\/#organization\",\"name\":\"Orvepard, Organitzaci\u00f3 de Ve\u00efns de Pardinyes\",\"url\":\"https:\\\/\\\/orvepard.org\\\/veinspardinyes\\\/\",\"logo\":{\"@type\":\"ImageObject\",\"inLanguage\":\"ca\",\"@id\":\"https:\\\/\\\/orvepard.org\\\/veinspardinyes\\\/#\\\/schema\\\/logo\\\/image\\\/\",\"url\":\"https:\\\/\\\/i0.wp.com\\\/orvepard.org\\\/veinspardinyes\\\/wp-content\\\/uploads\\\/2017\\\/12\\\/cropped-cropped-cropped-logweborvepardnadal-e1513180524112.png?fit=150%2C113&ssl=1\",\"contentUrl\":\"https:\\\/\\\/i0.wp.com\\\/orvepard.org\\\/veinspardinyes\\\/wp-content\\\/uploads\\\/2017\\\/12\\\/cropped-cropped-cropped-logweborvepardnadal-e1513180524112.png?fit=150%2C113&ssl=1\",\"width\":150,\"height\":113,\"caption\":\"Orvepard, Organitzaci\u00f3 de Ve\u00efns de Pardinyes\"},\"image\":{\"@id\":\"https:\\\/\\\/orvepard.org\\\/veinspardinyes\\\/#\\\/schema\\\/logo\\\/image\\\/\"},\"sameAs\":[\"https:\\\/\\\/es-es.facebook.com\\\/groups\\\/orvepard\\\/\",\"https:\\\/\\\/x.com\\\/veinspardinyes\",\"https:\\\/\\\/www.instagram.com\\\/veinspardinyes\\\/\",\"https:\\\/\\\/app.ebando.es\\\/channel\\\/pardinyes\"]},{\"@type\":\"Person\",\"@id\":\"https:\\\/\\\/orvepard.org\\\/veinspardinyes\\\/#\\\/schema\\\/person\\\/3618644b46fc6e65b607a0eec1291369\",\"name\":\"administrador\",\"image\":{\"@type\":\"ImageObject\",\"inLanguage\":\"ca\",\"@id\":\"https:\\\/\\\/secure.gravatar.com\\\/avatar\\\/2fd7197822e0866420a0db7f19d28db516e5e67d14036b3ae96fe8b14685bd8f?s=96&d=mm&r=g\",\"url\":\"https:\\\/\\\/secure.gravatar.com\\\/avatar\\\/2fd7197822e0866420a0db7f19d28db516e5e67d14036b3ae96fe8b14685bd8f?s=96&d=mm&r=g\",\"contentUrl\":\"https:\\\/\\\/secure.gravatar.com\\\/avatar\\\/2fd7197822e0866420a0db7f19d28db516e5e67d14036b3ae96fe8b14685bd8f?s=96&d=mm&r=g\",\"caption\":\"administrador\"},\"url\":\"https:\\\/\\\/orvepard.org\\\/veinspardinyes\\\/author\\\/administrador\\\/\"}]}<\/script>\n<!-- \/ Yoast SEO plugin. -->","yoast_head_json":{"title":"Centre Ikea a Pardinyes - Orvepard","robots":{"index":"index","follow":"follow","max-snippet":"max-snippet:-1","max-image-preview":"max-image-preview:large","max-video-preview":"max-video-preview:-1"},"canonical":"https:\/\/orvepard.org\/veinspardinyes\/centre-ikea-a-pardinyes\/","og_locale":"ca_ES","og_type":"article","og_title":"Centre Ikea a Pardinyes - Orvepard","og_description":"Centre Ikea a Pardinyes en els terrenys previstos per la Resid\u00e8ncia d\u2019Avis o el Macroalberg SAC espectacles fart de les disputes i tensions entre l&#8217;Ajuntament i els contraris al macroalberg i decideix per carnaval construir una gran \u00e0rea comercial La companyia teatral de Sac Espectacles van escenificar una par\u00f2dia narrant els fets m\u00e9s destacats de [&hellip;]","og_url":"https:\/\/orvepard.org\/veinspardinyes\/centre-ikea-a-pardinyes\/","og_site_name":"Orvepard","article_publisher":"https:\/\/es-es.facebook.com\/groups\/orvepard\/","article_published_time":"2022-03-03T12:36:55+00:00","article_modified_time":"2022-03-09T07:25:48+00:00","og_image":[{"url":"https:\/\/i0.wp.com\/orvepard.org\/veinspardinyes\/wp-content\/uploads\/2022\/03\/20220302_204131-Pardinyes-no-enterra-la-Sardina-Sac-Teatre-V-scaled.jpg?w=301&#038;h=163&#038;ssl=1","type":"","width":"","height":""}],"author":"administrador","twitter_card":"summary_large_image","twitter_creator":"@veinspardinyes","twitter_site":"@veinspardinyes","twitter_misc":{"Escrit per":"administrador","Temps estimat de lectura":"2 minuts"},"schema":{"@context":"https:\/\/schema.org","@graph":[{"@type":"Article","@id":"https:\/\/orvepard.org\/veinspardinyes\/centre-ikea-a-pardinyes\/#article","isPartOf":{"@id":"https:\/\/orvepard.org\/veinspardinyes\/centre-ikea-a-pardinyes\/"},"author":{"name":"administrador","@id":"https:\/\/orvepard.org\/veinspardinyes\/#\/schema\/person\/3618644b46fc6e65b607a0eec1291369"},"headline":"Centre Ikea a Pardinyes","datePublished":"2022-03-03T12:36:55+00:00","dateModified":"2022-03-09T07:25:48+00:00","mainEntityOfPage":{"@id":"https:\/\/orvepard.org\/veinspardinyes\/centre-ikea-a-pardinyes\/"},"wordCount":388,"commentCount":0,"publisher":{"@id":"https:\/\/orvepard.org\/veinspardinyes\/#organization"},"image":{"@id":"https:\/\/orvepard.org\/veinspardinyes\/centre-ikea-a-pardinyes\/#primaryimage"},"thumbnailUrl":"https:\/\/orvepard.org\/veinspardinyes\/wp-content\/uploads\/2022\/03\/20220302_202806-Pardinyes-no-enterra-la-Sardina-Sac-Teatre-V-300x152.jpg","articleSection":["Cultura","Fundaci\u00f3 Barri de Pardinyes","Resid\u00e8ncia"],"inLanguage":"ca","potentialAction":[{"@type":"CommentAction","name":"Comment","target":["https:\/\/orvepard.org\/veinspardinyes\/centre-ikea-a-pardinyes\/#respond"]}]},{"@type":"WebPage","@id":"https:\/\/orvepard.org\/veinspardinyes\/centre-ikea-a-pardinyes\/","url":"https:\/\/orvepard.org\/veinspardinyes\/centre-ikea-a-pardinyes\/","name":"Centre Ikea a Pardinyes - Orvepard","isPartOf":{"@id":"https:\/\/orvepard.org\/veinspardinyes\/#website"},"primaryImageOfPage":{"@id":"https:\/\/orvepard.org\/veinspardinyes\/centre-ikea-a-pardinyes\/#primaryimage"},"image":{"@id":"https:\/\/orvepard.org\/veinspardinyes\/centre-ikea-a-pardinyes\/#primaryimage"},"thumbnailUrl":"https:\/\/orvepard.org\/veinspardinyes\/wp-content\/uploads\/2022\/03\/20220302_202806-Pardinyes-no-enterra-la-Sardina-Sac-Teatre-V-300x152.jpg","datePublished":"2022-03-03T12:36:55+00:00","dateModified":"2022-03-09T07:25:48+00:00","breadcrumb":{"@id":"https:\/\/orvepard.org\/veinspardinyes\/centre-ikea-a-pardinyes\/#breadcrumb"},"inLanguage":"ca","potentialAction":[{"@type":"ReadAction","target":["https:\/\/orvepard.org\/veinspardinyes\/centre-ikea-a-pardinyes\/"]}]},{"@type":"ImageObject","inLanguage":"ca","@id":"https:\/\/orvepard.org\/veinspardinyes\/centre-ikea-a-pardinyes\/#primaryimage","url":"https:\/\/i0.wp.com\/orvepard.org\/veinspardinyes\/wp-content\/uploads\/2022\/03\/20220302_202806-Pardinyes-no-enterra-la-Sardina-Sac-Teatre-V-scaled.jpg?fit=2560%2C1293&ssl=1","contentUrl":"https:\/\/i0.wp.com\/orvepard.org\/veinspardinyes\/wp-content\/uploads\/2022\/03\/20220302_202806-Pardinyes-no-enterra-la-Sardina-Sac-Teatre-V-scaled.jpg?fit=2560%2C1293&ssl=1","width":2560,"height":1293},{"@type":"BreadcrumbList","@id":"https:\/\/orvepard.org\/veinspardinyes\/centre-ikea-a-pardinyes\/#breadcrumb","itemListElement":[{"@type":"ListItem","position":1,"name":"Inici","item":"https:\/\/orvepard.org\/veinspardinyes\/"},{"@type":"ListItem","position":2,"name":"Centre Ikea a Pardinyes"}]},{"@type":"WebSite","@id":"https:\/\/orvepard.org\/veinspardinyes\/#website","url":"https:\/\/orvepard.org\/veinspardinyes\/","name":"Orvepard","description":"Organitzaci\u00f3 de Ve\u00efns de Pardinyes","publisher":{"@id":"https:\/\/orvepard.org\/veinspardinyes\/#organization"},"potentialAction":[{"@type":"SearchAction","target":{"@type":"EntryPoint","urlTemplate":"https:\/\/orvepard.org\/veinspardinyes\/?s={search_term_string}"},"query-input":{"@type":"PropertyValueSpecification","valueRequired":true,"valueName":"search_term_string"}}],"inLanguage":"ca"},{"@type":"Organization","@id":"https:\/\/orvepard.org\/veinspardinyes\/#organization","name":"Orvepard, Organitzaci\u00f3 de Ve\u00efns de Pardinyes","url":"https:\/\/orvepard.org\/veinspardinyes\/","logo":{"@type":"ImageObject","inLanguage":"ca","@id":"https:\/\/orvepard.org\/veinspardinyes\/#\/schema\/logo\/image\/","url":"https:\/\/i0.wp.com\/orvepard.org\/veinspardinyes\/wp-content\/uploads\/2017\/12\/cropped-cropped-cropped-logweborvepardnadal-e1513180524112.png?fit=150%2C113&ssl=1","contentUrl":"https:\/\/i0.wp.com\/orvepard.org\/veinspardinyes\/wp-content\/uploads\/2017\/12\/cropped-cropped-cropped-logweborvepardnadal-e1513180524112.png?fit=150%2C113&ssl=1","width":150,"height":113,"caption":"Orvepard, Organitzaci\u00f3 de Ve\u00efns de Pardinyes"},"image":{"@id":"https:\/\/orvepard.org\/veinspardinyes\/#\/schema\/logo\/image\/"},"sameAs":["https:\/\/es-es.facebook.com\/groups\/orvepard\/","https:\/\/x.com\/veinspardinyes","https:\/\/www.instagram.com\/veinspardinyes\/","https:\/\/app.ebando.es\/channel\/pardinyes"]},{"@type":"Person","@id":"https:\/\/orvepard.org\/veinspardinyes\/#\/schema\/person\/3618644b46fc6e65b607a0eec1291369","name":"administrador","image":{"@type":"ImageObject","inLanguage":"ca","@id":"https:\/\/secure.gravatar.com\/avatar\/2fd7197822e0866420a0db7f19d28db516e5e67d14036b3ae96fe8b14685bd8f?s=96&d=mm&r=g","url":"https:\/\/secure.gravatar.com\/avatar\/2fd7197822e0866420a0db7f19d28db516e5e67d14036b3ae96fe8b14685bd8f?s=96&d=mm&r=g","contentUrl":"https:\/\/secure.gravatar.com\/avatar\/2fd7197822e0866420a0db7f19d28db516e5e67d14036b3ae96fe8b14685bd8f?s=96&d=mm&r=g","caption":"administrador"},"url":"https:\/\/orvepard.org\/veinspardinyes\/author\/administrador\/"}]}},"jetpack_publicize_connections":[],"jetpack_featured_media_url":"","jetpack_sharing_enabled":true,"jetpack_shortlink":"https:\/\/wp.me\/p9tnJI-zv","jetpack_likes_enabled":true,"rttpg_featured_image_url":null,"rttpg_author":{"display_name":"administrador","author_link":"https:\/\/orvepard.org\/veinspardinyes\/author\/administrador\/"},"rttpg_comment":0,"rttpg_category":"<a href=\"https:\/\/orvepard.org\/veinspardinyes\/category\/cultura\/\" rel=\"category tag\">Cultura<\/a> <a href=\"https:\/\/orvepard.org\/veinspardinyes\/category\/fundacio-barri-de-pardinyes\/\" rel=\"category tag\">Fundaci\u00f3 Barri de Pardinyes<\/a> <a href=\"https:\/\/orvepard.org\/veinspardinyes\/category\/residencia\/\" rel=\"category tag\">Resid\u00e8ncia<\/a>","rttpg_excerpt":"Centre Ikea a Pardinyes en els terrenys previstos per la Resid\u00e8ncia d\u2019Avis o el Macroalberg SAC espectacles fart de les disputes i tensions entre l&#8217;Ajuntament i els contraris al macroalberg i decideix per carnaval construir una gran \u00e0rea comercial La companyia teatral de Sac Espectacles van escenificar una par\u00f2dia narrant els fets m\u00e9s destacats de&hellip;","_links":{"self":[{"href":"https:\/\/orvepard.org\/veinspardinyes\/wp-json\/wp\/v2\/posts\/2201","targetHints":{"allow":["GET"]}}],"collection":[{"href":"https:\/\/orvepard.org\/veinspardinyes\/wp-json\/wp\/v2\/posts"}],"about":[{"href":"https:\/\/orvepard.org\/veinspardinyes\/wp-json\/wp\/v2\/types\/post"}],"author":[{"embeddable":true,"href":"https:\/\/orvepard.org\/veinspardinyes\/wp-json\/wp\/v2\/users\/1"}],"replies":[{"embeddable":true,"href":"https:\/\/orvepard.org\/veinspardinyes\/wp-json\/wp\/v2\/comments?post=2201"}],"version-history":[{"count":2,"href":"https:\/\/orvepard.org\/veinspardinyes\/wp-json\/wp\/v2\/posts\/2201\/revisions"}],"predecessor-version":[{"id":2209,"href":"https:\/\/orvepard.org\/veinspardinyes\/wp-json\/wp\/v2\/posts\/2201\/revisions\/2209"}],"wp:attachment":[{"href":"https:\/\/orvepard.org\/veinspardinyes\/wp-json\/wp\/v2\/media?parent=2201"}],"wp:term":[{"taxonomy":"category","embeddable":true,"href":"https:\/\/orvepard.org\/veinspardinyes\/wp-json\/wp\/v2\/categories?post=2201"},{"taxonomy":"post_tag","embeddable":true,"href":"https:\/\/orvepard.org\/veinspardinyes\/wp-json\/wp\/v2\/tags?post=2201"}],"curies":[{"name":"wp","href":"https:\/\/api.w.org\/{rel}","templated":true}]}}