{"id":2063,"date":"2021-11-15T08:35:07","date_gmt":"2021-11-15T07:35:07","guid":{"rendered":"https:\/\/orvepard.org\/veinspardinyes\/comunicat-de-lorganitzacio-de-veins-de-pardinyes-envers-el-posicionament-del-govern-municipal-en-relacio-a-l-solar-del-c-josep-pallach\/"},"modified":"2021-11-15T08:56:20","modified_gmt":"2021-11-15T07:56:20","slug":"comunicat-de-lorganitzacio-de-veins-de-pardinyes-envers-el-posicionament-del-govern-municipal-en-relacio-a-l-solar-del-c-josep-pallach","status":"publish","type":"post","link":"https:\/\/orvepard.org\/veinspardinyes\/comunicat-de-lorganitzacio-de-veins-de-pardinyes-envers-el-posicionament-del-govern-municipal-en-relacio-a-l-solar-del-c-josep-pallach\/","title":{"rendered":"COMUNICAT DE L\u2019ORGANITZACI\u00d3 DE VE\u00cfNS DE PARDINYES ENVERS EL POSICIONAMENT DEL GOVERN MUNICIPAL EN RELACI\u00d3 A L SOLAR DEL C\/ JOSEP PALLACH"},"content":{"rendered":"<p>El passat 27 d&#8217;octubre membres de la nova junta d\u2019Orvepard es va reunir amb l\u2019alcalde Miquel Pueyo on es va parlar de diversos temes d&#8217;inter\u00e8s per Pardinyes, entre ells de la resid\u00e8ncia que el barri fa anys que reclama. El dijous seg\u00fcent, les regidores Sall i Freixanet es van reunir amb la Fundaci\u00f3 del barri de Pardinyes per tractar d\u2019aquest tema i, per acabar la ronda de reunions, el dimarts seg\u00fcents l\u2019alcalde Pueyo i el primer tinent d\u2019alcalde Postius es van reunir amb la Plataforma en defensa de la resid\u00e8ncia.<br \/>\nArribats a aquest punt estem veient que l\u2019equip de govern de la Paeria vol tirar endavant amb el projecte de construir el macroalberg al solar del carrer Josep Pallach,<strong> fent cas om\u00eds a les demandes dels ve\u00efns i ve\u00efnes de Pardinyes<\/strong> <strong>i a les alternatives a aquest projecte que s&#8217;han proposat<\/strong>, <strong>totes elles factibles i que totes les parts implicades hi estan d&#8217;acord.<\/strong> <strong><span style=\"text-decoration: underline;\">Ignoren les 5.361 signatures recollides<\/span>, no aporten estudis previs que s&#8217;han demanat i que s\u00f3n informaci\u00f3 p\u00fablica, no han fet cap estudi d&#8217;impacte, no fan cas dels qui els hi diuen que aquest model que volen imposar \u00e9s obsolet i no soluciona problemes sin\u00f3 que els incrementa. En definitiva, estan actuant com un govern autoritari imposant la seva voluntat per damunt del que diguin les ve\u00efnes i ve\u00efns. Per si no fos suficient, l&#8217;oposici\u00f3 va presentar una moci\u00f3, que va guanyar, on s&#8217;instava a suspendre la construcci\u00f3 d\u2019aquest macroalberg i el govern municipal, com a resposta, convoca la licitaci\u00f3 de la redacci\u00f3 del projecte de construcci\u00f3 de l\u2019alberg per a temporers i sensesostre a Pardinyes, en tr\u00e0mit d&#8217;urg\u00e8ncia, aprovat per la junta de govern local el dia 8 d&#8217;octubre de 2021.<\/strong><br \/>\nVista la posici\u00f3 de l&#8217;equip de govern de la Paeria -format per d\u2019ERC i Junts- envers a aquest tema i la seva predisposici\u00f3 a tirar pel dret, l&#8217;organitzaci\u00f3 de ve\u00efns de Pardinyes continuar\u00e0 treballant perqu\u00e8 en el solar del c\/ Josep Pallach s&#8217;hi construeixi la resid\u00e8ncia que fa tants anys que reclamen els ve\u00efns i ve\u00efnes de Pardinyes i perqu\u00e8 l&#8217;ajuntament es replanteixi aquest projecte que vol imposar i del qual hi ha una forta oposici\u00f3.<span style=\"text-decoration: underline;\"><strong> Per aquest motiu, aquest dilluns passat, 8 de novembre, Orvepard va presentar un recurs de reposici\u00f3 contra la resoluci\u00f3 de la Junta de Govern Local i s&#8217;est\u00e0 plantejant m\u00e9s accions per defensar les demandes de les ve\u00efnes i ve\u00efns de Pardinyes.<\/strong><\/span><\/p>\n","protected":false},"excerpt":{"rendered":"<p>El passat 27 d&#8217;octubre membres de la nova junta d\u2019Orvepard es va reunir amb l\u2019alcalde Miquel Pueyo on es va parlar de diversos temes d&#8217;inter\u00e8s per Pardinyes, entre ells de la resid\u00e8ncia que el barri fa anys que reclama. El dijous seg\u00fcent, les regidores Sall i Freixanet es van reunir amb la Fundaci\u00f3 del barri [&hellip;]<\/p>\n","protected":false},"author":1,"featured_media":0,"comment_status":"open","ping_status":"open","sticky":false,"template":"","format":"standard","meta":{"jetpack_post_was_ever_published":false,"_jetpack_newsletter_access":"","_jetpack_dont_email_post_to_subs":false,"_jetpack_newsletter_tier_id":0,"_jetpack_memberships_contains_paywalled_content":false,"_jetpack_memberships_contains_paid_content":false,"footnotes":"","jetpack_publicize_message":"","jetpack_publicize_feature_enabled":true,"jetpack_social_post_already_shared":true,"jetpack_social_options":{"image_generator_settings":{"template":"highway","default_image_id":0,"font":"","enabled":false},"version":2}},"categories":[2,44],"tags":[],"class_list":["post-2063","post","type-post","status-publish","format-standard","hentry","category-fundacio-barri-de-pardinyes","category-residencia"],"yoast_head":"<!-- This site is optimized with the Yoast SEO plugin v27.3 - https:\/\/yoast.com\/product\/yoast-seo-wordpress\/ -->\n<title>COMUNICAT DE L\u2019ORGANITZACI\u00d3 DE VE\u00cfNS DE PARDINYES ENVERS EL POSICIONAMENT DEL GOVERN MUNICIPAL EN RELACI\u00d3 A L SOLAR DEL C\/ JOSEP PALLACH - Orvepard<\/title>\n<meta name=\"robots\" content=\"index, follow, max-snippet:-1, max-image-preview:large, max-video-preview:-1\" \/>\n<link rel=\"canonical\" href=\"https:\/\/orvepard.org\/veinspardinyes\/comunicat-de-lorganitzacio-de-veins-de-pardinyes-envers-el-posicionament-del-govern-municipal-en-relacio-a-l-solar-del-c-josep-pallach\/\" \/>\n<meta property=\"og:locale\" content=\"ca_ES\" \/>\n<meta property=\"og:type\" content=\"article\" \/>\n<meta property=\"og:title\" content=\"COMUNICAT DE L\u2019ORGANITZACI\u00d3 DE VE\u00cfNS DE PARDINYES ENVERS EL POSICIONAMENT DEL GOVERN MUNICIPAL EN RELACI\u00d3 A L SOLAR DEL C\/ JOSEP PALLACH - Orvepard\" \/>\n<meta property=\"og:description\" content=\"El passat 27 d&#8217;octubre membres de la nova junta d\u2019Orvepard es va reunir amb l\u2019alcalde Miquel Pueyo on es va parlar de diversos temes d&#8217;inter\u00e8s per Pardinyes, entre ells de la resid\u00e8ncia que el barri fa anys que reclama. El dijous seg\u00fcent, les regidores Sall i Freixanet es van reunir amb la Fundaci\u00f3 del barri [&hellip;]\" \/>\n<meta property=\"og:url\" content=\"https:\/\/orvepard.org\/veinspardinyes\/comunicat-de-lorganitzacio-de-veins-de-pardinyes-envers-el-posicionament-del-govern-municipal-en-relacio-a-l-solar-del-c-josep-pallach\/\" \/>\n<meta property=\"og:site_name\" content=\"Orvepard\" \/>\n<meta property=\"article:publisher\" content=\"https:\/\/es-es.facebook.com\/groups\/orvepard\/\" \/>\n<meta property=\"article:published_time\" content=\"2021-11-15T07:35:07+00:00\" \/>\n<meta property=\"article:modified_time\" content=\"2021-11-15T07:56:20+00:00\" \/>\n<meta property=\"og:image\" content=\"https:\/\/i0.wp.com\/orvepard.org\/veinspardinyes\/wp-content\/uploads\/2017\/12\/cropped-cropped-logweborvepardnadal-1.png?fit=621%2C137&ssl=1\" \/>\n\t<meta property=\"og:image:width\" content=\"621\" \/>\n\t<meta property=\"og:image:height\" content=\"137\" \/>\n\t<meta property=\"og:image:type\" content=\"image\/png\" \/>\n<meta name=\"author\" content=\"administrador\" \/>\n<meta name=\"twitter:card\" content=\"summary_large_image\" \/>\n<meta name=\"twitter:creator\" content=\"@veinspardinyes\" \/>\n<meta name=\"twitter:site\" content=\"@veinspardinyes\" \/>\n<meta name=\"twitter:label1\" content=\"Escrit per\" \/>\n\t<meta name=\"twitter:data1\" content=\"administrador\" \/>\n\t<meta name=\"twitter:label2\" content=\"Temps estimat de lectura\" \/>\n\t<meta name=\"twitter:data2\" content=\"2 minuts\" \/>\n<script type=\"application\/ld+json\" class=\"yoast-schema-graph\">{\"@context\":\"https:\\\/\\\/schema.org\",\"@graph\":[{\"@type\":\"Article\",\"@id\":\"https:\\\/\\\/orvepard.org\\\/veinspardinyes\\\/comunicat-de-lorganitzacio-de-veins-de-pardinyes-envers-el-posicionament-del-govern-municipal-en-relacio-a-l-solar-del-c-josep-pallach\\\/#article\",\"isPartOf\":{\"@id\":\"https:\\\/\\\/orvepard.org\\\/veinspardinyes\\\/comunicat-de-lorganitzacio-de-veins-de-pardinyes-envers-el-posicionament-del-govern-municipal-en-relacio-a-l-solar-del-c-josep-pallach\\\/\"},\"author\":{\"name\":\"administrador\",\"@id\":\"https:\\\/\\\/orvepard.org\\\/veinspardinyes\\\/#\\\/schema\\\/person\\\/3618644b46fc6e65b607a0eec1291369\"},\"headline\":\"COMUNICAT DE L\u2019ORGANITZACI\u00d3 DE VE\u00cfNS DE PARDINYES ENVERS EL POSICIONAMENT DEL GOVERN MUNICIPAL EN RELACI\u00d3 A L SOLAR DEL C\\\/ JOSEP PALLACH\",\"datePublished\":\"2021-11-15T07:35:07+00:00\",\"dateModified\":\"2021-11-15T07:56:20+00:00\",\"mainEntityOfPage\":{\"@id\":\"https:\\\/\\\/orvepard.org\\\/veinspardinyes\\\/comunicat-de-lorganitzacio-de-veins-de-pardinyes-envers-el-posicionament-del-govern-municipal-en-relacio-a-l-solar-del-c-josep-pallach\\\/\"},\"wordCount\":465,\"commentCount\":0,\"publisher\":{\"@id\":\"https:\\\/\\\/orvepard.org\\\/veinspardinyes\\\/#organization\"},\"articleSection\":[\"Fundaci\u00f3 Barri de Pardinyes\",\"Resid\u00e8ncia\"],\"inLanguage\":\"ca\",\"potentialAction\":[{\"@type\":\"CommentAction\",\"name\":\"Comment\",\"target\":[\"https:\\\/\\\/orvepard.org\\\/veinspardinyes\\\/comunicat-de-lorganitzacio-de-veins-de-pardinyes-envers-el-posicionament-del-govern-municipal-en-relacio-a-l-solar-del-c-josep-pallach\\\/#respond\"]}]},{\"@type\":\"WebPage\",\"@id\":\"https:\\\/\\\/orvepard.org\\\/veinspardinyes\\\/comunicat-de-lorganitzacio-de-veins-de-pardinyes-envers-el-posicionament-del-govern-municipal-en-relacio-a-l-solar-del-c-josep-pallach\\\/\",\"url\":\"https:\\\/\\\/orvepard.org\\\/veinspardinyes\\\/comunicat-de-lorganitzacio-de-veins-de-pardinyes-envers-el-posicionament-del-govern-municipal-en-relacio-a-l-solar-del-c-josep-pallach\\\/\",\"name\":\"COMUNICAT DE L\u2019ORGANITZACI\u00d3 DE VE\u00cfNS DE PARDINYES ENVERS EL POSICIONAMENT DEL GOVERN MUNICIPAL EN RELACI\u00d3 A L SOLAR DEL C\\\/ JOSEP PALLACH - Orvepard\",\"isPartOf\":{\"@id\":\"https:\\\/\\\/orvepard.org\\\/veinspardinyes\\\/#website\"},\"datePublished\":\"2021-11-15T07:35:07+00:00\",\"dateModified\":\"2021-11-15T07:56:20+00:00\",\"breadcrumb\":{\"@id\":\"https:\\\/\\\/orvepard.org\\\/veinspardinyes\\\/comunicat-de-lorganitzacio-de-veins-de-pardinyes-envers-el-posicionament-del-govern-municipal-en-relacio-a-l-solar-del-c-josep-pallach\\\/#breadcrumb\"},\"inLanguage\":\"ca\",\"potentialAction\":[{\"@type\":\"ReadAction\",\"target\":[\"https:\\\/\\\/orvepard.org\\\/veinspardinyes\\\/comunicat-de-lorganitzacio-de-veins-de-pardinyes-envers-el-posicionament-del-govern-municipal-en-relacio-a-l-solar-del-c-josep-pallach\\\/\"]}]},{\"@type\":\"BreadcrumbList\",\"@id\":\"https:\\\/\\\/orvepard.org\\\/veinspardinyes\\\/comunicat-de-lorganitzacio-de-veins-de-pardinyes-envers-el-posicionament-del-govern-municipal-en-relacio-a-l-solar-del-c-josep-pallach\\\/#breadcrumb\",\"itemListElement\":[{\"@type\":\"ListItem\",\"position\":1,\"name\":\"Inici\",\"item\":\"https:\\\/\\\/orvepard.org\\\/veinspardinyes\\\/\"},{\"@type\":\"ListItem\",\"position\":2,\"name\":\"COMUNICAT DE L\u2019ORGANITZACI\u00d3 DE VE\u00cfNS DE PARDINYES ENVERS EL POSICIONAMENT DEL GOVERN MUNICIPAL EN RELACI\u00d3 A L SOLAR DEL C\\\/ JOSEP PALLACH\"}]},{\"@type\":\"WebSite\",\"@id\":\"https:\\\/\\\/orvepard.org\\\/veinspardinyes\\\/#website\",\"url\":\"https:\\\/\\\/orvepard.org\\\/veinspardinyes\\\/\",\"name\":\"Orvepard\",\"description\":\"Organitzaci\u00f3 de Ve\u00efns de Pardinyes\",\"publisher\":{\"@id\":\"https:\\\/\\\/orvepard.org\\\/veinspardinyes\\\/#organization\"},\"potentialAction\":[{\"@type\":\"SearchAction\",\"target\":{\"@type\":\"EntryPoint\",\"urlTemplate\":\"https:\\\/\\\/orvepard.org\\\/veinspardinyes\\\/?s={search_term_string}\"},\"query-input\":{\"@type\":\"PropertyValueSpecification\",\"valueRequired\":true,\"valueName\":\"search_term_string\"}}],\"inLanguage\":\"ca\"},{\"@type\":\"Organization\",\"@id\":\"https:\\\/\\\/orvepard.org\\\/veinspardinyes\\\/#organization\",\"name\":\"Orvepard, Organitzaci\u00f3 de Ve\u00efns de Pardinyes\",\"url\":\"https:\\\/\\\/orvepard.org\\\/veinspardinyes\\\/\",\"logo\":{\"@type\":\"ImageObject\",\"inLanguage\":\"ca\",\"@id\":\"https:\\\/\\\/orvepard.org\\\/veinspardinyes\\\/#\\\/schema\\\/logo\\\/image\\\/\",\"url\":\"https:\\\/\\\/i0.wp.com\\\/orvepard.org\\\/veinspardinyes\\\/wp-content\\\/uploads\\\/2017\\\/12\\\/cropped-cropped-cropped-logweborvepardnadal-e1513180524112.png?fit=150%2C113&ssl=1\",\"contentUrl\":\"https:\\\/\\\/i0.wp.com\\\/orvepard.org\\\/veinspardinyes\\\/wp-content\\\/uploads\\\/2017\\\/12\\\/cropped-cropped-cropped-logweborvepardnadal-e1513180524112.png?fit=150%2C113&ssl=1\",\"width\":150,\"height\":113,\"caption\":\"Orvepard, Organitzaci\u00f3 de Ve\u00efns de Pardinyes\"},\"image\":{\"@id\":\"https:\\\/\\\/orvepard.org\\\/veinspardinyes\\\/#\\\/schema\\\/logo\\\/image\\\/\"},\"sameAs\":[\"https:\\\/\\\/es-es.facebook.com\\\/groups\\\/orvepard\\\/\",\"https:\\\/\\\/x.com\\\/veinspardinyes\",\"https:\\\/\\\/www.instagram.com\\\/veinspardinyes\\\/\",\"https:\\\/\\\/app.ebando.es\\\/channel\\\/pardinyes\"]},{\"@type\":\"Person\",\"@id\":\"https:\\\/\\\/orvepard.org\\\/veinspardinyes\\\/#\\\/schema\\\/person\\\/3618644b46fc6e65b607a0eec1291369\",\"name\":\"administrador\",\"image\":{\"@type\":\"ImageObject\",\"inLanguage\":\"ca\",\"@id\":\"https:\\\/\\\/secure.gravatar.com\\\/avatar\\\/2fd7197822e0866420a0db7f19d28db516e5e67d14036b3ae96fe8b14685bd8f?s=96&d=mm&r=g\",\"url\":\"https:\\\/\\\/secure.gravatar.com\\\/avatar\\\/2fd7197822e0866420a0db7f19d28db516e5e67d14036b3ae96fe8b14685bd8f?s=96&d=mm&r=g\",\"contentUrl\":\"https:\\\/\\\/secure.gravatar.com\\\/avatar\\\/2fd7197822e0866420a0db7f19d28db516e5e67d14036b3ae96fe8b14685bd8f?s=96&d=mm&r=g\",\"caption\":\"administrador\"},\"url\":\"https:\\\/\\\/orvepard.org\\\/veinspardinyes\\\/author\\\/administrador\\\/\"}]}<\/script>\n<!-- \/ Yoast SEO plugin. -->","yoast_head_json":{"title":"COMUNICAT DE L\u2019ORGANITZACI\u00d3 DE VE\u00cfNS DE PARDINYES ENVERS EL POSICIONAMENT DEL GOVERN MUNICIPAL EN RELACI\u00d3 A L SOLAR DEL C\/ JOSEP PALLACH - Orvepard","robots":{"index":"index","follow":"follow","max-snippet":"max-snippet:-1","max-image-preview":"max-image-preview:large","max-video-preview":"max-video-preview:-1"},"canonical":"https:\/\/orvepard.org\/veinspardinyes\/comunicat-de-lorganitzacio-de-veins-de-pardinyes-envers-el-posicionament-del-govern-municipal-en-relacio-a-l-solar-del-c-josep-pallach\/","og_locale":"ca_ES","og_type":"article","og_title":"COMUNICAT DE L\u2019ORGANITZACI\u00d3 DE VE\u00cfNS DE PARDINYES ENVERS EL POSICIONAMENT DEL GOVERN MUNICIPAL EN RELACI\u00d3 A L SOLAR DEL C\/ JOSEP PALLACH - Orvepard","og_description":"El passat 27 d&#8217;octubre membres de la nova junta d\u2019Orvepard es va reunir amb l\u2019alcalde Miquel Pueyo on es va parlar de diversos temes d&#8217;inter\u00e8s per Pardinyes, entre ells de la resid\u00e8ncia que el barri fa anys que reclama. El dijous seg\u00fcent, les regidores Sall i Freixanet es van reunir amb la Fundaci\u00f3 del barri [&hellip;]","og_url":"https:\/\/orvepard.org\/veinspardinyes\/comunicat-de-lorganitzacio-de-veins-de-pardinyes-envers-el-posicionament-del-govern-municipal-en-relacio-a-l-solar-del-c-josep-pallach\/","og_site_name":"Orvepard","article_publisher":"https:\/\/es-es.facebook.com\/groups\/orvepard\/","article_published_time":"2021-11-15T07:35:07+00:00","article_modified_time":"2021-11-15T07:56:20+00:00","og_image":[{"width":621,"height":137,"url":"https:\/\/i0.wp.com\/orvepard.org\/veinspardinyes\/wp-content\/uploads\/2017\/12\/cropped-cropped-logweborvepardnadal-1.png?fit=621%2C137&ssl=1","type":"image\/png"}],"author":"administrador","twitter_card":"summary_large_image","twitter_creator":"@veinspardinyes","twitter_site":"@veinspardinyes","twitter_misc":{"Escrit per":"administrador","Temps estimat de lectura":"2 minuts"},"schema":{"@context":"https:\/\/schema.org","@graph":[{"@type":"Article","@id":"https:\/\/orvepard.org\/veinspardinyes\/comunicat-de-lorganitzacio-de-veins-de-pardinyes-envers-el-posicionament-del-govern-municipal-en-relacio-a-l-solar-del-c-josep-pallach\/#article","isPartOf":{"@id":"https:\/\/orvepard.org\/veinspardinyes\/comunicat-de-lorganitzacio-de-veins-de-pardinyes-envers-el-posicionament-del-govern-municipal-en-relacio-a-l-solar-del-c-josep-pallach\/"},"author":{"name":"administrador","@id":"https:\/\/orvepard.org\/veinspardinyes\/#\/schema\/person\/3618644b46fc6e65b607a0eec1291369"},"headline":"COMUNICAT DE L\u2019ORGANITZACI\u00d3 DE VE\u00cfNS DE PARDINYES ENVERS EL POSICIONAMENT DEL GOVERN MUNICIPAL EN RELACI\u00d3 A L SOLAR DEL C\/ JOSEP PALLACH","datePublished":"2021-11-15T07:35:07+00:00","dateModified":"2021-11-15T07:56:20+00:00","mainEntityOfPage":{"@id":"https:\/\/orvepard.org\/veinspardinyes\/comunicat-de-lorganitzacio-de-veins-de-pardinyes-envers-el-posicionament-del-govern-municipal-en-relacio-a-l-solar-del-c-josep-pallach\/"},"wordCount":465,"commentCount":0,"publisher":{"@id":"https:\/\/orvepard.org\/veinspardinyes\/#organization"},"articleSection":["Fundaci\u00f3 Barri de Pardinyes","Resid\u00e8ncia"],"inLanguage":"ca","potentialAction":[{"@type":"CommentAction","name":"Comment","target":["https:\/\/orvepard.org\/veinspardinyes\/comunicat-de-lorganitzacio-de-veins-de-pardinyes-envers-el-posicionament-del-govern-municipal-en-relacio-a-l-solar-del-c-josep-pallach\/#respond"]}]},{"@type":"WebPage","@id":"https:\/\/orvepard.org\/veinspardinyes\/comunicat-de-lorganitzacio-de-veins-de-pardinyes-envers-el-posicionament-del-govern-municipal-en-relacio-a-l-solar-del-c-josep-pallach\/","url":"https:\/\/orvepard.org\/veinspardinyes\/comunicat-de-lorganitzacio-de-veins-de-pardinyes-envers-el-posicionament-del-govern-municipal-en-relacio-a-l-solar-del-c-josep-pallach\/","name":"COMUNICAT DE L\u2019ORGANITZACI\u00d3 DE VE\u00cfNS DE PARDINYES ENVERS EL POSICIONAMENT DEL GOVERN MUNICIPAL EN RELACI\u00d3 A L SOLAR DEL C\/ JOSEP PALLACH - Orvepard","isPartOf":{"@id":"https:\/\/orvepard.org\/veinspardinyes\/#website"},"datePublished":"2021-11-15T07:35:07+00:00","dateModified":"2021-11-15T07:56:20+00:00","breadcrumb":{"@id":"https:\/\/orvepard.org\/veinspardinyes\/comunicat-de-lorganitzacio-de-veins-de-pardinyes-envers-el-posicionament-del-govern-municipal-en-relacio-a-l-solar-del-c-josep-pallach\/#breadcrumb"},"inLanguage":"ca","potentialAction":[{"@type":"ReadAction","target":["https:\/\/orvepard.org\/veinspardinyes\/comunicat-de-lorganitzacio-de-veins-de-pardinyes-envers-el-posicionament-del-govern-municipal-en-relacio-a-l-solar-del-c-josep-pallach\/"]}]},{"@type":"BreadcrumbList","@id":"https:\/\/orvepard.org\/veinspardinyes\/comunicat-de-lorganitzacio-de-veins-de-pardinyes-envers-el-posicionament-del-govern-municipal-en-relacio-a-l-solar-del-c-josep-pallach\/#breadcrumb","itemListElement":[{"@type":"ListItem","position":1,"name":"Inici","item":"https:\/\/orvepard.org\/veinspardinyes\/"},{"@type":"ListItem","position":2,"name":"COMUNICAT DE L\u2019ORGANITZACI\u00d3 DE VE\u00cfNS DE PARDINYES ENVERS EL POSICIONAMENT DEL GOVERN MUNICIPAL EN RELACI\u00d3 A L SOLAR DEL C\/ JOSEP PALLACH"}]},{"@type":"WebSite","@id":"https:\/\/orvepard.org\/veinspardinyes\/#website","url":"https:\/\/orvepard.org\/veinspardinyes\/","name":"Orvepard","description":"Organitzaci\u00f3 de Ve\u00efns de Pardinyes","publisher":{"@id":"https:\/\/orvepard.org\/veinspardinyes\/#organization"},"potentialAction":[{"@type":"SearchAction","target":{"@type":"EntryPoint","urlTemplate":"https:\/\/orvepard.org\/veinspardinyes\/?s={search_term_string}"},"query-input":{"@type":"PropertyValueSpecification","valueRequired":true,"valueName":"search_term_string"}}],"inLanguage":"ca"},{"@type":"Organization","@id":"https:\/\/orvepard.org\/veinspardinyes\/#organization","name":"Orvepard, Organitzaci\u00f3 de Ve\u00efns de Pardinyes","url":"https:\/\/orvepard.org\/veinspardinyes\/","logo":{"@type":"ImageObject","inLanguage":"ca","@id":"https:\/\/orvepard.org\/veinspardinyes\/#\/schema\/logo\/image\/","url":"https:\/\/i0.wp.com\/orvepard.org\/veinspardinyes\/wp-content\/uploads\/2017\/12\/cropped-cropped-cropped-logweborvepardnadal-e1513180524112.png?fit=150%2C113&ssl=1","contentUrl":"https:\/\/i0.wp.com\/orvepard.org\/veinspardinyes\/wp-content\/uploads\/2017\/12\/cropped-cropped-cropped-logweborvepardnadal-e1513180524112.png?fit=150%2C113&ssl=1","width":150,"height":113,"caption":"Orvepard, Organitzaci\u00f3 de Ve\u00efns de Pardinyes"},"image":{"@id":"https:\/\/orvepard.org\/veinspardinyes\/#\/schema\/logo\/image\/"},"sameAs":["https:\/\/es-es.facebook.com\/groups\/orvepard\/","https:\/\/x.com\/veinspardinyes","https:\/\/www.instagram.com\/veinspardinyes\/","https:\/\/app.ebando.es\/channel\/pardinyes"]},{"@type":"Person","@id":"https:\/\/orvepard.org\/veinspardinyes\/#\/schema\/person\/3618644b46fc6e65b607a0eec1291369","name":"administrador","image":{"@type":"ImageObject","inLanguage":"ca","@id":"https:\/\/secure.gravatar.com\/avatar\/2fd7197822e0866420a0db7f19d28db516e5e67d14036b3ae96fe8b14685bd8f?s=96&d=mm&r=g","url":"https:\/\/secure.gravatar.com\/avatar\/2fd7197822e0866420a0db7f19d28db516e5e67d14036b3ae96fe8b14685bd8f?s=96&d=mm&r=g","contentUrl":"https:\/\/secure.gravatar.com\/avatar\/2fd7197822e0866420a0db7f19d28db516e5e67d14036b3ae96fe8b14685bd8f?s=96&d=mm&r=g","caption":"administrador"},"url":"https:\/\/orvepard.org\/veinspardinyes\/author\/administrador\/"}]}},"jetpack_publicize_connections":[],"jetpack_featured_media_url":"","jetpack_sharing_enabled":true,"jetpack_shortlink":"https:\/\/wp.me\/p9tnJI-xh","jetpack_likes_enabled":true,"rttpg_featured_image_url":null,"rttpg_author":{"display_name":"administrador","author_link":"https:\/\/orvepard.org\/veinspardinyes\/author\/administrador\/"},"rttpg_comment":0,"rttpg_category":"<a href=\"https:\/\/orvepard.org\/veinspardinyes\/category\/fundacio-barri-de-pardinyes\/\" rel=\"category tag\">Fundaci\u00f3 Barri de Pardinyes<\/a> <a href=\"https:\/\/orvepard.org\/veinspardinyes\/category\/residencia\/\" rel=\"category tag\">Resid\u00e8ncia<\/a>","rttpg_excerpt":"El passat 27 d&#8217;octubre membres de la nova junta d\u2019Orvepard es va reunir amb l\u2019alcalde Miquel Pueyo on es va parlar de diversos temes d&#8217;inter\u00e8s per Pardinyes, entre ells de la resid\u00e8ncia que el barri fa anys que reclama. El dijous seg\u00fcent, les regidores Sall i Freixanet es van reunir amb la Fundaci\u00f3 del barri&hellip;","_links":{"self":[{"href":"https:\/\/orvepard.org\/veinspardinyes\/wp-json\/wp\/v2\/posts\/2063","targetHints":{"allow":["GET"]}}],"collection":[{"href":"https:\/\/orvepard.org\/veinspardinyes\/wp-json\/wp\/v2\/posts"}],"about":[{"href":"https:\/\/orvepard.org\/veinspardinyes\/wp-json\/wp\/v2\/types\/post"}],"author":[{"embeddable":true,"href":"https:\/\/orvepard.org\/veinspardinyes\/wp-json\/wp\/v2\/users\/1"}],"replies":[{"embeddable":true,"href":"https:\/\/orvepard.org\/veinspardinyes\/wp-json\/wp\/v2\/comments?post=2063"}],"version-history":[{"count":4,"href":"https:\/\/orvepard.org\/veinspardinyes\/wp-json\/wp\/v2\/posts\/2063\/revisions"}],"predecessor-version":[{"id":2069,"href":"https:\/\/orvepard.org\/veinspardinyes\/wp-json\/wp\/v2\/posts\/2063\/revisions\/2069"}],"wp:attachment":[{"href":"https:\/\/orvepard.org\/veinspardinyes\/wp-json\/wp\/v2\/media?parent=2063"}],"wp:term":[{"taxonomy":"category","embeddable":true,"href":"https:\/\/orvepard.org\/veinspardinyes\/wp-json\/wp\/v2\/categories?post=2063"},{"taxonomy":"post_tag","embeddable":true,"href":"https:\/\/orvepard.org\/veinspardinyes\/wp-json\/wp\/v2\/tags?post=2063"}],"curies":[{"name":"wp","href":"https:\/\/api.w.org\/{rel}","templated":true}]}}