{"id":1985,"date":"2021-09-14T13:07:36","date_gmt":"2021-09-14T11:07:36","guid":{"rendered":"https:\/\/orvepard.org\/veinspardinyes\/?p=1985"},"modified":"2021-09-14T13:08:52","modified_gmt":"2021-09-14T11:08:52","slug":"els-81-de-lescultor-de-pardinyes-miguel-angel-gonzalez","status":"publish","type":"post","link":"https:\/\/orvepard.org\/veinspardinyes\/els-81-de-lescultor-de-pardinyes-miguel-angel-gonzalez\/","title":{"rendered":"Els 81 de l\u2019escultor de Pardinyes Miguel Angel Gonz\u00e1lez"},"content":{"rendered":"<p>Complir vuitanta-un anys comporten un c\u00famul de desigs, viv\u00e8ncies i realitzacions. Temps de records, de transit alegre i de moments de tristor. De fer front a fracassos inoblidables, d\u2019instants de felicitat i d\u2019\u00e8xits aconseguits. Tamb\u00e9 moments ple de records i algunes que altres escenes de tristor.<\/p>\n<p>El n\u00famero 81 s\u2019ha emprat per 81 fer can\u00e7ons com el rap de Tempo \u201c81 trets\u201d; tra\u00e7ats de metro com la l\u00ednea 81 EMT; llibres com \u201cl\u2019\u00c0rea 81 de Flash relats d\u2019Estephen King\u201d i fins i tot invents com el bufador el\u00e8ctric 81.<\/p>\n<p>Tot i aix\u00f2, el 81 ha estat pel MAG, escultor de Pardinyes, un exercici de comptar en veu alta des de l\u20191 al 81. I \u00e9s que als 81 no arriba tothom i, despr\u00e9s d\u2019un any en blanc degut la male\u00efda pand\u00e8mia, Miguel \u00c1ngel Gonz\u00e1lez (MAG) va celebrar el seu 81un\u00e8 Aniversari, el 10 de setembre de 2021, al restaurant Centre de Mald\u00e0, rodejat d\u2019una vintena d\u2019incondicionals amics, la seva esposa Li i els seus dos fills, Eug\u00e8nia, amb Miquel \u00c0ngel i Fede, amb Belen.<\/p>\n<p><strong>Una vetllada entranyable<\/strong><\/p>\n<p>Miguel Angel Gonz\u00e1lez, durant el sopar de germanor, va relatar algunes de les seves bogeries (com li agrada dir a ell) recordant Sancho i el Quixot afegint que \u201cser artista \u00e9s genial\u201d i agraint als presents la seva estima per suportar \u201cels meus somnis, les meves debilitats i les meves neures\u201d.<\/p>\n<p>Va recordar alguns dels pensaments de Pablo Neruda i va citar Sant Agust\u00ed: \u201carribat a l\u2019horitz\u00f3, el passo i em sento segur\u201d. Va elogiar la cigonya perqu\u00e8 li reporta pau i bellesa i finalment, va agrair als presents el seu recolzament perqu\u00e8 \u201c potser no es donen compta que han vingut per amor i aix\u00f2 \u00e9s el que som. Per aix\u00f2, marxo somiant\u201d.<\/p>\n<p>Una vetllada entranyable que va contar amb la pres\u00e8ncia de Paco Ermengol, Ruben Tolsa, acompanyats de les seves respectives parelles Adriana i Mariela; Silvia Solano i Ignasi Casado; Jordi Bresoli; Paco Castillo, Anna Boria; Alfons Sarabia, Anna i Robert, Jordi Berenguer i la seva parella; Pilar Bosch i el seu acompanyant.<\/p>\n<p>I \u00e9s qu\u00e8, sembla que per l\u2019escultor de Pardinyes, complir anys no el fa m\u00e9s vell sin\u00f3 que li renova la joventut de la seva exist\u00e8ncia.<\/p>\n<p><strong>Artista intrnacional<\/strong><a href=\"https:\/\/i0.wp.com\/orvepard.org\/veinspardinyes\/wp-content\/uploads\/2021\/09\/IMG-20210910-81-cumle-de-MAG-a-Malda.jpg?ssl=1\" rel=\"attachment wp-att-1987\"><img data-recalc-dims=\"1\" loading=\"lazy\" decoding=\"async\" data-attachment-id=\"1987\" data-permalink=\"https:\/\/orvepard.org\/veinspardinyes\/els-81-de-lescultor-de-pardinyes-miguel-angel-gonzalez\/img-20210910-81-cumle-de-mag-a-malda\/\" data-orig-file=\"https:\/\/i0.wp.com\/orvepard.org\/veinspardinyes\/wp-content\/uploads\/2021\/09\/IMG-20210910-81-cumle-de-MAG-a-Malda.jpg?fit=1034%2C978&amp;ssl=1\" data-orig-size=\"1034,978\" data-comments-opened=\"1\" data-image-meta=\"{&quot;aperture&quot;:&quot;0&quot;,&quot;credit&quot;:&quot;&quot;,&quot;camera&quot;:&quot;&quot;,&quot;caption&quot;:&quot;&quot;,&quot;created_timestamp&quot;:&quot;0&quot;,&quot;copyright&quot;:&quot;&quot;,&quot;focal_length&quot;:&quot;0&quot;,&quot;iso&quot;:&quot;0&quot;,&quot;shutter_speed&quot;:&quot;0&quot;,&quot;title&quot;:&quot;&quot;,&quot;orientation&quot;:&quot;0&quot;}\" data-image-title=\"IMG-20210910-81 cumle de MAG a Mald\u00e0\" data-image-description=\"\" data-image-caption=\"\" data-large-file=\"https:\/\/i0.wp.com\/orvepard.org\/veinspardinyes\/wp-content\/uploads\/2021\/09\/IMG-20210910-81-cumle-de-MAG-a-Malda.jpg?fit=640%2C605&amp;ssl=1\" class=\"alignnone size-full wp-image-1987\" title=\"img-20210910-81-cumle-de-mag-a-malda-jpg\" src=\"https:\/\/i0.wp.com\/orvepard.org\/veinspardinyes\/wp-content\/uploads\/2021\/09\/IMG-20210910-81-cumle-de-MAG-a-Malda.jpg?resize=640%2C500&#038;ssl=1\" alt=\"\" width=\"640\" height=\"500\" \/><\/a><\/p>\n<p>Miguel \u00c1ngel Gonz\u00e1lez ha estat guanyador de diversos premis nacionals d&#8217;escultura a l&#8217;Argentina, realitza diverses exposicions al seu pa\u00eds on destaca per la seva obra monumental, fins l&#8217;any 1991 en qu\u00e8 es trasllada al barri de Pardinyes, on resideix des d\u2019aleshores. La seva obra es troba disseminada pel m\u00f3n a trav\u00e9s de diferents col\u00b7leccions privades i en espais p\u00fablics a Italia, Jap\u00f3n, Estados Unidos, Francia, Andorra, Alemania, Holanda, Catalunya i Espa\u00f1a.<\/p>\n<p>La seva producci\u00f3 \u00e9s ampl\u00edssima i podem destacar entre elles : &#8220;Homenatge a l&#8217;espasa&#8221; Ferro forjat i ciment, 2,5 m. (Pobla de Cervoles). La figura de el president Llu\u00eds Companys, cedida la tardor de l&#8217;any 2015 al municipi de Tornabous (Lleida). L&#8217;escultura dedicada al recordat Manolo Calpe, president de la Fecoll i impulsor de l&#8217;Aplec de l&#8217;Cargol i &#8220;l&#8217;estampida de cavalls&#8221;, creada l&#8217;any 2014, les dues instal\u00b7lades als camps Elisis de Lleida<strong>. <\/strong>Els Plots de la Terra, recuperada i recentment instal\u00b7lada a Roger de Ll\u00faria (Pardinyes). &#8220;L&#8217;home de la finestra&#8221;; els homes que arrosseguen la bola del m\u00f3n; supernova, d\u2019acer i ferro, de 5 metres d\u2019alt, 4 d\u2019ample i 300 quilos de pes i el Gat recentment instal\u00b7lada a Almacelles. Una de les seves darreres obres ha estat una escultura d&#8217;acer de 3 metres d&#8217;al\u00e7ada i 1.300 quilos de pes, inaugurada el 18 de juliol de 2016, al mirador del Roc de Quer, a 500 metres d&#8217;altitud, al Com\u00fa de Canillo (Andorra) i considerada per l&#8217;artista, junt amb el gat d\u2019Almacelles, com dues de les seves creacions m\u00e9s importants.<\/p>\n<p>Paco Castillo<\/p>\n\n\n<figure class=\"wp-block-image size-large\"><img data-recalc-dims=\"1\" loading=\"lazy\" decoding=\"async\" width=\"640\" height=\"453\" data-attachment-id=\"1988\" data-permalink=\"https:\/\/orvepard.org\/veinspardinyes\/els-81-de-lescultor-de-pardinyes-miguel-angel-gonzalez\/mag-fa-81-anys-invitacio\/\" data-orig-file=\"https:\/\/i0.wp.com\/orvepard.org\/veinspardinyes\/wp-content\/uploads\/2021\/09\/MAG-fa-81-anys-invitacio.jpg?fit=2338%2C1654&amp;ssl=1\" data-orig-size=\"2338,1654\" data-comments-opened=\"1\" data-image-meta=\"{&quot;aperture&quot;:&quot;0&quot;,&quot;credit&quot;:&quot;&quot;,&quot;camera&quot;:&quot;&quot;,&quot;caption&quot;:&quot;&quot;,&quot;created_timestamp&quot;:&quot;0&quot;,&quot;copyright&quot;:&quot;&quot;,&quot;focal_length&quot;:&quot;0&quot;,&quot;iso&quot;:&quot;0&quot;,&quot;shutter_speed&quot;:&quot;0&quot;,&quot;title&quot;:&quot;&quot;,&quot;orientation&quot;:&quot;0&quot;}\" data-image-title=\"MAG fa 81 anys-invitaci\u00f3\" data-image-description=\"\" data-image-caption=\"\" data-large-file=\"https:\/\/i0.wp.com\/orvepard.org\/veinspardinyes\/wp-content\/uploads\/2021\/09\/MAG-fa-81-anys-invitacio.jpg?fit=640%2C453&amp;ssl=1\" src=\"https:\/\/i0.wp.com\/orvepard.org\/veinspardinyes\/wp-content\/uploads\/2021\/09\/MAG-fa-81-anys-invitacio.jpg?resize=640%2C453&#038;ssl=1\" alt=\"\" class=\"wp-image-1988\" srcset=\"https:\/\/i0.wp.com\/orvepard.org\/veinspardinyes\/wp-content\/uploads\/2021\/09\/MAG-fa-81-anys-invitacio.jpg?resize=1024%2C724&amp;ssl=1 1024w, https:\/\/i0.wp.com\/orvepard.org\/veinspardinyes\/wp-content\/uploads\/2021\/09\/MAG-fa-81-anys-invitacio.jpg?resize=300%2C212&amp;ssl=1 300w, https:\/\/i0.wp.com\/orvepard.org\/veinspardinyes\/wp-content\/uploads\/2021\/09\/MAG-fa-81-anys-invitacio.jpg?resize=768%2C543&amp;ssl=1 768w, https:\/\/i0.wp.com\/orvepard.org\/veinspardinyes\/wp-content\/uploads\/2021\/09\/MAG-fa-81-anys-invitacio.jpg?resize=1536%2C1087&amp;ssl=1 1536w, https:\/\/i0.wp.com\/orvepard.org\/veinspardinyes\/wp-content\/uploads\/2021\/09\/MAG-fa-81-anys-invitacio.jpg?resize=2048%2C1449&amp;ssl=1 2048w, https:\/\/i0.wp.com\/orvepard.org\/veinspardinyes\/wp-content\/uploads\/2021\/09\/MAG-fa-81-anys-invitacio.jpg?w=1280&amp;ssl=1 1280w, https:\/\/i0.wp.com\/orvepard.org\/veinspardinyes\/wp-content\/uploads\/2021\/09\/MAG-fa-81-anys-invitacio.jpg?w=1920&amp;ssl=1 1920w\" sizes=\"auto, (max-width: 640px) 100vw, 640px\" \/><\/figure>\n\n\n\n<figure class=\"wp-block-image size-large\"><img data-recalc-dims=\"1\" loading=\"lazy\" decoding=\"async\" width=\"640\" height=\"546\" data-attachment-id=\"1986\" data-permalink=\"https:\/\/orvepard.org\/veinspardinyes\/els-81-de-lescultor-de-pardinyes-miguel-angel-gonzalez\/img-20210910-81-cumle-de-mag-a-malda-sopar-al-bar-centre\/\" data-orig-file=\"https:\/\/i0.wp.com\/orvepard.org\/veinspardinyes\/wp-content\/uploads\/2021\/09\/IMG-20210910-81-cumle-de-MAG-a-Malda-sopar-al-bar-centre.jpg?fit=1280%2C1092&amp;ssl=1\" data-orig-size=\"1280,1092\" data-comments-opened=\"1\" data-image-meta=\"{&quot;aperture&quot;:&quot;0&quot;,&quot;credit&quot;:&quot;&quot;,&quot;camera&quot;:&quot;&quot;,&quot;caption&quot;:&quot;&quot;,&quot;created_timestamp&quot;:&quot;0&quot;,&quot;copyright&quot;:&quot;&quot;,&quot;focal_length&quot;:&quot;0&quot;,&quot;iso&quot;:&quot;0&quot;,&quot;shutter_speed&quot;:&quot;0&quot;,&quot;title&quot;:&quot;&quot;,&quot;orientation&quot;:&quot;0&quot;}\" data-image-title=\"IMG-20210910-81 cumle de MAG a Mald\u00e0-sopar al bar centre\" data-image-description=\"\" data-image-caption=\"\" data-large-file=\"https:\/\/i0.wp.com\/orvepard.org\/veinspardinyes\/wp-content\/uploads\/2021\/09\/IMG-20210910-81-cumle-de-MAG-a-Malda-sopar-al-bar-centre.jpg?fit=640%2C546&amp;ssl=1\" src=\"https:\/\/i0.wp.com\/orvepard.org\/veinspardinyes\/wp-content\/uploads\/2021\/09\/IMG-20210910-81-cumle-de-MAG-a-Malda-sopar-al-bar-centre.jpg?resize=640%2C546&#038;ssl=1\" alt=\"\" class=\"wp-image-1986\" srcset=\"https:\/\/i0.wp.com\/orvepard.org\/veinspardinyes\/wp-content\/uploads\/2021\/09\/IMG-20210910-81-cumle-de-MAG-a-Malda-sopar-al-bar-centre.jpg?resize=938%2C800&amp;ssl=1 938w, https:\/\/i0.wp.com\/orvepard.org\/veinspardinyes\/wp-content\/uploads\/2021\/09\/IMG-20210910-81-cumle-de-MAG-a-Malda-sopar-al-bar-centre.jpg?resize=300%2C256&amp;ssl=1 300w, https:\/\/i0.wp.com\/orvepard.org\/veinspardinyes\/wp-content\/uploads\/2021\/09\/IMG-20210910-81-cumle-de-MAG-a-Malda-sopar-al-bar-centre.jpg?resize=768%2C655&amp;ssl=1 768w, https:\/\/i0.wp.com\/orvepard.org\/veinspardinyes\/wp-content\/uploads\/2021\/09\/IMG-20210910-81-cumle-de-MAG-a-Malda-sopar-al-bar-centre.jpg?w=1280&amp;ssl=1 1280w\" sizes=\"auto, (max-width: 640px) 100vw, 640px\" \/><\/figure>\n","protected":false},"excerpt":{"rendered":"<p>Complir vuitanta-un anys comporten un c\u00famul de desigs, viv\u00e8ncies i realitzacions. Temps de records, de transit alegre i de moments de tristor. De fer front a fracassos inoblidables, d\u2019instants de felicitat i d\u2019\u00e8xits aconseguits. Tamb\u00e9 moments ple de records i algunes que altres escenes de tristor. El n\u00famero 81 s\u2019ha emprat per 81 fer can\u00e7ons [&hellip;]<\/p>\n","protected":false},"author":1,"featured_media":0,"comment_status":"open","ping_status":"open","sticky":false,"template":"","format":"standard","meta":{"jetpack_post_was_ever_published":false,"_jetpack_newsletter_access":"","_jetpack_dont_email_post_to_subs":false,"_jetpack_newsletter_tier_id":0,"_jetpack_memberships_contains_paywalled_content":false,"_jetpack_memberships_contains_paid_content":false,"footnotes":"","jetpack_publicize_message":"","jetpack_publicize_feature_enabled":true,"jetpack_social_post_already_shared":true,"jetpack_social_options":{"image_generator_settings":{"template":"highway","default_image_id":0,"font":"","enabled":false},"version":2}},"categories":[1],"tags":[],"class_list":["post-1985","post","type-post","status-publish","format-standard","hentry","category-general"],"yoast_head":"<!-- This site is optimized with the Yoast SEO plugin v27.3 - https:\/\/yoast.com\/product\/yoast-seo-wordpress\/ -->\n<title>Els 81 de l\u2019escultor de Pardinyes Miguel Angel Gonz\u00e1lez - Orvepard<\/title>\n<meta name=\"robots\" content=\"index, follow, max-snippet:-1, max-image-preview:large, max-video-preview:-1\" \/>\n<link rel=\"canonical\" href=\"https:\/\/orvepard.org\/veinspardinyes\/els-81-de-lescultor-de-pardinyes-miguel-angel-gonzalez\/\" \/>\n<meta property=\"og:locale\" content=\"ca_ES\" \/>\n<meta property=\"og:type\" content=\"article\" \/>\n<meta property=\"og:title\" content=\"Els 81 de l\u2019escultor de Pardinyes Miguel Angel Gonz\u00e1lez - Orvepard\" \/>\n<meta property=\"og:description\" content=\"Complir vuitanta-un anys comporten un c\u00famul de desigs, viv\u00e8ncies i realitzacions. Temps de records, de transit alegre i de moments de tristor. De fer front a fracassos inoblidables, d\u2019instants de felicitat i d\u2019\u00e8xits aconseguits. Tamb\u00e9 moments ple de records i algunes que altres escenes de tristor. El n\u00famero 81 s\u2019ha emprat per 81 fer can\u00e7ons [&hellip;]\" \/>\n<meta property=\"og:url\" content=\"https:\/\/orvepard.org\/veinspardinyes\/els-81-de-lescultor-de-pardinyes-miguel-angel-gonzalez\/\" \/>\n<meta property=\"og:site_name\" content=\"Orvepard\" \/>\n<meta property=\"article:publisher\" content=\"https:\/\/es-es.facebook.com\/groups\/orvepard\/\" \/>\n<meta property=\"article:published_time\" content=\"2021-09-14T11:07:36+00:00\" \/>\n<meta property=\"article:modified_time\" content=\"2021-09-14T11:08:52+00:00\" \/>\n<meta property=\"og:image\" content=\"https:\/\/orvepard.org\/veinspardinyes\/wp-content\/uploads\/2021\/09\/IMG-20210910-81-cumle-de-MAG-a-Malda.jpg\" \/>\n<meta name=\"author\" content=\"administrador\" \/>\n<meta name=\"twitter:card\" content=\"summary_large_image\" \/>\n<meta name=\"twitter:creator\" content=\"@veinspardinyes\" \/>\n<meta name=\"twitter:site\" content=\"@veinspardinyes\" \/>\n<meta name=\"twitter:label1\" content=\"Escrit per\" \/>\n\t<meta name=\"twitter:data1\" content=\"administrador\" \/>\n\t<meta name=\"twitter:label2\" content=\"Temps estimat de lectura\" \/>\n\t<meta name=\"twitter:data2\" content=\"3 minuts\" \/>\n<script type=\"application\/ld+json\" class=\"yoast-schema-graph\">{\"@context\":\"https:\\\/\\\/schema.org\",\"@graph\":[{\"@type\":\"Article\",\"@id\":\"https:\\\/\\\/orvepard.org\\\/veinspardinyes\\\/els-81-de-lescultor-de-pardinyes-miguel-angel-gonzalez\\\/#article\",\"isPartOf\":{\"@id\":\"https:\\\/\\\/orvepard.org\\\/veinspardinyes\\\/els-81-de-lescultor-de-pardinyes-miguel-angel-gonzalez\\\/\"},\"author\":{\"name\":\"administrador\",\"@id\":\"https:\\\/\\\/orvepard.org\\\/veinspardinyes\\\/#\\\/schema\\\/person\\\/3618644b46fc6e65b607a0eec1291369\"},\"headline\":\"Els 81 de l\u2019escultor de Pardinyes Miguel Angel Gonz\u00e1lez\",\"datePublished\":\"2021-09-14T11:07:36+00:00\",\"dateModified\":\"2021-09-14T11:08:52+00:00\",\"mainEntityOfPage\":{\"@id\":\"https:\\\/\\\/orvepard.org\\\/veinspardinyes\\\/els-81-de-lescultor-de-pardinyes-miguel-angel-gonzalez\\\/\"},\"wordCount\":670,\"commentCount\":0,\"publisher\":{\"@id\":\"https:\\\/\\\/orvepard.org\\\/veinspardinyes\\\/#organization\"},\"image\":{\"@id\":\"https:\\\/\\\/orvepard.org\\\/veinspardinyes\\\/els-81-de-lescultor-de-pardinyes-miguel-angel-gonzalez\\\/#primaryimage\"},\"thumbnailUrl\":\"https:\\\/\\\/orvepard.org\\\/veinspardinyes\\\/wp-content\\\/uploads\\\/2021\\\/09\\\/IMG-20210910-81-cumle-de-MAG-a-Malda.jpg\",\"articleSection\":[\"General\"],\"inLanguage\":\"ca\",\"potentialAction\":[{\"@type\":\"CommentAction\",\"name\":\"Comment\",\"target\":[\"https:\\\/\\\/orvepard.org\\\/veinspardinyes\\\/els-81-de-lescultor-de-pardinyes-miguel-angel-gonzalez\\\/#respond\"]}]},{\"@type\":\"WebPage\",\"@id\":\"https:\\\/\\\/orvepard.org\\\/veinspardinyes\\\/els-81-de-lescultor-de-pardinyes-miguel-angel-gonzalez\\\/\",\"url\":\"https:\\\/\\\/orvepard.org\\\/veinspardinyes\\\/els-81-de-lescultor-de-pardinyes-miguel-angel-gonzalez\\\/\",\"name\":\"Els 81 de l\u2019escultor de Pardinyes Miguel Angel Gonz\u00e1lez - Orvepard\",\"isPartOf\":{\"@id\":\"https:\\\/\\\/orvepard.org\\\/veinspardinyes\\\/#website\"},\"primaryImageOfPage\":{\"@id\":\"https:\\\/\\\/orvepard.org\\\/veinspardinyes\\\/els-81-de-lescultor-de-pardinyes-miguel-angel-gonzalez\\\/#primaryimage\"},\"image\":{\"@id\":\"https:\\\/\\\/orvepard.org\\\/veinspardinyes\\\/els-81-de-lescultor-de-pardinyes-miguel-angel-gonzalez\\\/#primaryimage\"},\"thumbnailUrl\":\"https:\\\/\\\/orvepard.org\\\/veinspardinyes\\\/wp-content\\\/uploads\\\/2021\\\/09\\\/IMG-20210910-81-cumle-de-MAG-a-Malda.jpg\",\"datePublished\":\"2021-09-14T11:07:36+00:00\",\"dateModified\":\"2021-09-14T11:08:52+00:00\",\"breadcrumb\":{\"@id\":\"https:\\\/\\\/orvepard.org\\\/veinspardinyes\\\/els-81-de-lescultor-de-pardinyes-miguel-angel-gonzalez\\\/#breadcrumb\"},\"inLanguage\":\"ca\",\"potentialAction\":[{\"@type\":\"ReadAction\",\"target\":[\"https:\\\/\\\/orvepard.org\\\/veinspardinyes\\\/els-81-de-lescultor-de-pardinyes-miguel-angel-gonzalez\\\/\"]}]},{\"@type\":\"ImageObject\",\"inLanguage\":\"ca\",\"@id\":\"https:\\\/\\\/orvepard.org\\\/veinspardinyes\\\/els-81-de-lescultor-de-pardinyes-miguel-angel-gonzalez\\\/#primaryimage\",\"url\":\"https:\\\/\\\/i0.wp.com\\\/orvepard.org\\\/veinspardinyes\\\/wp-content\\\/uploads\\\/2021\\\/09\\\/IMG-20210910-81-cumle-de-MAG-a-Malda.jpg?fit=1034%2C978&ssl=1\",\"contentUrl\":\"https:\\\/\\\/i0.wp.com\\\/orvepard.org\\\/veinspardinyes\\\/wp-content\\\/uploads\\\/2021\\\/09\\\/IMG-20210910-81-cumle-de-MAG-a-Malda.jpg?fit=1034%2C978&ssl=1\",\"width\":1034,\"height\":978},{\"@type\":\"BreadcrumbList\",\"@id\":\"https:\\\/\\\/orvepard.org\\\/veinspardinyes\\\/els-81-de-lescultor-de-pardinyes-miguel-angel-gonzalez\\\/#breadcrumb\",\"itemListElement\":[{\"@type\":\"ListItem\",\"position\":1,\"name\":\"Inici\",\"item\":\"https:\\\/\\\/orvepard.org\\\/veinspardinyes\\\/\"},{\"@type\":\"ListItem\",\"position\":2,\"name\":\"Els 81 de l\u2019escultor de Pardinyes Miguel Angel Gonz\u00e1lez\"}]},{\"@type\":\"WebSite\",\"@id\":\"https:\\\/\\\/orvepard.org\\\/veinspardinyes\\\/#website\",\"url\":\"https:\\\/\\\/orvepard.org\\\/veinspardinyes\\\/\",\"name\":\"Orvepard\",\"description\":\"Organitzaci\u00f3 de Ve\u00efns de Pardinyes\",\"publisher\":{\"@id\":\"https:\\\/\\\/orvepard.org\\\/veinspardinyes\\\/#organization\"},\"potentialAction\":[{\"@type\":\"SearchAction\",\"target\":{\"@type\":\"EntryPoint\",\"urlTemplate\":\"https:\\\/\\\/orvepard.org\\\/veinspardinyes\\\/?s={search_term_string}\"},\"query-input\":{\"@type\":\"PropertyValueSpecification\",\"valueRequired\":true,\"valueName\":\"search_term_string\"}}],\"inLanguage\":\"ca\"},{\"@type\":\"Organization\",\"@id\":\"https:\\\/\\\/orvepard.org\\\/veinspardinyes\\\/#organization\",\"name\":\"Orvepard, Organitzaci\u00f3 de Ve\u00efns de Pardinyes\",\"url\":\"https:\\\/\\\/orvepard.org\\\/veinspardinyes\\\/\",\"logo\":{\"@type\":\"ImageObject\",\"inLanguage\":\"ca\",\"@id\":\"https:\\\/\\\/orvepard.org\\\/veinspardinyes\\\/#\\\/schema\\\/logo\\\/image\\\/\",\"url\":\"https:\\\/\\\/i0.wp.com\\\/orvepard.org\\\/veinspardinyes\\\/wp-content\\\/uploads\\\/2017\\\/12\\\/cropped-cropped-cropped-logweborvepardnadal-e1513180524112.png?fit=150%2C113&ssl=1\",\"contentUrl\":\"https:\\\/\\\/i0.wp.com\\\/orvepard.org\\\/veinspardinyes\\\/wp-content\\\/uploads\\\/2017\\\/12\\\/cropped-cropped-cropped-logweborvepardnadal-e1513180524112.png?fit=150%2C113&ssl=1\",\"width\":150,\"height\":113,\"caption\":\"Orvepard, Organitzaci\u00f3 de Ve\u00efns de Pardinyes\"},\"image\":{\"@id\":\"https:\\\/\\\/orvepard.org\\\/veinspardinyes\\\/#\\\/schema\\\/logo\\\/image\\\/\"},\"sameAs\":[\"https:\\\/\\\/es-es.facebook.com\\\/groups\\\/orvepard\\\/\",\"https:\\\/\\\/x.com\\\/veinspardinyes\",\"https:\\\/\\\/www.instagram.com\\\/veinspardinyes\\\/\",\"https:\\\/\\\/app.ebando.es\\\/channel\\\/pardinyes\"]},{\"@type\":\"Person\",\"@id\":\"https:\\\/\\\/orvepard.org\\\/veinspardinyes\\\/#\\\/schema\\\/person\\\/3618644b46fc6e65b607a0eec1291369\",\"name\":\"administrador\",\"image\":{\"@type\":\"ImageObject\",\"inLanguage\":\"ca\",\"@id\":\"https:\\\/\\\/secure.gravatar.com\\\/avatar\\\/2fd7197822e0866420a0db7f19d28db516e5e67d14036b3ae96fe8b14685bd8f?s=96&d=mm&r=g\",\"url\":\"https:\\\/\\\/secure.gravatar.com\\\/avatar\\\/2fd7197822e0866420a0db7f19d28db516e5e67d14036b3ae96fe8b14685bd8f?s=96&d=mm&r=g\",\"contentUrl\":\"https:\\\/\\\/secure.gravatar.com\\\/avatar\\\/2fd7197822e0866420a0db7f19d28db516e5e67d14036b3ae96fe8b14685bd8f?s=96&d=mm&r=g\",\"caption\":\"administrador\"},\"url\":\"https:\\\/\\\/orvepard.org\\\/veinspardinyes\\\/author\\\/administrador\\\/\"}]}<\/script>\n<!-- \/ Yoast SEO plugin. -->","yoast_head_json":{"title":"Els 81 de l\u2019escultor de Pardinyes Miguel Angel Gonz\u00e1lez - Orvepard","robots":{"index":"index","follow":"follow","max-snippet":"max-snippet:-1","max-image-preview":"max-image-preview:large","max-video-preview":"max-video-preview:-1"},"canonical":"https:\/\/orvepard.org\/veinspardinyes\/els-81-de-lescultor-de-pardinyes-miguel-angel-gonzalez\/","og_locale":"ca_ES","og_type":"article","og_title":"Els 81 de l\u2019escultor de Pardinyes Miguel Angel Gonz\u00e1lez - Orvepard","og_description":"Complir vuitanta-un anys comporten un c\u00famul de desigs, viv\u00e8ncies i realitzacions. Temps de records, de transit alegre i de moments de tristor. De fer front a fracassos inoblidables, d\u2019instants de felicitat i d\u2019\u00e8xits aconseguits. Tamb\u00e9 moments ple de records i algunes que altres escenes de tristor. El n\u00famero 81 s\u2019ha emprat per 81 fer can\u00e7ons [&hellip;]","og_url":"https:\/\/orvepard.org\/veinspardinyes\/els-81-de-lescultor-de-pardinyes-miguel-angel-gonzalez\/","og_site_name":"Orvepard","article_publisher":"https:\/\/es-es.facebook.com\/groups\/orvepard\/","article_published_time":"2021-09-14T11:07:36+00:00","article_modified_time":"2021-09-14T11:08:52+00:00","og_image":[{"url":"https:\/\/orvepard.org\/veinspardinyes\/wp-content\/uploads\/2021\/09\/IMG-20210910-81-cumle-de-MAG-a-Malda.jpg","type":"","width":"","height":""}],"author":"administrador","twitter_card":"summary_large_image","twitter_creator":"@veinspardinyes","twitter_site":"@veinspardinyes","twitter_misc":{"Escrit per":"administrador","Temps estimat de lectura":"3 minuts"},"schema":{"@context":"https:\/\/schema.org","@graph":[{"@type":"Article","@id":"https:\/\/orvepard.org\/veinspardinyes\/els-81-de-lescultor-de-pardinyes-miguel-angel-gonzalez\/#article","isPartOf":{"@id":"https:\/\/orvepard.org\/veinspardinyes\/els-81-de-lescultor-de-pardinyes-miguel-angel-gonzalez\/"},"author":{"name":"administrador","@id":"https:\/\/orvepard.org\/veinspardinyes\/#\/schema\/person\/3618644b46fc6e65b607a0eec1291369"},"headline":"Els 81 de l\u2019escultor de Pardinyes Miguel Angel Gonz\u00e1lez","datePublished":"2021-09-14T11:07:36+00:00","dateModified":"2021-09-14T11:08:52+00:00","mainEntityOfPage":{"@id":"https:\/\/orvepard.org\/veinspardinyes\/els-81-de-lescultor-de-pardinyes-miguel-angel-gonzalez\/"},"wordCount":670,"commentCount":0,"publisher":{"@id":"https:\/\/orvepard.org\/veinspardinyes\/#organization"},"image":{"@id":"https:\/\/orvepard.org\/veinspardinyes\/els-81-de-lescultor-de-pardinyes-miguel-angel-gonzalez\/#primaryimage"},"thumbnailUrl":"https:\/\/orvepard.org\/veinspardinyes\/wp-content\/uploads\/2021\/09\/IMG-20210910-81-cumle-de-MAG-a-Malda.jpg","articleSection":["General"],"inLanguage":"ca","potentialAction":[{"@type":"CommentAction","name":"Comment","target":["https:\/\/orvepard.org\/veinspardinyes\/els-81-de-lescultor-de-pardinyes-miguel-angel-gonzalez\/#respond"]}]},{"@type":"WebPage","@id":"https:\/\/orvepard.org\/veinspardinyes\/els-81-de-lescultor-de-pardinyes-miguel-angel-gonzalez\/","url":"https:\/\/orvepard.org\/veinspardinyes\/els-81-de-lescultor-de-pardinyes-miguel-angel-gonzalez\/","name":"Els 81 de l\u2019escultor de Pardinyes Miguel Angel Gonz\u00e1lez - Orvepard","isPartOf":{"@id":"https:\/\/orvepard.org\/veinspardinyes\/#website"},"primaryImageOfPage":{"@id":"https:\/\/orvepard.org\/veinspardinyes\/els-81-de-lescultor-de-pardinyes-miguel-angel-gonzalez\/#primaryimage"},"image":{"@id":"https:\/\/orvepard.org\/veinspardinyes\/els-81-de-lescultor-de-pardinyes-miguel-angel-gonzalez\/#primaryimage"},"thumbnailUrl":"https:\/\/orvepard.org\/veinspardinyes\/wp-content\/uploads\/2021\/09\/IMG-20210910-81-cumle-de-MAG-a-Malda.jpg","datePublished":"2021-09-14T11:07:36+00:00","dateModified":"2021-09-14T11:08:52+00:00","breadcrumb":{"@id":"https:\/\/orvepard.org\/veinspardinyes\/els-81-de-lescultor-de-pardinyes-miguel-angel-gonzalez\/#breadcrumb"},"inLanguage":"ca","potentialAction":[{"@type":"ReadAction","target":["https:\/\/orvepard.org\/veinspardinyes\/els-81-de-lescultor-de-pardinyes-miguel-angel-gonzalez\/"]}]},{"@type":"ImageObject","inLanguage":"ca","@id":"https:\/\/orvepard.org\/veinspardinyes\/els-81-de-lescultor-de-pardinyes-miguel-angel-gonzalez\/#primaryimage","url":"https:\/\/i0.wp.com\/orvepard.org\/veinspardinyes\/wp-content\/uploads\/2021\/09\/IMG-20210910-81-cumle-de-MAG-a-Malda.jpg?fit=1034%2C978&ssl=1","contentUrl":"https:\/\/i0.wp.com\/orvepard.org\/veinspardinyes\/wp-content\/uploads\/2021\/09\/IMG-20210910-81-cumle-de-MAG-a-Malda.jpg?fit=1034%2C978&ssl=1","width":1034,"height":978},{"@type":"BreadcrumbList","@id":"https:\/\/orvepard.org\/veinspardinyes\/els-81-de-lescultor-de-pardinyes-miguel-angel-gonzalez\/#breadcrumb","itemListElement":[{"@type":"ListItem","position":1,"name":"Inici","item":"https:\/\/orvepard.org\/veinspardinyes\/"},{"@type":"ListItem","position":2,"name":"Els 81 de l\u2019escultor de Pardinyes Miguel Angel Gonz\u00e1lez"}]},{"@type":"WebSite","@id":"https:\/\/orvepard.org\/veinspardinyes\/#website","url":"https:\/\/orvepard.org\/veinspardinyes\/","name":"Orvepard","description":"Organitzaci\u00f3 de Ve\u00efns de Pardinyes","publisher":{"@id":"https:\/\/orvepard.org\/veinspardinyes\/#organization"},"potentialAction":[{"@type":"SearchAction","target":{"@type":"EntryPoint","urlTemplate":"https:\/\/orvepard.org\/veinspardinyes\/?s={search_term_string}"},"query-input":{"@type":"PropertyValueSpecification","valueRequired":true,"valueName":"search_term_string"}}],"inLanguage":"ca"},{"@type":"Organization","@id":"https:\/\/orvepard.org\/veinspardinyes\/#organization","name":"Orvepard, Organitzaci\u00f3 de Ve\u00efns de Pardinyes","url":"https:\/\/orvepard.org\/veinspardinyes\/","logo":{"@type":"ImageObject","inLanguage":"ca","@id":"https:\/\/orvepard.org\/veinspardinyes\/#\/schema\/logo\/image\/","url":"https:\/\/i0.wp.com\/orvepard.org\/veinspardinyes\/wp-content\/uploads\/2017\/12\/cropped-cropped-cropped-logweborvepardnadal-e1513180524112.png?fit=150%2C113&ssl=1","contentUrl":"https:\/\/i0.wp.com\/orvepard.org\/veinspardinyes\/wp-content\/uploads\/2017\/12\/cropped-cropped-cropped-logweborvepardnadal-e1513180524112.png?fit=150%2C113&ssl=1","width":150,"height":113,"caption":"Orvepard, Organitzaci\u00f3 de Ve\u00efns de Pardinyes"},"image":{"@id":"https:\/\/orvepard.org\/veinspardinyes\/#\/schema\/logo\/image\/"},"sameAs":["https:\/\/es-es.facebook.com\/groups\/orvepard\/","https:\/\/x.com\/veinspardinyes","https:\/\/www.instagram.com\/veinspardinyes\/","https:\/\/app.ebando.es\/channel\/pardinyes"]},{"@type":"Person","@id":"https:\/\/orvepard.org\/veinspardinyes\/#\/schema\/person\/3618644b46fc6e65b607a0eec1291369","name":"administrador","image":{"@type":"ImageObject","inLanguage":"ca","@id":"https:\/\/secure.gravatar.com\/avatar\/2fd7197822e0866420a0db7f19d28db516e5e67d14036b3ae96fe8b14685bd8f?s=96&d=mm&r=g","url":"https:\/\/secure.gravatar.com\/avatar\/2fd7197822e0866420a0db7f19d28db516e5e67d14036b3ae96fe8b14685bd8f?s=96&d=mm&r=g","contentUrl":"https:\/\/secure.gravatar.com\/avatar\/2fd7197822e0866420a0db7f19d28db516e5e67d14036b3ae96fe8b14685bd8f?s=96&d=mm&r=g","caption":"administrador"},"url":"https:\/\/orvepard.org\/veinspardinyes\/author\/administrador\/"}]}},"jetpack_publicize_connections":[],"jetpack_featured_media_url":"","jetpack_sharing_enabled":true,"jetpack_shortlink":"https:\/\/wp.me\/p9tnJI-w1","jetpack_likes_enabled":true,"rttpg_featured_image_url":null,"rttpg_author":{"display_name":"administrador","author_link":"https:\/\/orvepard.org\/veinspardinyes\/author\/administrador\/"},"rttpg_comment":0,"rttpg_category":"<a href=\"https:\/\/orvepard.org\/veinspardinyes\/category\/general\/\" rel=\"category tag\">General<\/a>","rttpg_excerpt":"Complir vuitanta-un anys comporten un c\u00famul de desigs, viv\u00e8ncies i realitzacions. Temps de records, de transit alegre i de moments de tristor. De fer front a fracassos inoblidables, d\u2019instants de felicitat i d\u2019\u00e8xits aconseguits. Tamb\u00e9 moments ple de records i algunes que altres escenes de tristor. El n\u00famero 81 s\u2019ha emprat per 81 fer can\u00e7ons&hellip;","_links":{"self":[{"href":"https:\/\/orvepard.org\/veinspardinyes\/wp-json\/wp\/v2\/posts\/1985","targetHints":{"allow":["GET"]}}],"collection":[{"href":"https:\/\/orvepard.org\/veinspardinyes\/wp-json\/wp\/v2\/posts"}],"about":[{"href":"https:\/\/orvepard.org\/veinspardinyes\/wp-json\/wp\/v2\/types\/post"}],"author":[{"embeddable":true,"href":"https:\/\/orvepard.org\/veinspardinyes\/wp-json\/wp\/v2\/users\/1"}],"replies":[{"embeddable":true,"href":"https:\/\/orvepard.org\/veinspardinyes\/wp-json\/wp\/v2\/comments?post=1985"}],"version-history":[{"count":2,"href":"https:\/\/orvepard.org\/veinspardinyes\/wp-json\/wp\/v2\/posts\/1985\/revisions"}],"predecessor-version":[{"id":1992,"href":"https:\/\/orvepard.org\/veinspardinyes\/wp-json\/wp\/v2\/posts\/1985\/revisions\/1992"}],"wp:attachment":[{"href":"https:\/\/orvepard.org\/veinspardinyes\/wp-json\/wp\/v2\/media?parent=1985"}],"wp:term":[{"taxonomy":"category","embeddable":true,"href":"https:\/\/orvepard.org\/veinspardinyes\/wp-json\/wp\/v2\/categories?post=1985"},{"taxonomy":"post_tag","embeddable":true,"href":"https:\/\/orvepard.org\/veinspardinyes\/wp-json\/wp\/v2\/tags?post=1985"}],"curies":[{"name":"wp","href":"https:\/\/api.w.org\/{rel}","templated":true}]}}