{"id":1607,"date":"2021-01-26T12:40:57","date_gmt":"2021-01-26T11:40:57","guid":{"rendered":"https:\/\/orvepard.org\/veinspardinyes\/?p=1607"},"modified":"2021-01-26T12:42:55","modified_gmt":"2021-01-26T11:42:55","slug":"auditori-informacio-dels-concerts-mes-destacats-daquests-proxims-mesos","status":"publish","type":"post","link":"https:\/\/orvepard.org\/veinspardinyes\/auditori-informacio-dels-concerts-mes-destacats-daquests-proxims-mesos\/","title":{"rendered":"AUDITORI &#8211; informaci\u00f3 dels concerts m\u00e9s destacats d&#8217;aquests pr\u00f2xims mesos"},"content":{"rendered":"\n<p><img data-recalc-dims=\"1\" loading=\"lazy\" decoding=\"async\" data-attachment-id=\"1609\" data-permalink=\"https:\/\/orvepard.org\/veinspardinyes\/auditori-informacio-dels-concerts-mes-destacats-daquests-proxims-mesos\/image015\/\" data-orig-file=\"https:\/\/i0.wp.com\/orvepard.org\/veinspardinyes\/wp-content\/uploads\/2021\/01\/image015.jpg?fit=480%2C320&amp;ssl=1\" data-orig-size=\"480,320\" data-comments-opened=\"1\" data-image-meta=\"{&quot;aperture&quot;:&quot;0&quot;,&quot;credit&quot;:&quot;&quot;,&quot;camera&quot;:&quot;&quot;,&quot;caption&quot;:&quot;&quot;,&quot;created_timestamp&quot;:&quot;0&quot;,&quot;copyright&quot;:&quot;&quot;,&quot;focal_length&quot;:&quot;0&quot;,&quot;iso&quot;:&quot;0&quot;,&quot;shutter_speed&quot;:&quot;0&quot;,&quot;title&quot;:&quot;&quot;,&quot;orientation&quot;:&quot;0&quot;}\" data-image-title=\"image015\" data-image-description=\"\" data-image-caption=\"\" data-large-file=\"https:\/\/i0.wp.com\/orvepard.org\/veinspardinyes\/wp-content\/uploads\/2021\/01\/image015.jpg?fit=480%2C320&amp;ssl=1\" class=\"alignleft wp-image-1609 \" src=\"https:\/\/i0.wp.com\/orvepard.org\/veinspardinyes\/wp-content\/uploads\/2021\/01\/image015.jpg?resize=347%2C231&#038;ssl=1\" alt=\"\" width=\"347\" height=\"231\" srcset=\"https:\/\/i0.wp.com\/orvepard.org\/veinspardinyes\/wp-content\/uploads\/2021\/01\/image015.jpg?w=480&amp;ssl=1 480w, https:\/\/i0.wp.com\/orvepard.org\/veinspardinyes\/wp-content\/uploads\/2021\/01\/image015.jpg?resize=300%2C200&amp;ssl=1 300w\" sizes=\"auto, (max-width: 347px) 100vw, 347px\" \/><\/p>\n\n\n\n<div>informaci\u00f3 dels concerts m\u00e9s destacats d\u2019aquests pr\u00f2xims mesos a\u00a0<strong>l\u2019Auditori Municipal Enric Granados de Lleida.<\/strong><\/div>\n<div><br \/>Els socis i s\u00f2cies d&#8217;Orvepard us podeu beneficiar de\u00a0<strong><u>l\u2019entrada redu\u00efda<\/u><\/strong>\u00a0en els concerts que es detallen a continuaci\u00f3.<\/div>\n<div><br \/>Podeu comprar l&#8217;entrada a la taquilla de l\u2019Auditori amb una identificaci\u00f3 per comprovar que sou membres d&#8217;Orvepard.<\/div>\n<div>\u00a0<\/div>\n<div>Tamb\u00e9 es poden comprar les entrades online, aplicant-vos l&#8217;opci\u00f3 d&#8217;entrada redu\u00efda.<\/div>\n<div><hr \/><\/div>\n\n\n\n<p style=\"font-weight: 400;\"><strong>Dijous, 28 gener 2021, 20.00 h<\/strong><\/p>\n<p style=\"font-weight: 400;\"><strong>Els Vents de l&#8217;OJC<\/strong><\/p>\n<p style=\"font-weight: 400;\"><strong>M\u00fasics de l\u2019Orquestra Simf\u00f2nica Juli\u00e0 Carbonell de les Terres de Lleida<br \/><\/strong><strong>Xesco Grau i Fedra Borr\u00e0s (flautes), Encarna Monz\u00f3 i M\u00e0xim Solanes (obo\u00e8s), Mateu Farr\u00e9 i V\u00edctor Lleix\u00e0 (clarinets), Ramon Aragall i Laura Guastev\u00ed (fagots), Julio Gargallo i David Folch (trompes)<br \/><\/strong>La literatura per a formaci\u00f3 d\u2019instruments de vent sols, en concret per a la constitu\u00efda per un doble quintet de vent, \u00e9s for\u00e7a m\u00e9s desconeguda que l\u2019espec\u00edfica per a la de cordes soles. Amb aquest programa us presentem un rep\u00e0s d\u2019aquesta literatura a trav\u00e9s de tres obres molt significatives per a aquesta formaci\u00f3, secci\u00f3 vital d\u2019una orquestra simf\u00f2nica com la nostra, i a la qual volem donar un relleu especial amb aquest concert..\u00a0<br \/>Preu: 11 \u20ac \/ Redu\u00eft: 9 \u20ac<\/p>\n<hr \/>\n<p style=\"font-weight: 400;\"><strong>Diumenge 7 febrer 2021, 19.00 h<\/strong><\/p>\n<p style=\"font-weight: 400;\"><strong>Minkowski dirigeix la Pat\u00e8tica de Txaikovski<br \/>Orquestra Simf\u00f2nica del Gran Teatre del Liceu<br \/><\/strong><strong>Marc Minkowski, director<\/strong><\/p>\n<p style=\"font-weight: 400;\">Una gran orquestra dirigida per un excepcional director amb un inmillorable repertori<br \/>Marc\u00a0Minkowski, director convidat de la temporada simf\u00f2nica de l\u2019Orquestra Simf\u00f2nica del Liceu,\u00a0ha volgut presentar-se amb un programa integrat per dos gegants: la\u00a0\u201cJ\u00fapiter\u201d\u00a0i la\u00a0\u201cPat\u00e8tica\u201d.<br \/>Preu: 31 \u20ac \/ Redu\u00eft: 26 \u20ac<\/p>\n<hr \/>\n<p style=\"font-weight: 400;\"><strong>Diumenge, 28 gener 2021, 19.00 h<br \/><\/strong><strong>El Rock Simf\u00f2nic<br \/>Banda Municipal de Lleida<br \/>Amadeu Urrea, director<\/strong><\/p>\n<p style=\"font-weight: 400;\">La BML us proposa un recorregut musical des de l\u2019inici del rock amb temes de Chuck Berry a la Rapsodia del grup Queen, passant pel rock espacial de Pink Floyd, el rock dur d&#8217;AC\/DC i els grups m\u00e9s influents del g\u00e8nere com van ser Deep Purple i Genesis. Ens endinsarem en el c\u00e8ltic metal de M\u00e4go de Oz i els populars Coldplay, sempre amb el <em>leitmotiv\u00a0<\/em>de la sonoritat orquestral impulsada per The Beatles.<\/p>\n<p style=\"font-weight: 400;\">Preu: 10 \u20ac \/ Redu\u00eft: 6 \u20ac<\/p>\n<hr \/>\n<p style=\"font-weight: 400;\"><strong>Diumenge, 21 febrer 2021, 19.00<br \/><\/strong><strong>L\u2019OJC amb Vera Mart\u00ednez Mehner<br \/>L\u2019OJC interpreta la Serenata de Txaikovski amb Vera Mart\u00ednez Mehner<br \/>Vera Mart\u00ednez Mehner, concertino-director<br \/><\/strong>La m\u00e0gia del romanticisme ens acompanyar\u00e0 en aquesta vetllada musical. De la m\u00e0 de la gran violinista Vera Mart\u00ednez Mehner, membre del Quartet Casals, podrem gaudir de dues de les obres m\u00e9s emblem\u00e0tiques de la literatura per a instruments de corda del per\u00edode rom\u00e0ntic. Escoltarem, en un mateix concert, la Serenata de Txaikovski i la Serenata d\u2019Elgar, dues obres apassionades i carregades de sentiments molt addients per a uns moments en que necessitem, m\u00e9s que mai, sentir la passi\u00f3 i la intensitat humana.<br \/>Preu: 13 \u20ac \/ Redu\u00eft: 11 \u20ac<\/p>\n<hr \/>\n<p style=\"font-weight: 400; text-align: center;\"><strong><span style=\"color: #000080;\">AVAN\u00c7 CONCERTS MES DE MAR\u00c7!<\/span><\/strong><\/p>\n<p style=\"font-weight: 400;\"><strong>Dissabte, 6 mar\u00e7 2021, 18.30 h<br \/>Descobreix \u2018The Beatles\u2019 amb la Xics\u2019n\u2019Roll Band<br \/>Xics\u2019n\u2019Roll Band<br \/>Preu: Anticipada: 6 \u20ac \/ Preu: 8 \u20ac<br \/>Edat recomanada: a partir de 3 anys<br \/><\/strong>La Casa de la M\u00fasica de Lleida continua amb el \u2018Xics\u2019n\u2019Roll\u2019, un programa de concerts de grups tribut que adapten les seves presentacions al format familiar, i que permeten con\u00e8ixer als m\u00e9s petits de la casa les formacions m\u00e9s importants de la hist\u00f2ria del rock.<br \/>Amb el seu format innovador, petits i grans tindran l\u2019oportunitat de con\u00e8ixer i redescobrir \u2018The Beatles\u2019, la m\u00edtica banda de Liverpool, on es podran escoltar \u2018Yellow Submarine\u2019, \u2018Here Comes The Sun\u2019, \u2018Come Together\u2019, \u2018Hey Jude\u2019 i molts altres temes.<br \/>Aquesta \u00e9s una aposta innovadora que s\u2019ha revelat alhora com a molt atractiva per la fusi\u00f3 d\u2019interessos entre pares i fills. Els concerts compten amb la pres\u00e8ncia d\u2019una persona que presenta el show al mateix temps que explica la hist\u00f2ria de cadascun dels artistes i bandes.<\/p>\n<p style=\"font-weight: 400;\"><strong>Edat recomanada: a partir de 3 anys<\/strong><\/p>\n<hr \/>\n<p style=\"font-weight: 400;\"><strong>Dissabte, 13 mar\u00e7 2021, 19.00 h<\/strong><\/p>\n<p style=\"font-weight: 400;\"><strong>Mirades en femen\u00ed<br \/>Jove Orquestra de Ponent<br \/>Antonio Lajara, director<br \/><\/strong>Preu: 10\u00a0\u20ac\u00a0\/ Redu\u00eft: 5\u00a0\u20ac<strong><br \/><\/strong><\/p>\n<hr \/>\n<p style=\"font-weight: 400;\"><strong>Diumenge, 14 mar\u00e7 2021, 19.00 h<br \/><\/strong><strong>La m\u00fasica de Disney<br \/>Banda Simf\u00f2nica Uni\u00f3 Musical de Lleida<br \/>Esteve Espinosa, director<br \/><\/strong>Preu: 11 \u20ac \/ Redu\u00eft: 6 \u20ac<strong><br \/><\/strong><\/p>\n<hr \/>\n<p><strong>Dissabte, 20 mar\u00e7 2021, 20.00 h<\/strong><br \/><strong>El Concierto de Aranjuez<br \/>Pablo Sainz Villegas &amp; OCM<\/strong><br \/><strong>Orquestra Simf\u00f2nica Camera Musicae<\/strong><br \/><strong><span style=\"font-size: inherit;\">Tomas Grau, director<br \/><\/span><\/strong>Preu: 30 \u20ac \/ Redu\u00eft: 25 \u20ac<\/p>\n<hr \/>\n<p style=\"font-weight: 400;\">COM PODEU COMPRAR LES VOSTRES ENTRADES I BENEFICIAR-VOS DEL PREU REDU\u00cfT:<\/p>\n<p><strong>VENDA D\u2019ENTRADES<br \/><u>&gt;TAQUILLA DE L\u2019AUDITORI<\/u><br \/><\/strong>Mat\u00ed: dimarts i dijous de 10h a 12h<br \/>Tarda: de dimarts a divendres de 17h a 20h<br \/><strong><u>&gt;Venda online:<br \/><\/u><\/strong><a href=\"http:\/\/www.auditorienricgranados.cat\/\" data-saferedirecturl=\"https:\/\/www.google.com\/url?q=http:\/\/www.auditorienricgranados.cat&amp;source=gmail&amp;ust=1611746657325000&amp;usg=AFQjCNHwpZts1NhN0DhkPh0J3txI6mSmaQ\">www.auditorienricgranados.cat<\/a><br \/><a href=\"http:\/\/www.latemporadalleida.cat\/\" data-saferedirecturl=\"https:\/\/www.google.com\/url?q=http:\/\/www.latemporadalleida.cat&amp;source=gmail&amp;ust=1611746657325000&amp;usg=AFQjCNFV3RKtzsz7xKzS_Pd5dzUI-XfFlw\">www.latemporadalleida.cat<\/a><\/p>\n","protected":false},"excerpt":{"rendered":"<p>informaci\u00f3 dels concerts m\u00e9s destacats d\u2019aquests pr\u00f2xims mesos a\u00a0l\u2019Auditori Municipal Enric Granados de Lleida. Els socis i s\u00f2cies d&#8217;Orvepard us podeu beneficiar de\u00a0l\u2019entrada redu\u00efda\u00a0en els concerts que es detallen a continuaci\u00f3. Podeu comprar l&#8217;entrada a la taquilla de l\u2019Auditori amb una identificaci\u00f3 per comprovar que sou membres d&#8217;Orvepard. \u00a0 Tamb\u00e9 es poden comprar les entrades [&hellip;]<\/p>\n","protected":false},"author":1,"featured_media":0,"comment_status":"open","ping_status":"open","sticky":false,"template":"","format":"standard","meta":{"jetpack_post_was_ever_published":false,"_jetpack_newsletter_access":"","_jetpack_dont_email_post_to_subs":false,"_jetpack_newsletter_tier_id":0,"_jetpack_memberships_contains_paywalled_content":false,"_jetpack_memberships_contains_paid_content":false,"footnotes":"","jetpack_publicize_message":"","jetpack_publicize_feature_enabled":true,"jetpack_social_post_already_shared":true,"jetpack_social_options":{"image_generator_settings":{"template":"highway","default_image_id":0,"font":"","enabled":false},"version":2}},"categories":[1],"tags":[],"class_list":["post-1607","post","type-post","status-publish","format-standard","hentry","category-general"],"yoast_head":"<!-- This site is optimized with the Yoast SEO plugin v27.3 - https:\/\/yoast.com\/product\/yoast-seo-wordpress\/ -->\n<title>AUDITORI - informaci\u00f3 dels concerts m\u00e9s destacats d&#039;aquests pr\u00f2xims mesos - Orvepard<\/title>\n<meta name=\"robots\" content=\"index, follow, max-snippet:-1, max-image-preview:large, max-video-preview:-1\" \/>\n<link rel=\"canonical\" href=\"https:\/\/orvepard.org\/veinspardinyes\/auditori-informacio-dels-concerts-mes-destacats-daquests-proxims-mesos\/\" \/>\n<meta property=\"og:locale\" content=\"ca_ES\" \/>\n<meta property=\"og:type\" content=\"article\" \/>\n<meta property=\"og:title\" content=\"AUDITORI - informaci\u00f3 dels concerts m\u00e9s destacats d&#039;aquests pr\u00f2xims mesos - Orvepard\" \/>\n<meta property=\"og:description\" content=\"informaci\u00f3 dels concerts m\u00e9s destacats d\u2019aquests pr\u00f2xims mesos a\u00a0l\u2019Auditori Municipal Enric Granados de Lleida. Els socis i s\u00f2cies d&#8217;Orvepard us podeu beneficiar de\u00a0l\u2019entrada redu\u00efda\u00a0en els concerts que es detallen a continuaci\u00f3. Podeu comprar l&#8217;entrada a la taquilla de l\u2019Auditori amb una identificaci\u00f3 per comprovar que sou membres d&#8217;Orvepard. \u00a0 Tamb\u00e9 es poden comprar les entrades [&hellip;]\" \/>\n<meta property=\"og:url\" content=\"https:\/\/orvepard.org\/veinspardinyes\/auditori-informacio-dels-concerts-mes-destacats-daquests-proxims-mesos\/\" \/>\n<meta property=\"og:site_name\" content=\"Orvepard\" \/>\n<meta property=\"article:publisher\" content=\"https:\/\/es-es.facebook.com\/groups\/orvepard\/\" \/>\n<meta property=\"article:published_time\" content=\"2021-01-26T11:40:57+00:00\" \/>\n<meta property=\"article:modified_time\" content=\"2021-01-26T11:42:55+00:00\" \/>\n<meta property=\"og:image\" content=\"https:\/\/orvepard.org\/veinspardinyes\/wp-content\/uploads\/2021\/01\/image015.jpg\" \/>\n<meta name=\"author\" content=\"administrador\" \/>\n<meta name=\"twitter:card\" content=\"summary_large_image\" \/>\n<meta name=\"twitter:creator\" content=\"@veinspardinyes\" \/>\n<meta name=\"twitter:site\" content=\"@veinspardinyes\" \/>\n<meta name=\"twitter:label1\" content=\"Escrit per\" \/>\n\t<meta name=\"twitter:data1\" content=\"administrador\" \/>\n\t<meta name=\"twitter:label2\" content=\"Temps estimat de lectura\" \/>\n\t<meta name=\"twitter:data2\" content=\"4 minuts\" \/>\n<script type=\"application\/ld+json\" class=\"yoast-schema-graph\">{\"@context\":\"https:\\\/\\\/schema.org\",\"@graph\":[{\"@type\":\"Article\",\"@id\":\"https:\\\/\\\/orvepard.org\\\/veinspardinyes\\\/auditori-informacio-dels-concerts-mes-destacats-daquests-proxims-mesos\\\/#article\",\"isPartOf\":{\"@id\":\"https:\\\/\\\/orvepard.org\\\/veinspardinyes\\\/auditori-informacio-dels-concerts-mes-destacats-daquests-proxims-mesos\\\/\"},\"author\":{\"name\":\"administrador\",\"@id\":\"https:\\\/\\\/orvepard.org\\\/veinspardinyes\\\/#\\\/schema\\\/person\\\/3618644b46fc6e65b607a0eec1291369\"},\"headline\":\"AUDITORI &#8211; informaci\u00f3 dels concerts m\u00e9s destacats d&#8217;aquests pr\u00f2xims mesos\",\"datePublished\":\"2021-01-26T11:40:57+00:00\",\"dateModified\":\"2021-01-26T11:42:55+00:00\",\"mainEntityOfPage\":{\"@id\":\"https:\\\/\\\/orvepard.org\\\/veinspardinyes\\\/auditori-informacio-dels-concerts-mes-destacats-daquests-proxims-mesos\\\/\"},\"wordCount\":792,\"commentCount\":0,\"publisher\":{\"@id\":\"https:\\\/\\\/orvepard.org\\\/veinspardinyes\\\/#organization\"},\"image\":{\"@id\":\"https:\\\/\\\/orvepard.org\\\/veinspardinyes\\\/auditori-informacio-dels-concerts-mes-destacats-daquests-proxims-mesos\\\/#primaryimage\"},\"thumbnailUrl\":\"https:\\\/\\\/orvepard.org\\\/veinspardinyes\\\/wp-content\\\/uploads\\\/2021\\\/01\\\/image015.jpg\",\"articleSection\":[\"General\"],\"inLanguage\":\"ca\",\"potentialAction\":[{\"@type\":\"CommentAction\",\"name\":\"Comment\",\"target\":[\"https:\\\/\\\/orvepard.org\\\/veinspardinyes\\\/auditori-informacio-dels-concerts-mes-destacats-daquests-proxims-mesos\\\/#respond\"]}]},{\"@type\":\"WebPage\",\"@id\":\"https:\\\/\\\/orvepard.org\\\/veinspardinyes\\\/auditori-informacio-dels-concerts-mes-destacats-daquests-proxims-mesos\\\/\",\"url\":\"https:\\\/\\\/orvepard.org\\\/veinspardinyes\\\/auditori-informacio-dels-concerts-mes-destacats-daquests-proxims-mesos\\\/\",\"name\":\"AUDITORI - informaci\u00f3 dels concerts m\u00e9s destacats d'aquests pr\u00f2xims mesos - Orvepard\",\"isPartOf\":{\"@id\":\"https:\\\/\\\/orvepard.org\\\/veinspardinyes\\\/#website\"},\"primaryImageOfPage\":{\"@id\":\"https:\\\/\\\/orvepard.org\\\/veinspardinyes\\\/auditori-informacio-dels-concerts-mes-destacats-daquests-proxims-mesos\\\/#primaryimage\"},\"image\":{\"@id\":\"https:\\\/\\\/orvepard.org\\\/veinspardinyes\\\/auditori-informacio-dels-concerts-mes-destacats-daquests-proxims-mesos\\\/#primaryimage\"},\"thumbnailUrl\":\"https:\\\/\\\/orvepard.org\\\/veinspardinyes\\\/wp-content\\\/uploads\\\/2021\\\/01\\\/image015.jpg\",\"datePublished\":\"2021-01-26T11:40:57+00:00\",\"dateModified\":\"2021-01-26T11:42:55+00:00\",\"breadcrumb\":{\"@id\":\"https:\\\/\\\/orvepard.org\\\/veinspardinyes\\\/auditori-informacio-dels-concerts-mes-destacats-daquests-proxims-mesos\\\/#breadcrumb\"},\"inLanguage\":\"ca\",\"potentialAction\":[{\"@type\":\"ReadAction\",\"target\":[\"https:\\\/\\\/orvepard.org\\\/veinspardinyes\\\/auditori-informacio-dels-concerts-mes-destacats-daquests-proxims-mesos\\\/\"]}]},{\"@type\":\"ImageObject\",\"inLanguage\":\"ca\",\"@id\":\"https:\\\/\\\/orvepard.org\\\/veinspardinyes\\\/auditori-informacio-dels-concerts-mes-destacats-daquests-proxims-mesos\\\/#primaryimage\",\"url\":\"https:\\\/\\\/i0.wp.com\\\/orvepard.org\\\/veinspardinyes\\\/wp-content\\\/uploads\\\/2021\\\/01\\\/image015.jpg?fit=480%2C320&ssl=1\",\"contentUrl\":\"https:\\\/\\\/i0.wp.com\\\/orvepard.org\\\/veinspardinyes\\\/wp-content\\\/uploads\\\/2021\\\/01\\\/image015.jpg?fit=480%2C320&ssl=1\",\"width\":480,\"height\":320},{\"@type\":\"BreadcrumbList\",\"@id\":\"https:\\\/\\\/orvepard.org\\\/veinspardinyes\\\/auditori-informacio-dels-concerts-mes-destacats-daquests-proxims-mesos\\\/#breadcrumb\",\"itemListElement\":[{\"@type\":\"ListItem\",\"position\":1,\"name\":\"Inici\",\"item\":\"https:\\\/\\\/orvepard.org\\\/veinspardinyes\\\/\"},{\"@type\":\"ListItem\",\"position\":2,\"name\":\"AUDITORI &#8211; informaci\u00f3 dels concerts m\u00e9s destacats d&#8217;aquests pr\u00f2xims mesos\"}]},{\"@type\":\"WebSite\",\"@id\":\"https:\\\/\\\/orvepard.org\\\/veinspardinyes\\\/#website\",\"url\":\"https:\\\/\\\/orvepard.org\\\/veinspardinyes\\\/\",\"name\":\"Orvepard\",\"description\":\"Organitzaci\u00f3 de Ve\u00efns de Pardinyes\",\"publisher\":{\"@id\":\"https:\\\/\\\/orvepard.org\\\/veinspardinyes\\\/#organization\"},\"potentialAction\":[{\"@type\":\"SearchAction\",\"target\":{\"@type\":\"EntryPoint\",\"urlTemplate\":\"https:\\\/\\\/orvepard.org\\\/veinspardinyes\\\/?s={search_term_string}\"},\"query-input\":{\"@type\":\"PropertyValueSpecification\",\"valueRequired\":true,\"valueName\":\"search_term_string\"}}],\"inLanguage\":\"ca\"},{\"@type\":\"Organization\",\"@id\":\"https:\\\/\\\/orvepard.org\\\/veinspardinyes\\\/#organization\",\"name\":\"Orvepard, Organitzaci\u00f3 de Ve\u00efns de Pardinyes\",\"url\":\"https:\\\/\\\/orvepard.org\\\/veinspardinyes\\\/\",\"logo\":{\"@type\":\"ImageObject\",\"inLanguage\":\"ca\",\"@id\":\"https:\\\/\\\/orvepard.org\\\/veinspardinyes\\\/#\\\/schema\\\/logo\\\/image\\\/\",\"url\":\"https:\\\/\\\/i0.wp.com\\\/orvepard.org\\\/veinspardinyes\\\/wp-content\\\/uploads\\\/2017\\\/12\\\/cropped-cropped-cropped-logweborvepardnadal-e1513180524112.png?fit=150%2C113&ssl=1\",\"contentUrl\":\"https:\\\/\\\/i0.wp.com\\\/orvepard.org\\\/veinspardinyes\\\/wp-content\\\/uploads\\\/2017\\\/12\\\/cropped-cropped-cropped-logweborvepardnadal-e1513180524112.png?fit=150%2C113&ssl=1\",\"width\":150,\"height\":113,\"caption\":\"Orvepard, Organitzaci\u00f3 de Ve\u00efns de Pardinyes\"},\"image\":{\"@id\":\"https:\\\/\\\/orvepard.org\\\/veinspardinyes\\\/#\\\/schema\\\/logo\\\/image\\\/\"},\"sameAs\":[\"https:\\\/\\\/es-es.facebook.com\\\/groups\\\/orvepard\\\/\",\"https:\\\/\\\/x.com\\\/veinspardinyes\",\"https:\\\/\\\/www.instagram.com\\\/veinspardinyes\\\/\",\"https:\\\/\\\/app.ebando.es\\\/channel\\\/pardinyes\"]},{\"@type\":\"Person\",\"@id\":\"https:\\\/\\\/orvepard.org\\\/veinspardinyes\\\/#\\\/schema\\\/person\\\/3618644b46fc6e65b607a0eec1291369\",\"name\":\"administrador\",\"image\":{\"@type\":\"ImageObject\",\"inLanguage\":\"ca\",\"@id\":\"https:\\\/\\\/secure.gravatar.com\\\/avatar\\\/2fd7197822e0866420a0db7f19d28db516e5e67d14036b3ae96fe8b14685bd8f?s=96&d=mm&r=g\",\"url\":\"https:\\\/\\\/secure.gravatar.com\\\/avatar\\\/2fd7197822e0866420a0db7f19d28db516e5e67d14036b3ae96fe8b14685bd8f?s=96&d=mm&r=g\",\"contentUrl\":\"https:\\\/\\\/secure.gravatar.com\\\/avatar\\\/2fd7197822e0866420a0db7f19d28db516e5e67d14036b3ae96fe8b14685bd8f?s=96&d=mm&r=g\",\"caption\":\"administrador\"},\"url\":\"https:\\\/\\\/orvepard.org\\\/veinspardinyes\\\/author\\\/administrador\\\/\"}]}<\/script>\n<!-- \/ Yoast SEO plugin. -->","yoast_head_json":{"title":"AUDITORI - informaci\u00f3 dels concerts m\u00e9s destacats d'aquests pr\u00f2xims mesos - Orvepard","robots":{"index":"index","follow":"follow","max-snippet":"max-snippet:-1","max-image-preview":"max-image-preview:large","max-video-preview":"max-video-preview:-1"},"canonical":"https:\/\/orvepard.org\/veinspardinyes\/auditori-informacio-dels-concerts-mes-destacats-daquests-proxims-mesos\/","og_locale":"ca_ES","og_type":"article","og_title":"AUDITORI - informaci\u00f3 dels concerts m\u00e9s destacats d'aquests pr\u00f2xims mesos - Orvepard","og_description":"informaci\u00f3 dels concerts m\u00e9s destacats d\u2019aquests pr\u00f2xims mesos a\u00a0l\u2019Auditori Municipal Enric Granados de Lleida. Els socis i s\u00f2cies d&#8217;Orvepard us podeu beneficiar de\u00a0l\u2019entrada redu\u00efda\u00a0en els concerts que es detallen a continuaci\u00f3. Podeu comprar l&#8217;entrada a la taquilla de l\u2019Auditori amb una identificaci\u00f3 per comprovar que sou membres d&#8217;Orvepard. \u00a0 Tamb\u00e9 es poden comprar les entrades [&hellip;]","og_url":"https:\/\/orvepard.org\/veinspardinyes\/auditori-informacio-dels-concerts-mes-destacats-daquests-proxims-mesos\/","og_site_name":"Orvepard","article_publisher":"https:\/\/es-es.facebook.com\/groups\/orvepard\/","article_published_time":"2021-01-26T11:40:57+00:00","article_modified_time":"2021-01-26T11:42:55+00:00","og_image":[{"url":"https:\/\/orvepard.org\/veinspardinyes\/wp-content\/uploads\/2021\/01\/image015.jpg","type":"","width":"","height":""}],"author":"administrador","twitter_card":"summary_large_image","twitter_creator":"@veinspardinyes","twitter_site":"@veinspardinyes","twitter_misc":{"Escrit per":"administrador","Temps estimat de lectura":"4 minuts"},"schema":{"@context":"https:\/\/schema.org","@graph":[{"@type":"Article","@id":"https:\/\/orvepard.org\/veinspardinyes\/auditori-informacio-dels-concerts-mes-destacats-daquests-proxims-mesos\/#article","isPartOf":{"@id":"https:\/\/orvepard.org\/veinspardinyes\/auditori-informacio-dels-concerts-mes-destacats-daquests-proxims-mesos\/"},"author":{"name":"administrador","@id":"https:\/\/orvepard.org\/veinspardinyes\/#\/schema\/person\/3618644b46fc6e65b607a0eec1291369"},"headline":"AUDITORI &#8211; informaci\u00f3 dels concerts m\u00e9s destacats d&#8217;aquests pr\u00f2xims mesos","datePublished":"2021-01-26T11:40:57+00:00","dateModified":"2021-01-26T11:42:55+00:00","mainEntityOfPage":{"@id":"https:\/\/orvepard.org\/veinspardinyes\/auditori-informacio-dels-concerts-mes-destacats-daquests-proxims-mesos\/"},"wordCount":792,"commentCount":0,"publisher":{"@id":"https:\/\/orvepard.org\/veinspardinyes\/#organization"},"image":{"@id":"https:\/\/orvepard.org\/veinspardinyes\/auditori-informacio-dels-concerts-mes-destacats-daquests-proxims-mesos\/#primaryimage"},"thumbnailUrl":"https:\/\/orvepard.org\/veinspardinyes\/wp-content\/uploads\/2021\/01\/image015.jpg","articleSection":["General"],"inLanguage":"ca","potentialAction":[{"@type":"CommentAction","name":"Comment","target":["https:\/\/orvepard.org\/veinspardinyes\/auditori-informacio-dels-concerts-mes-destacats-daquests-proxims-mesos\/#respond"]}]},{"@type":"WebPage","@id":"https:\/\/orvepard.org\/veinspardinyes\/auditori-informacio-dels-concerts-mes-destacats-daquests-proxims-mesos\/","url":"https:\/\/orvepard.org\/veinspardinyes\/auditori-informacio-dels-concerts-mes-destacats-daquests-proxims-mesos\/","name":"AUDITORI - informaci\u00f3 dels concerts m\u00e9s destacats d'aquests pr\u00f2xims mesos - Orvepard","isPartOf":{"@id":"https:\/\/orvepard.org\/veinspardinyes\/#website"},"primaryImageOfPage":{"@id":"https:\/\/orvepard.org\/veinspardinyes\/auditori-informacio-dels-concerts-mes-destacats-daquests-proxims-mesos\/#primaryimage"},"image":{"@id":"https:\/\/orvepard.org\/veinspardinyes\/auditori-informacio-dels-concerts-mes-destacats-daquests-proxims-mesos\/#primaryimage"},"thumbnailUrl":"https:\/\/orvepard.org\/veinspardinyes\/wp-content\/uploads\/2021\/01\/image015.jpg","datePublished":"2021-01-26T11:40:57+00:00","dateModified":"2021-01-26T11:42:55+00:00","breadcrumb":{"@id":"https:\/\/orvepard.org\/veinspardinyes\/auditori-informacio-dels-concerts-mes-destacats-daquests-proxims-mesos\/#breadcrumb"},"inLanguage":"ca","potentialAction":[{"@type":"ReadAction","target":["https:\/\/orvepard.org\/veinspardinyes\/auditori-informacio-dels-concerts-mes-destacats-daquests-proxims-mesos\/"]}]},{"@type":"ImageObject","inLanguage":"ca","@id":"https:\/\/orvepard.org\/veinspardinyes\/auditori-informacio-dels-concerts-mes-destacats-daquests-proxims-mesos\/#primaryimage","url":"https:\/\/i0.wp.com\/orvepard.org\/veinspardinyes\/wp-content\/uploads\/2021\/01\/image015.jpg?fit=480%2C320&ssl=1","contentUrl":"https:\/\/i0.wp.com\/orvepard.org\/veinspardinyes\/wp-content\/uploads\/2021\/01\/image015.jpg?fit=480%2C320&ssl=1","width":480,"height":320},{"@type":"BreadcrumbList","@id":"https:\/\/orvepard.org\/veinspardinyes\/auditori-informacio-dels-concerts-mes-destacats-daquests-proxims-mesos\/#breadcrumb","itemListElement":[{"@type":"ListItem","position":1,"name":"Inici","item":"https:\/\/orvepard.org\/veinspardinyes\/"},{"@type":"ListItem","position":2,"name":"AUDITORI &#8211; informaci\u00f3 dels concerts m\u00e9s destacats d&#8217;aquests pr\u00f2xims mesos"}]},{"@type":"WebSite","@id":"https:\/\/orvepard.org\/veinspardinyes\/#website","url":"https:\/\/orvepard.org\/veinspardinyes\/","name":"Orvepard","description":"Organitzaci\u00f3 de Ve\u00efns de Pardinyes","publisher":{"@id":"https:\/\/orvepard.org\/veinspardinyes\/#organization"},"potentialAction":[{"@type":"SearchAction","target":{"@type":"EntryPoint","urlTemplate":"https:\/\/orvepard.org\/veinspardinyes\/?s={search_term_string}"},"query-input":{"@type":"PropertyValueSpecification","valueRequired":true,"valueName":"search_term_string"}}],"inLanguage":"ca"},{"@type":"Organization","@id":"https:\/\/orvepard.org\/veinspardinyes\/#organization","name":"Orvepard, Organitzaci\u00f3 de Ve\u00efns de Pardinyes","url":"https:\/\/orvepard.org\/veinspardinyes\/","logo":{"@type":"ImageObject","inLanguage":"ca","@id":"https:\/\/orvepard.org\/veinspardinyes\/#\/schema\/logo\/image\/","url":"https:\/\/i0.wp.com\/orvepard.org\/veinspardinyes\/wp-content\/uploads\/2017\/12\/cropped-cropped-cropped-logweborvepardnadal-e1513180524112.png?fit=150%2C113&ssl=1","contentUrl":"https:\/\/i0.wp.com\/orvepard.org\/veinspardinyes\/wp-content\/uploads\/2017\/12\/cropped-cropped-cropped-logweborvepardnadal-e1513180524112.png?fit=150%2C113&ssl=1","width":150,"height":113,"caption":"Orvepard, Organitzaci\u00f3 de Ve\u00efns de Pardinyes"},"image":{"@id":"https:\/\/orvepard.org\/veinspardinyes\/#\/schema\/logo\/image\/"},"sameAs":["https:\/\/es-es.facebook.com\/groups\/orvepard\/","https:\/\/x.com\/veinspardinyes","https:\/\/www.instagram.com\/veinspardinyes\/","https:\/\/app.ebando.es\/channel\/pardinyes"]},{"@type":"Person","@id":"https:\/\/orvepard.org\/veinspardinyes\/#\/schema\/person\/3618644b46fc6e65b607a0eec1291369","name":"administrador","image":{"@type":"ImageObject","inLanguage":"ca","@id":"https:\/\/secure.gravatar.com\/avatar\/2fd7197822e0866420a0db7f19d28db516e5e67d14036b3ae96fe8b14685bd8f?s=96&d=mm&r=g","url":"https:\/\/secure.gravatar.com\/avatar\/2fd7197822e0866420a0db7f19d28db516e5e67d14036b3ae96fe8b14685bd8f?s=96&d=mm&r=g","contentUrl":"https:\/\/secure.gravatar.com\/avatar\/2fd7197822e0866420a0db7f19d28db516e5e67d14036b3ae96fe8b14685bd8f?s=96&d=mm&r=g","caption":"administrador"},"url":"https:\/\/orvepard.org\/veinspardinyes\/author\/administrador\/"}]}},"jetpack_publicize_connections":[],"jetpack_featured_media_url":"","jetpack_sharing_enabled":true,"jetpack_shortlink":"https:\/\/wp.me\/p9tnJI-pV","jetpack_likes_enabled":true,"rttpg_featured_image_url":null,"rttpg_author":{"display_name":"administrador","author_link":"https:\/\/orvepard.org\/veinspardinyes\/author\/administrador\/"},"rttpg_comment":0,"rttpg_category":"<a href=\"https:\/\/orvepard.org\/veinspardinyes\/category\/general\/\" rel=\"category tag\">General<\/a>","rttpg_excerpt":"informaci\u00f3 dels concerts m\u00e9s destacats d\u2019aquests pr\u00f2xims mesos a\u00a0l\u2019Auditori Municipal Enric Granados de Lleida. Els socis i s\u00f2cies d&#8217;Orvepard us podeu beneficiar de\u00a0l\u2019entrada redu\u00efda\u00a0en els concerts que es detallen a continuaci\u00f3. Podeu comprar l&#8217;entrada a la taquilla de l\u2019Auditori amb una identificaci\u00f3 per comprovar que sou membres d&#8217;Orvepard. \u00a0 Tamb\u00e9 es poden comprar les entrades&hellip;","_links":{"self":[{"href":"https:\/\/orvepard.org\/veinspardinyes\/wp-json\/wp\/v2\/posts\/1607","targetHints":{"allow":["GET"]}}],"collection":[{"href":"https:\/\/orvepard.org\/veinspardinyes\/wp-json\/wp\/v2\/posts"}],"about":[{"href":"https:\/\/orvepard.org\/veinspardinyes\/wp-json\/wp\/v2\/types\/post"}],"author":[{"embeddable":true,"href":"https:\/\/orvepard.org\/veinspardinyes\/wp-json\/wp\/v2\/users\/1"}],"replies":[{"embeddable":true,"href":"https:\/\/orvepard.org\/veinspardinyes\/wp-json\/wp\/v2\/comments?post=1607"}],"version-history":[{"count":3,"href":"https:\/\/orvepard.org\/veinspardinyes\/wp-json\/wp\/v2\/posts\/1607\/revisions"}],"predecessor-version":[{"id":1611,"href":"https:\/\/orvepard.org\/veinspardinyes\/wp-json\/wp\/v2\/posts\/1607\/revisions\/1611"}],"wp:attachment":[{"href":"https:\/\/orvepard.org\/veinspardinyes\/wp-json\/wp\/v2\/media?parent=1607"}],"wp:term":[{"taxonomy":"category","embeddable":true,"href":"https:\/\/orvepard.org\/veinspardinyes\/wp-json\/wp\/v2\/categories?post=1607"},{"taxonomy":"post_tag","embeddable":true,"href":"https:\/\/orvepard.org\/veinspardinyes\/wp-json\/wp\/v2\/tags?post=1607"}],"curies":[{"name":"wp","href":"https:\/\/api.w.org\/{rel}","templated":true}]}}