{"id":1053,"date":"2019-07-09T09:26:02","date_gmt":"2019-07-09T07:26:02","guid":{"rendered":"https:\/\/orvepard.org\/veinspardinyes\/?p=1053"},"modified":"2019-07-09T09:43:42","modified_gmt":"2019-07-09T07:43:42","slug":"conveni-dorvepard-amb-ilerdent","status":"publish","type":"post","link":"https:\/\/orvepard.org\/veinspardinyes\/conveni-dorvepard-amb-ilerdent\/","title":{"rendered":"Conveni d&#8217;ORVEPARD AMB ILERDENT"},"content":{"rendered":"\n<figure class=\"wp-block-image\"><img data-recalc-dims=\"1\" loading=\"lazy\" decoding=\"async\" width=\"640\" height=\"479\" data-attachment-id=\"1055\" data-permalink=\"https:\/\/orvepard.org\/veinspardinyes\/conveni-dorvepard-amb-ilerdent\/ilerdent\/\" data-orig-file=\"https:\/\/i0.wp.com\/orvepard.org\/veinspardinyes\/wp-content\/uploads\/2019\/07\/ilerdent.png?fit=640%2C479&amp;ssl=1\" data-orig-size=\"640,479\" data-comments-opened=\"1\" data-image-meta=\"{&quot;aperture&quot;:&quot;0&quot;,&quot;credit&quot;:&quot;&quot;,&quot;camera&quot;:&quot;&quot;,&quot;caption&quot;:&quot;&quot;,&quot;created_timestamp&quot;:&quot;0&quot;,&quot;copyright&quot;:&quot;&quot;,&quot;focal_length&quot;:&quot;0&quot;,&quot;iso&quot;:&quot;0&quot;,&quot;shutter_speed&quot;:&quot;0&quot;,&quot;title&quot;:&quot;&quot;,&quot;orientation&quot;:&quot;0&quot;}\" data-image-title=\"ilerdent\" data-image-description=\"\" data-image-caption=\"\" data-large-file=\"https:\/\/i0.wp.com\/orvepard.org\/veinspardinyes\/wp-content\/uploads\/2019\/07\/ilerdent.png?fit=640%2C479&amp;ssl=1\" src=\"https:\/\/i0.wp.com\/orvepard.org\/veinspardinyes\/wp-content\/uploads\/2019\/07\/ilerdent.png?resize=640%2C479&#038;ssl=1\" alt=\"\" class=\"wp-image-1055\" srcset=\"https:\/\/i0.wp.com\/orvepard.org\/veinspardinyes\/wp-content\/uploads\/2019\/07\/ilerdent.png?w=640&amp;ssl=1 640w, https:\/\/i0.wp.com\/orvepard.org\/veinspardinyes\/wp-content\/uploads\/2019\/07\/ilerdent.png?resize=300%2C225&amp;ssl=1 300w\" sizes=\"auto, (max-width: 640px) 100vw, 640px\" \/><\/figure>\n\n\n\n<p><strong> La cl\u00ednica lleidatana i l\u2019entitat ve\u00efnal de Pardinyes subscriuen  un conveni per promoure la salut dental entre els seus socis i socies.  <\/strong><\/p>\n\n\n\n<p><strong><br \/><a href=\"https:\/\/i0.wp.com\/orvepard.org\/veinspardinyes\/wp-content\/uploads\/2019\/07\/2019-07-09_092921.jpg?ssl=1\"><img data-recalc-dims=\"1\" loading=\"lazy\" decoding=\"async\" data-attachment-id=\"1057\" data-permalink=\"https:\/\/orvepard.org\/veinspardinyes\/conveni-dorvepard-amb-ilerdent\/2019-07-09_092921\/\" data-orig-file=\"https:\/\/i0.wp.com\/orvepard.org\/veinspardinyes\/wp-content\/uploads\/2019\/07\/2019-07-09_092921.jpg?fit=438%2C866&amp;ssl=1\" data-orig-size=\"438,866\" data-comments-opened=\"1\" data-image-meta=\"{&quot;aperture&quot;:&quot;0&quot;,&quot;credit&quot;:&quot;&quot;,&quot;camera&quot;:&quot;&quot;,&quot;caption&quot;:&quot;&quot;,&quot;created_timestamp&quot;:&quot;0&quot;,&quot;copyright&quot;:&quot;&quot;,&quot;focal_length&quot;:&quot;0&quot;,&quot;iso&quot;:&quot;0&quot;,&quot;shutter_speed&quot;:&quot;0&quot;,&quot;title&quot;:&quot;&quot;,&quot;orientation&quot;:&quot;0&quot;}\" data-image-title=\"2019-07-09_092921\" data-image-description=\"\" data-image-caption=\"\" data-large-file=\"https:\/\/i0.wp.com\/orvepard.org\/veinspardinyes\/wp-content\/uploads\/2019\/07\/2019-07-09_092921.jpg?fit=405%2C800&amp;ssl=1\" class=\"alignright  wp-image-1057\" src=\"https:\/\/i0.wp.com\/orvepard.org\/veinspardinyes\/wp-content\/uploads\/2019\/07\/2019-07-09_092921.jpg?resize=274%2C542&#038;ssl=1\" alt=\"\" width=\"274\" height=\"542\" srcset=\"https:\/\/i0.wp.com\/orvepard.org\/veinspardinyes\/wp-content\/uploads\/2019\/07\/2019-07-09_092921.jpg?w=438&amp;ssl=1 438w, https:\/\/i0.wp.com\/orvepard.org\/veinspardinyes\/wp-content\/uploads\/2019\/07\/2019-07-09_092921.jpg?resize=152%2C300&amp;ssl=1 152w, https:\/\/i0.wp.com\/orvepard.org\/veinspardinyes\/wp-content\/uploads\/2019\/07\/2019-07-09_092921.jpg?resize=405%2C800&amp;ssl=1 405w\" sizes=\"auto, (max-width: 274px) 100vw, 274px\" \/><\/a><\/strong><\/p>\n<p>A partir d&#8217;aquest mes de juny, els socis i s\u00f2cies d\u2019ORVEPARD es beneficiaran d&#8217;un acurat pla de salut dental, gr\u00e0cies al conveni signat entre l&#8217;entitat i l&#8217;Institut Dental Ilerdent de Lleida.<\/p>\n<figure id=\"attachment_1060\" aria-describedby=\"caption-attachment-1060\" style=\"width: 108px\" class=\"wp-caption alignleft\"><a href=\"https:\/\/orvepard.org\/veinspardinyes\/wp-content\/uploads\/2019\/07\/190626-ILERDENT-Orvepard-conveni-1.pdf\"><img data-recalc-dims=\"1\" loading=\"lazy\" decoding=\"async\" data-attachment-id=\"1060\" data-permalink=\"https:\/\/orvepard.org\/veinspardinyes\/conveni-dorvepard-amb-ilerdent\/2019-07-09_093529\/\" data-orig-file=\"https:\/\/i0.wp.com\/orvepard.org\/veinspardinyes\/wp-content\/uploads\/2019\/07\/2019-07-09_093529.jpg?fit=115%2C160&amp;ssl=1\" data-orig-size=\"115,160\" data-comments-opened=\"1\" data-image-meta=\"{&quot;aperture&quot;:&quot;0&quot;,&quot;credit&quot;:&quot;&quot;,&quot;camera&quot;:&quot;&quot;,&quot;caption&quot;:&quot;&quot;,&quot;created_timestamp&quot;:&quot;0&quot;,&quot;copyright&quot;:&quot;&quot;,&quot;focal_length&quot;:&quot;0&quot;,&quot;iso&quot;:&quot;0&quot;,&quot;shutter_speed&quot;:&quot;0&quot;,&quot;title&quot;:&quot;&quot;,&quot;orientation&quot;:&quot;0&quot;}\" data-image-title=\"2019-07-09_093529\" data-image-description=\"\" data-image-caption=\"\" data-large-file=\"https:\/\/i0.wp.com\/orvepard.org\/veinspardinyes\/wp-content\/uploads\/2019\/07\/2019-07-09_093529.jpg?fit=115%2C160&amp;ssl=1\" class=\"wp-image-1060\" src=\"https:\/\/i0.wp.com\/orvepard.org\/veinspardinyes\/wp-content\/uploads\/2019\/07\/2019-07-09_093529.jpg?resize=108%2C152&#038;ssl=1\" alt=\"\" width=\"108\" height=\"152\" \/><\/a><figcaption id=\"caption-attachment-1060\" class=\"wp-caption-text\">PODEU IMPRIMIR I PRESENTAR EL TAL\u00d3 I NOTIFICAR QUE SOU SOCI\/A D\u2019ORVEPARD QUAN CONCERTEU LA VISITA<\/figcaption><\/figure>\n<p>En el marc d&#8217;aquest acord, Ilerdent bonificar\u00e0 els serveis i tractaments dentals de les fam\u00edlies que formen part de l\u2019organitzaci\u00f3 ve\u00efnal, a m\u00e9s de donar-los acc\u00e9s a promocions exclusives i finan\u00e7ament a mida en implants, ortod\u00f2ncies, est\u00e8tica dental\u2026 o qualsevol altre tractament de les \u00e0rees de la cl\u00ednica com la Unitat del Son. Cal recordar que, el Club AIKIDO Pardinyes ja \u00e9s beneficiari dels convenis de salut odontoesportiva d\u2019ILERPROTECT\u00ae, el protector bucal esportiu d\u2019alt rendiment que fabrica a mida i en exclusiva Ilerdent.<\/p>\n<p><strong>\u00a0<\/strong>La iniciativa forma part del Pla de Salut Dental per a Col\u00b7lectius que Ilerdent finan\u00e7a \u00edntegrament, sense cap cost per a l\u2019entitat.<br \/><br \/>L\u2019acord va estar signat per Rafael Fern\u00e1ndez (president) i Joan Torn\u00e9 (president de la Comissi\u00f3 d&#8217;Esports) d&#8217;Orvepard (Organitzaci\u00f3 Ve\u00efnal de Pardinyes); i per Miquel Gensana, gerent d&#8217;Ilerdent.<\/p>\n\n\n\n<p><\/p>\n","protected":false},"excerpt":{"rendered":"<p>La cl\u00ednica lleidatana i l\u2019entitat ve\u00efnal de Pardinyes subscriuen un conveni per promoure la salut dental entre els seus socis i socies. A partir d&#8217;aquest mes de juny, els socis i s\u00f2cies d\u2019ORVEPARD es beneficiaran d&#8217;un acurat pla de salut dental, gr\u00e0cies al conveni signat entre l&#8217;entitat i l&#8217;Institut Dental Ilerdent de Lleida. En el [&hellip;]<\/p>\n","protected":false},"author":1,"featured_media":0,"comment_status":"open","ping_status":"open","sticky":false,"template":"","format":"standard","meta":{"jetpack_post_was_ever_published":false,"_jetpack_newsletter_access":"","_jetpack_dont_email_post_to_subs":false,"_jetpack_newsletter_tier_id":0,"_jetpack_memberships_contains_paywalled_content":false,"_jetpack_memberships_contains_paid_content":false,"footnotes":"","jetpack_publicize_message":"","jetpack_publicize_feature_enabled":true,"jetpack_social_post_already_shared":true,"jetpack_social_options":{"image_generator_settings":{"template":"highway","default_image_id":0,"font":"","enabled":false},"version":2}},"categories":[1],"tags":[],"class_list":["post-1053","post","type-post","status-publish","format-standard","hentry","category-general"],"yoast_head":"<!-- This site is optimized with the Yoast SEO plugin v27.3 - https:\/\/yoast.com\/product\/yoast-seo-wordpress\/ -->\n<title>Conveni d&#039;ORVEPARD AMB ILERDENT - Orvepard<\/title>\n<meta name=\"robots\" content=\"index, follow, max-snippet:-1, max-image-preview:large, max-video-preview:-1\" \/>\n<link rel=\"canonical\" href=\"https:\/\/orvepard.org\/veinspardinyes\/conveni-dorvepard-amb-ilerdent\/\" \/>\n<meta property=\"og:locale\" content=\"ca_ES\" \/>\n<meta property=\"og:type\" content=\"article\" \/>\n<meta property=\"og:title\" content=\"Conveni d&#039;ORVEPARD AMB ILERDENT - Orvepard\" \/>\n<meta property=\"og:description\" content=\"La cl\u00ednica lleidatana i l\u2019entitat ve\u00efnal de Pardinyes subscriuen un conveni per promoure la salut dental entre els seus socis i socies. A partir d&#8217;aquest mes de juny, els socis i s\u00f2cies d\u2019ORVEPARD es beneficiaran d&#8217;un acurat pla de salut dental, gr\u00e0cies al conveni signat entre l&#8217;entitat i l&#8217;Institut Dental Ilerdent de Lleida. En el [&hellip;]\" \/>\n<meta property=\"og:url\" content=\"https:\/\/orvepard.org\/veinspardinyes\/conveni-dorvepard-amb-ilerdent\/\" \/>\n<meta property=\"og:site_name\" content=\"Orvepard\" \/>\n<meta property=\"article:publisher\" content=\"https:\/\/es-es.facebook.com\/groups\/orvepard\/\" \/>\n<meta property=\"article:published_time\" content=\"2019-07-09T07:26:02+00:00\" \/>\n<meta property=\"article:modified_time\" content=\"2019-07-09T07:43:42+00:00\" \/>\n<meta property=\"og:image\" content=\"https:\/\/orvepard.org\/veinspardinyes\/wp-content\/uploads\/2019\/07\/ilerdent.png\" \/>\n<meta name=\"author\" content=\"administrador\" \/>\n<meta name=\"twitter:card\" content=\"summary_large_image\" \/>\n<meta name=\"twitter:creator\" content=\"@veinspardinyes\" \/>\n<meta name=\"twitter:site\" content=\"@veinspardinyes\" \/>\n<meta name=\"twitter:label1\" content=\"Escrit per\" \/>\n\t<meta name=\"twitter:data1\" content=\"administrador\" \/>\n\t<meta name=\"twitter:label2\" content=\"Temps estimat de lectura\" \/>\n\t<meta name=\"twitter:data2\" content=\"1 minut\" \/>\n<script type=\"application\/ld+json\" class=\"yoast-schema-graph\">{\"@context\":\"https:\\\/\\\/schema.org\",\"@graph\":[{\"@type\":\"Article\",\"@id\":\"https:\\\/\\\/orvepard.org\\\/veinspardinyes\\\/conveni-dorvepard-amb-ilerdent\\\/#article\",\"isPartOf\":{\"@id\":\"https:\\\/\\\/orvepard.org\\\/veinspardinyes\\\/conveni-dorvepard-amb-ilerdent\\\/\"},\"author\":{\"name\":\"administrador\",\"@id\":\"https:\\\/\\\/orvepard.org\\\/veinspardinyes\\\/#\\\/schema\\\/person\\\/3618644b46fc6e65b607a0eec1291369\"},\"headline\":\"Conveni d&#8217;ORVEPARD AMB ILERDENT\",\"datePublished\":\"2019-07-09T07:26:02+00:00\",\"dateModified\":\"2019-07-09T07:43:42+00:00\",\"mainEntityOfPage\":{\"@id\":\"https:\\\/\\\/orvepard.org\\\/veinspardinyes\\\/conveni-dorvepard-amb-ilerdent\\\/\"},\"wordCount\":246,\"commentCount\":0,\"publisher\":{\"@id\":\"https:\\\/\\\/orvepard.org\\\/veinspardinyes\\\/#organization\"},\"image\":{\"@id\":\"https:\\\/\\\/orvepard.org\\\/veinspardinyes\\\/conveni-dorvepard-amb-ilerdent\\\/#primaryimage\"},\"thumbnailUrl\":\"https:\\\/\\\/orvepard.org\\\/veinspardinyes\\\/wp-content\\\/uploads\\\/2019\\\/07\\\/ilerdent.png\",\"articleSection\":[\"General\"],\"inLanguage\":\"ca\",\"potentialAction\":[{\"@type\":\"CommentAction\",\"name\":\"Comment\",\"target\":[\"https:\\\/\\\/orvepard.org\\\/veinspardinyes\\\/conveni-dorvepard-amb-ilerdent\\\/#respond\"]}]},{\"@type\":\"WebPage\",\"@id\":\"https:\\\/\\\/orvepard.org\\\/veinspardinyes\\\/conveni-dorvepard-amb-ilerdent\\\/\",\"url\":\"https:\\\/\\\/orvepard.org\\\/veinspardinyes\\\/conveni-dorvepard-amb-ilerdent\\\/\",\"name\":\"Conveni d'ORVEPARD AMB ILERDENT - Orvepard\",\"isPartOf\":{\"@id\":\"https:\\\/\\\/orvepard.org\\\/veinspardinyes\\\/#website\"},\"primaryImageOfPage\":{\"@id\":\"https:\\\/\\\/orvepard.org\\\/veinspardinyes\\\/conveni-dorvepard-amb-ilerdent\\\/#primaryimage\"},\"image\":{\"@id\":\"https:\\\/\\\/orvepard.org\\\/veinspardinyes\\\/conveni-dorvepard-amb-ilerdent\\\/#primaryimage\"},\"thumbnailUrl\":\"https:\\\/\\\/orvepard.org\\\/veinspardinyes\\\/wp-content\\\/uploads\\\/2019\\\/07\\\/ilerdent.png\",\"datePublished\":\"2019-07-09T07:26:02+00:00\",\"dateModified\":\"2019-07-09T07:43:42+00:00\",\"breadcrumb\":{\"@id\":\"https:\\\/\\\/orvepard.org\\\/veinspardinyes\\\/conveni-dorvepard-amb-ilerdent\\\/#breadcrumb\"},\"inLanguage\":\"ca\",\"potentialAction\":[{\"@type\":\"ReadAction\",\"target\":[\"https:\\\/\\\/orvepard.org\\\/veinspardinyes\\\/conveni-dorvepard-amb-ilerdent\\\/\"]}]},{\"@type\":\"ImageObject\",\"inLanguage\":\"ca\",\"@id\":\"https:\\\/\\\/orvepard.org\\\/veinspardinyes\\\/conveni-dorvepard-amb-ilerdent\\\/#primaryimage\",\"url\":\"https:\\\/\\\/i0.wp.com\\\/orvepard.org\\\/veinspardinyes\\\/wp-content\\\/uploads\\\/2019\\\/07\\\/ilerdent.png?fit=640%2C479&ssl=1\",\"contentUrl\":\"https:\\\/\\\/i0.wp.com\\\/orvepard.org\\\/veinspardinyes\\\/wp-content\\\/uploads\\\/2019\\\/07\\\/ilerdent.png?fit=640%2C479&ssl=1\",\"width\":640,\"height\":479},{\"@type\":\"BreadcrumbList\",\"@id\":\"https:\\\/\\\/orvepard.org\\\/veinspardinyes\\\/conveni-dorvepard-amb-ilerdent\\\/#breadcrumb\",\"itemListElement\":[{\"@type\":\"ListItem\",\"position\":1,\"name\":\"Inici\",\"item\":\"https:\\\/\\\/orvepard.org\\\/veinspardinyes\\\/\"},{\"@type\":\"ListItem\",\"position\":2,\"name\":\"Conveni d&#8217;ORVEPARD AMB ILERDENT\"}]},{\"@type\":\"WebSite\",\"@id\":\"https:\\\/\\\/orvepard.org\\\/veinspardinyes\\\/#website\",\"url\":\"https:\\\/\\\/orvepard.org\\\/veinspardinyes\\\/\",\"name\":\"Orvepard\",\"description\":\"Organitzaci\u00f3 de Ve\u00efns de Pardinyes\",\"publisher\":{\"@id\":\"https:\\\/\\\/orvepard.org\\\/veinspardinyes\\\/#organization\"},\"potentialAction\":[{\"@type\":\"SearchAction\",\"target\":{\"@type\":\"EntryPoint\",\"urlTemplate\":\"https:\\\/\\\/orvepard.org\\\/veinspardinyes\\\/?s={search_term_string}\"},\"query-input\":{\"@type\":\"PropertyValueSpecification\",\"valueRequired\":true,\"valueName\":\"search_term_string\"}}],\"inLanguage\":\"ca\"},{\"@type\":\"Organization\",\"@id\":\"https:\\\/\\\/orvepard.org\\\/veinspardinyes\\\/#organization\",\"name\":\"Orvepard, Organitzaci\u00f3 de Ve\u00efns de Pardinyes\",\"url\":\"https:\\\/\\\/orvepard.org\\\/veinspardinyes\\\/\",\"logo\":{\"@type\":\"ImageObject\",\"inLanguage\":\"ca\",\"@id\":\"https:\\\/\\\/orvepard.org\\\/veinspardinyes\\\/#\\\/schema\\\/logo\\\/image\\\/\",\"url\":\"https:\\\/\\\/i0.wp.com\\\/orvepard.org\\\/veinspardinyes\\\/wp-content\\\/uploads\\\/2017\\\/12\\\/cropped-cropped-cropped-logweborvepardnadal-e1513180524112.png?fit=150%2C113&ssl=1\",\"contentUrl\":\"https:\\\/\\\/i0.wp.com\\\/orvepard.org\\\/veinspardinyes\\\/wp-content\\\/uploads\\\/2017\\\/12\\\/cropped-cropped-cropped-logweborvepardnadal-e1513180524112.png?fit=150%2C113&ssl=1\",\"width\":150,\"height\":113,\"caption\":\"Orvepard, Organitzaci\u00f3 de Ve\u00efns de Pardinyes\"},\"image\":{\"@id\":\"https:\\\/\\\/orvepard.org\\\/veinspardinyes\\\/#\\\/schema\\\/logo\\\/image\\\/\"},\"sameAs\":[\"https:\\\/\\\/es-es.facebook.com\\\/groups\\\/orvepard\\\/\",\"https:\\\/\\\/x.com\\\/veinspardinyes\",\"https:\\\/\\\/www.instagram.com\\\/veinspardinyes\\\/\",\"https:\\\/\\\/app.ebando.es\\\/channel\\\/pardinyes\"]},{\"@type\":\"Person\",\"@id\":\"https:\\\/\\\/orvepard.org\\\/veinspardinyes\\\/#\\\/schema\\\/person\\\/3618644b46fc6e65b607a0eec1291369\",\"name\":\"administrador\",\"image\":{\"@type\":\"ImageObject\",\"inLanguage\":\"ca\",\"@id\":\"https:\\\/\\\/secure.gravatar.com\\\/avatar\\\/2fd7197822e0866420a0db7f19d28db516e5e67d14036b3ae96fe8b14685bd8f?s=96&d=mm&r=g\",\"url\":\"https:\\\/\\\/secure.gravatar.com\\\/avatar\\\/2fd7197822e0866420a0db7f19d28db516e5e67d14036b3ae96fe8b14685bd8f?s=96&d=mm&r=g\",\"contentUrl\":\"https:\\\/\\\/secure.gravatar.com\\\/avatar\\\/2fd7197822e0866420a0db7f19d28db516e5e67d14036b3ae96fe8b14685bd8f?s=96&d=mm&r=g\",\"caption\":\"administrador\"},\"url\":\"https:\\\/\\\/orvepard.org\\\/veinspardinyes\\\/author\\\/administrador\\\/\"}]}<\/script>\n<!-- \/ Yoast SEO plugin. -->","yoast_head_json":{"title":"Conveni d'ORVEPARD AMB ILERDENT - Orvepard","robots":{"index":"index","follow":"follow","max-snippet":"max-snippet:-1","max-image-preview":"max-image-preview:large","max-video-preview":"max-video-preview:-1"},"canonical":"https:\/\/orvepard.org\/veinspardinyes\/conveni-dorvepard-amb-ilerdent\/","og_locale":"ca_ES","og_type":"article","og_title":"Conveni d'ORVEPARD AMB ILERDENT - Orvepard","og_description":"La cl\u00ednica lleidatana i l\u2019entitat ve\u00efnal de Pardinyes subscriuen un conveni per promoure la salut dental entre els seus socis i socies. A partir d&#8217;aquest mes de juny, els socis i s\u00f2cies d\u2019ORVEPARD es beneficiaran d&#8217;un acurat pla de salut dental, gr\u00e0cies al conveni signat entre l&#8217;entitat i l&#8217;Institut Dental Ilerdent de Lleida. En el [&hellip;]","og_url":"https:\/\/orvepard.org\/veinspardinyes\/conveni-dorvepard-amb-ilerdent\/","og_site_name":"Orvepard","article_publisher":"https:\/\/es-es.facebook.com\/groups\/orvepard\/","article_published_time":"2019-07-09T07:26:02+00:00","article_modified_time":"2019-07-09T07:43:42+00:00","og_image":[{"url":"https:\/\/orvepard.org\/veinspardinyes\/wp-content\/uploads\/2019\/07\/ilerdent.png","type":"","width":"","height":""}],"author":"administrador","twitter_card":"summary_large_image","twitter_creator":"@veinspardinyes","twitter_site":"@veinspardinyes","twitter_misc":{"Escrit per":"administrador","Temps estimat de lectura":"1 minut"},"schema":{"@context":"https:\/\/schema.org","@graph":[{"@type":"Article","@id":"https:\/\/orvepard.org\/veinspardinyes\/conveni-dorvepard-amb-ilerdent\/#article","isPartOf":{"@id":"https:\/\/orvepard.org\/veinspardinyes\/conveni-dorvepard-amb-ilerdent\/"},"author":{"name":"administrador","@id":"https:\/\/orvepard.org\/veinspardinyes\/#\/schema\/person\/3618644b46fc6e65b607a0eec1291369"},"headline":"Conveni d&#8217;ORVEPARD AMB ILERDENT","datePublished":"2019-07-09T07:26:02+00:00","dateModified":"2019-07-09T07:43:42+00:00","mainEntityOfPage":{"@id":"https:\/\/orvepard.org\/veinspardinyes\/conveni-dorvepard-amb-ilerdent\/"},"wordCount":246,"commentCount":0,"publisher":{"@id":"https:\/\/orvepard.org\/veinspardinyes\/#organization"},"image":{"@id":"https:\/\/orvepard.org\/veinspardinyes\/conveni-dorvepard-amb-ilerdent\/#primaryimage"},"thumbnailUrl":"https:\/\/orvepard.org\/veinspardinyes\/wp-content\/uploads\/2019\/07\/ilerdent.png","articleSection":["General"],"inLanguage":"ca","potentialAction":[{"@type":"CommentAction","name":"Comment","target":["https:\/\/orvepard.org\/veinspardinyes\/conveni-dorvepard-amb-ilerdent\/#respond"]}]},{"@type":"WebPage","@id":"https:\/\/orvepard.org\/veinspardinyes\/conveni-dorvepard-amb-ilerdent\/","url":"https:\/\/orvepard.org\/veinspardinyes\/conveni-dorvepard-amb-ilerdent\/","name":"Conveni d'ORVEPARD AMB ILERDENT - Orvepard","isPartOf":{"@id":"https:\/\/orvepard.org\/veinspardinyes\/#website"},"primaryImageOfPage":{"@id":"https:\/\/orvepard.org\/veinspardinyes\/conveni-dorvepard-amb-ilerdent\/#primaryimage"},"image":{"@id":"https:\/\/orvepard.org\/veinspardinyes\/conveni-dorvepard-amb-ilerdent\/#primaryimage"},"thumbnailUrl":"https:\/\/orvepard.org\/veinspardinyes\/wp-content\/uploads\/2019\/07\/ilerdent.png","datePublished":"2019-07-09T07:26:02+00:00","dateModified":"2019-07-09T07:43:42+00:00","breadcrumb":{"@id":"https:\/\/orvepard.org\/veinspardinyes\/conveni-dorvepard-amb-ilerdent\/#breadcrumb"},"inLanguage":"ca","potentialAction":[{"@type":"ReadAction","target":["https:\/\/orvepard.org\/veinspardinyes\/conveni-dorvepard-amb-ilerdent\/"]}]},{"@type":"ImageObject","inLanguage":"ca","@id":"https:\/\/orvepard.org\/veinspardinyes\/conveni-dorvepard-amb-ilerdent\/#primaryimage","url":"https:\/\/i0.wp.com\/orvepard.org\/veinspardinyes\/wp-content\/uploads\/2019\/07\/ilerdent.png?fit=640%2C479&ssl=1","contentUrl":"https:\/\/i0.wp.com\/orvepard.org\/veinspardinyes\/wp-content\/uploads\/2019\/07\/ilerdent.png?fit=640%2C479&ssl=1","width":640,"height":479},{"@type":"BreadcrumbList","@id":"https:\/\/orvepard.org\/veinspardinyes\/conveni-dorvepard-amb-ilerdent\/#breadcrumb","itemListElement":[{"@type":"ListItem","position":1,"name":"Inici","item":"https:\/\/orvepard.org\/veinspardinyes\/"},{"@type":"ListItem","position":2,"name":"Conveni d&#8217;ORVEPARD AMB ILERDENT"}]},{"@type":"WebSite","@id":"https:\/\/orvepard.org\/veinspardinyes\/#website","url":"https:\/\/orvepard.org\/veinspardinyes\/","name":"Orvepard","description":"Organitzaci\u00f3 de Ve\u00efns de Pardinyes","publisher":{"@id":"https:\/\/orvepard.org\/veinspardinyes\/#organization"},"potentialAction":[{"@type":"SearchAction","target":{"@type":"EntryPoint","urlTemplate":"https:\/\/orvepard.org\/veinspardinyes\/?s={search_term_string}"},"query-input":{"@type":"PropertyValueSpecification","valueRequired":true,"valueName":"search_term_string"}}],"inLanguage":"ca"},{"@type":"Organization","@id":"https:\/\/orvepard.org\/veinspardinyes\/#organization","name":"Orvepard, Organitzaci\u00f3 de Ve\u00efns de Pardinyes","url":"https:\/\/orvepard.org\/veinspardinyes\/","logo":{"@type":"ImageObject","inLanguage":"ca","@id":"https:\/\/orvepard.org\/veinspardinyes\/#\/schema\/logo\/image\/","url":"https:\/\/i0.wp.com\/orvepard.org\/veinspardinyes\/wp-content\/uploads\/2017\/12\/cropped-cropped-cropped-logweborvepardnadal-e1513180524112.png?fit=150%2C113&ssl=1","contentUrl":"https:\/\/i0.wp.com\/orvepard.org\/veinspardinyes\/wp-content\/uploads\/2017\/12\/cropped-cropped-cropped-logweborvepardnadal-e1513180524112.png?fit=150%2C113&ssl=1","width":150,"height":113,"caption":"Orvepard, Organitzaci\u00f3 de Ve\u00efns de Pardinyes"},"image":{"@id":"https:\/\/orvepard.org\/veinspardinyes\/#\/schema\/logo\/image\/"},"sameAs":["https:\/\/es-es.facebook.com\/groups\/orvepard\/","https:\/\/x.com\/veinspardinyes","https:\/\/www.instagram.com\/veinspardinyes\/","https:\/\/app.ebando.es\/channel\/pardinyes"]},{"@type":"Person","@id":"https:\/\/orvepard.org\/veinspardinyes\/#\/schema\/person\/3618644b46fc6e65b607a0eec1291369","name":"administrador","image":{"@type":"ImageObject","inLanguage":"ca","@id":"https:\/\/secure.gravatar.com\/avatar\/2fd7197822e0866420a0db7f19d28db516e5e67d14036b3ae96fe8b14685bd8f?s=96&d=mm&r=g","url":"https:\/\/secure.gravatar.com\/avatar\/2fd7197822e0866420a0db7f19d28db516e5e67d14036b3ae96fe8b14685bd8f?s=96&d=mm&r=g","contentUrl":"https:\/\/secure.gravatar.com\/avatar\/2fd7197822e0866420a0db7f19d28db516e5e67d14036b3ae96fe8b14685bd8f?s=96&d=mm&r=g","caption":"administrador"},"url":"https:\/\/orvepard.org\/veinspardinyes\/author\/administrador\/"}]}},"jetpack_publicize_connections":[],"jetpack_featured_media_url":"","jetpack_sharing_enabled":true,"jetpack_shortlink":"https:\/\/wp.me\/p9tnJI-gZ","jetpack_likes_enabled":true,"rttpg_featured_image_url":null,"rttpg_author":{"display_name":"administrador","author_link":"https:\/\/orvepard.org\/veinspardinyes\/author\/administrador\/"},"rttpg_comment":0,"rttpg_category":"<a href=\"https:\/\/orvepard.org\/veinspardinyes\/category\/general\/\" rel=\"category tag\">General<\/a>","rttpg_excerpt":"La cl\u00ednica lleidatana i l\u2019entitat ve\u00efnal de Pardinyes subscriuen un conveni per promoure la salut dental entre els seus socis i socies. A partir d&#8217;aquest mes de juny, els socis i s\u00f2cies d\u2019ORVEPARD es beneficiaran d&#8217;un acurat pla de salut dental, gr\u00e0cies al conveni signat entre l&#8217;entitat i l&#8217;Institut Dental Ilerdent de Lleida. En el&hellip;","_links":{"self":[{"href":"https:\/\/orvepard.org\/veinspardinyes\/wp-json\/wp\/v2\/posts\/1053","targetHints":{"allow":["GET"]}}],"collection":[{"href":"https:\/\/orvepard.org\/veinspardinyes\/wp-json\/wp\/v2\/posts"}],"about":[{"href":"https:\/\/orvepard.org\/veinspardinyes\/wp-json\/wp\/v2\/types\/post"}],"author":[{"embeddable":true,"href":"https:\/\/orvepard.org\/veinspardinyes\/wp-json\/wp\/v2\/users\/1"}],"replies":[{"embeddable":true,"href":"https:\/\/orvepard.org\/veinspardinyes\/wp-json\/wp\/v2\/comments?post=1053"}],"version-history":[{"count":4,"href":"https:\/\/orvepard.org\/veinspardinyes\/wp-json\/wp\/v2\/posts\/1053\/revisions"}],"predecessor-version":[{"id":1064,"href":"https:\/\/orvepard.org\/veinspardinyes\/wp-json\/wp\/v2\/posts\/1053\/revisions\/1064"}],"wp:attachment":[{"href":"https:\/\/orvepard.org\/veinspardinyes\/wp-json\/wp\/v2\/media?parent=1053"}],"wp:term":[{"taxonomy":"category","embeddable":true,"href":"https:\/\/orvepard.org\/veinspardinyes\/wp-json\/wp\/v2\/categories?post=1053"},{"taxonomy":"post_tag","embeddable":true,"href":"https:\/\/orvepard.org\/veinspardinyes\/wp-json\/wp\/v2\/tags?post=1053"}],"curies":[{"name":"wp","href":"https:\/\/api.w.org\/{rel}","templated":true}]}}